{"id":15049,"date":"2021-05-26T14:27:10","date_gmt":"2021-05-26T17:27:10","guid":{"rendered":"https:\/\/www.paudalho.pe.gov.br\/portal\/?p=15049"},"modified":"2021-05-26T15:02:42","modified_gmt":"2021-05-26T18:02:42","slug":"saiba-quais-atividades-e-servicos-estao-autorizados-a-funcionar-segundo-o-novo-plano-de-convivencia-com-a-covid-19-do-estado-de-pernambuco","status":"publish","type":"post","link":"https:\/\/www.paudalho.pe.gov.br\/portal\/saiba-quais-atividades-e-servicos-estao-autorizados-a-funcionar-segundo-o-novo-plano-de-convivencia-com-a-covid-19-do-estado-de-pernambuco\/","title":{"rendered":"Saiba quais atividades e servi\u00e7os est\u00e3o autorizados a funcionar segundo o novo Plano de Conviv\u00eancia com a Covid-19 do Estado de Pernambuco"},"content":{"rendered":"\n<p>O Governo do Estado de Pernambuco divulgou na \u00faltima segunda-feira, dia 24 de maio, um novo <strong>Plano de Conviv\u00eancia com a Covid-19<\/strong> com medidas mais restritivas em rela\u00e7\u00e3o a atividades sociais e econ\u00f4micas para as diferentes regi\u00f5es do Estado. Essa a\u00e7\u00e3o foi tomada devido ao aumento alarmante nos n\u00fameros da doen\u00e7a no Estado. O Plano foi institu\u00eddo por meio do Decreto N\u00ba 50.752 e passa a valer a partir desta quarta-feira, dia 26 de maio, com continuidade at\u00e9 o dia 06 de junho. Durante esse per\u00edodo, atividades e servi\u00e7os ter\u00e3o hor\u00e1rio de funcionamento reduzido a depender do setor ao qual fazem parte.\u00a0<\/p>\n\n\n\n<div class=\"wp-block-file\"><a href=\"https:\/\/www.paudalho.pe.gov.br\/portal\/wp-content\/uploads\/2021\/05\/novo-plano-de-flexibilizacao_planilha_25-05-21-1.pdf\"><strong>CONFIRA NA \u00cdNTEGRA O NOVO PLANO DE CONVIV\u00caNCIA COM A COVID-19 DO ESTADO DE PERNAMBUCO<\/strong>.<\/a><a href=\"https:\/\/www.paudalho.pe.gov.br\/portal\/wp-content\/uploads\/2021\/05\/novo-plano-de-flexibilizacao_planilha_25-05-21-1.pdf\" class=\"wp-block-file__button\" download>Baixar<\/a><\/div>\n\n\n\n<p>A mudan\u00e7a no Plano de Conviv\u00eancia com a Covid-19 divide o Estado em tr\u00eas grandes \u00e1reas para definir as restri\u00e7\u00f5es aplicadas. De acordo com o documento, em Paudalho, assim como na Regi\u00e3o Metropolitana do Recife e nas demais cidades da Mata Norte e Mata Sul, as atividades econ\u00f4micas e sociais poder\u00e3o funcionar de segunda a sexta at\u00e9 \u00e0s 20h, com limita\u00e7\u00f5es nos fins de semana. O Plano tamb\u00e9m especifica quais s\u00e3o os servi\u00e7os essenciais que continuar\u00e3o com funcionamento presencial, entre eles est\u00e3o: <strong>farm\u00e1cias, cl\u00ednicas, hospitais, postos de gasolina, \u00f3ticas, transporte coletivo de passageiros, servi\u00e7os de assist\u00eancia social e atendimento \u00e0 popula\u00e7\u00e3o em estado de vulnerabilidade, entre outros. <\/strong><\/p>\n\n\n\n<div class=\"wp-block-file\"><a href=\"https:\/\/www.paudalho.pe.gov.br\/portal\/wp-content\/uploads\/2021\/05\/DEC50272.2021-2.pdf\"><strong>BAIXE O DECRETO N\u00ba 50.752, DE 24 DE MAIO DE 2021, DO GOVERNO DO ESTADO DE PERNAMBUCO, E SAIBA QUAIS S\u00c3O OS DEMAIS ESTABELECIMENTOS E SERVI\u00c7OS AUTORIZADOS A FUNCIONAR DE FORMA PRESENCIAL<\/strong>!<\/a><a href=\"https:\/\/www.paudalho.pe.gov.br\/portal\/wp-content\/uploads\/2021\/05\/DEC50272.2021-2.pdf\" class=\"wp-block-file__button\" download>Baixar<\/a><\/div>\n\n\n\n<p>Ainda segundo o Plano, est\u00e3o vetadas competi\u00e7\u00f5es e pr\u00e1ticas esportivas coletivas, profissionais ou voltadas ao lazer, eventos corporativos, sociais e culturais, parques de divers\u00e3o, polos de confec\u00e7\u00f5es; museus e demais equipamentos culturais. Vale frisar que toda a popula\u00e7\u00e3o deve continuar mantendo as medidas de preven\u00e7\u00e3o do cont\u00e1gio do coronav\u00edrus, como o uso de m\u00e1scaras e \u00e1lcool em gel, a frequente higieniza\u00e7\u00e3o das m\u00e3os com \u00e1gua e sab\u00e3o e o respeito ao distanciamento social.  <\/p>\n\n\n\n<p><\/p>\n","protected":false},"excerpt":{"rendered":"<p>O Governo do Estado de Pernambuco divulgou na \u00faltima segunda-feira, dia 24 de maio, um novo Plano de Conviv\u00eancia com a Covid-19 com medidas mais restritivas em rela\u00e7\u00e3o a atividades sociais e econ\u00f4micas para as diferentes regi\u00f5es do Estado. Essa a\u00e7\u00e3o foi tomada devido ao aumento alarmante nos n\u00fameros da doen\u00e7a no Estado. O Plano [&hellip;]<\/p>\n","protected":false},"author":6,"featured_media":14047,"comment_status":"open","ping_status":"open","sticky":false,"template":"","format":"standard","meta":{"_jetpack_newsletter_access":"","_jetpack_dont_email_post_to_subs":false,"_jetpack_newsletter_tier_id":0,"_jetpack_memberships_contains_paywalled_content":false,"_jetpack_memberships_contains_paid_content":false,"footnotes":""},"categories":[732,2,42,4,1,3],"tags":[711,22,168],"class_list":["post-15049","post","type-post","status-publish","format-standard","has-post-thumbnail","hentry","category-covid-19","category-destaque","category-economia","category-educacao","category-noticias","category-saude","tag-covid19","tag-prefeitura-do-paudalho","tag-secretaria-de-saude"],"jetpack_featured_media_url":"https:\/\/www.paudalho.pe.gov.br\/portal\/wp-content\/uploads\/2021\/02\/paudalhodrone.jpeg","jetpack_sharing_enabled":true,"jetpack_shortlink":"https:\/\/wp.me\/p98mS2-3UJ","_links":{"self":[{"href":"https:\/\/www.paudalho.pe.gov.br\/portal\/wp-json\/wp\/v2\/posts\/15049","targetHints":{"allow":["GET"]}}],"collection":[{"href":"https:\/\/www.paudalho.pe.gov.br\/portal\/wp-json\/wp\/v2\/posts"}],"about":[{"href":"https:\/\/www.paudalho.pe.gov.br\/portal\/wp-json\/wp\/v2\/types\/post"}],"author":[{"embeddable":true,"href":"https:\/\/www.paudalho.pe.gov.br\/portal\/wp-json\/wp\/v2\/users\/6"}],"replies":[{"embeddable":true,"href":"https:\/\/www.paudalho.pe.gov.br\/portal\/wp-json\/wp\/v2\/comments?post=15049"}],"version-history":[{"count":20,"href":"https:\/\/www.paudalho.pe.gov.br\/portal\/wp-json\/wp\/v2\/posts\/15049\/revisions"}],"predecessor-version":[{"id":15071,"href":"https:\/\/www.paudalho.pe.gov.br\/portal\/wp-json\/wp\/v2\/posts\/15049\/revisions\/15071"}],"wp:featuredmedia":[{"embeddable":true,"href":"https:\/\/www.paudalho.pe.gov.br\/portal\/wp-json\/wp\/v2\/media\/14047"}],"wp:attachment":[{"href":"https:\/\/www.paudalho.pe.gov.br\/portal\/wp-json\/wp\/v2\/media?parent=15049"}],"wp:term":[{"taxonomy":"category","embeddable":true,"href":"https:\/\/www.paudalho.pe.gov.br\/portal\/wp-json\/wp\/v2\/categories?post=15049"},{"taxonomy":"post_tag","embeddable":true,"href":"https:\/\/www.paudalho.pe.gov.br\/portal\/wp-json\/wp\/v2\/tags?post=15049"}],"curies":[{"name":"wp","href":"https:\/\/api.w.org\/{rel}","templated":true}]}}