{"id":1497,"date":"2017-10-09T14:13:57","date_gmt":"2017-10-09T17:13:57","guid":{"rendered":"http:\/\/www.paudalho.pe.gov.br\/portal\/?p=1497"},"modified":"2017-10-09T16:26:31","modified_gmt":"2017-10-09T19:26:31","slug":"feliz-por-ver-o-sorriso-da-minha-filha-diz-mae-sobre-menina-cadeirante-que-participou-da-semana-da-crianca","status":"publish","type":"post","link":"https:\/\/www.paudalho.pe.gov.br\/portal\/feliz-por-ver-o-sorriso-da-minha-filha-diz-mae-sobre-menina-cadeirante-que-participou-da-semana-da-crianca\/","title":{"rendered":"\u201cFeliz por ver o sorriso da minha filha\u201d, diz m\u00e3e sobre menina cadeirante que participou da Semana da Crian\u00e7a"},"content":{"rendered":"<p>Centenas de crian\u00e7as participaram da programa\u00e7\u00e3o da Semana da Crian\u00e7a nesta segunda-feira (9), no Parque de Eventos Beira-Rio, centro da cidade. O evento \u00e9 promovido pela Prefeitura do Paudalho por meio da Secretaria de Desenvolvimento e Assist\u00eancia Social, Secretaria de Cultura, Turisml e Esporte e Secretaria de Educa\u00e7\u00e3o. Com parque de divers\u00e3o de gra\u00e7a para estudantes da Rede Municipal de Ensino, pipoca, algod\u00e3o doce, picol\u00e9 e muita recrea\u00e7\u00e3o infantil, os pequeninos se divertiram no primeiro dia da programa\u00e7\u00e3o que segue at\u00e9 esta quinta-feira (12).<\/p>\n<div id=\"attachment_1513\" style=\"width: 310px\" class=\"wp-caption alignnone\"><img loading=\"lazy\" decoding=\"async\" aria-describedby=\"caption-attachment-1513\" data-attachment-id=\"1513\" data-permalink=\"https:\/\/www.paudalho.pe.gov.br\/portal\/feliz-por-ver-o-sorriso-da-minha-filha-diz-mae-sobre-menina-cadeirante-que-participou-da-semana-da-crianca\/abfb3611-7195-4e17-b4a4-2602137d6fdb\/\" data-orig-file=\"https:\/\/www.paudalho.pe.gov.br\/portal\/wp-content\/uploads\/2017\/10\/abfb3611-7195-4e17-b4a4-2602137d6fdb.jpg\" data-orig-size=\"1040,780\" data-comments-opened=\"1\" data-image-meta=\"{&quot;aperture&quot;:&quot;0&quot;,&quot;credit&quot;:&quot;&quot;,&quot;camera&quot;:&quot;&quot;,&quot;caption&quot;:&quot;&quot;,&quot;created_timestamp&quot;:&quot;0&quot;,&quot;copyright&quot;:&quot;&quot;,&quot;focal_length&quot;:&quot;0&quot;,&quot;iso&quot;:&quot;0&quot;,&quot;shutter_speed&quot;:&quot;0&quot;,&quot;title&quot;:&quot;&quot;,&quot;orientation&quot;:&quot;0&quot;}\" data-image-title=\"abfb3611-7195-4e17-b4a4-2602137d6fdb\" data-image-description=\"\" data-image-caption=\"&lt;p&gt;Foto: Thales K\u00edrion\/Comunica\u00e7\u00e3oPrefeituradoPaudalho&lt;\/p&gt;\n\" data-medium-file=\"https:\/\/www.paudalho.pe.gov.br\/portal\/wp-content\/uploads\/2017\/10\/abfb3611-7195-4e17-b4a4-2602137d6fdb-350x230.jpg\" data-large-file=\"https:\/\/www.paudalho.pe.gov.br\/portal\/wp-content\/uploads\/2017\/10\/abfb3611-7195-4e17-b4a4-2602137d6fdb-800x450.jpg\" class=\"size-medium wp-image-1513\" src=\"http:\/\/www.paudalho.pe.gov.br\/portal\/wp-content\/uploads\/2017\/10\/abfb3611-7195-4e17-b4a4-2602137d6fdb-350x230.jpg\" alt=\"\" width=\"300\" height=\"197\" \/><p id=\"caption-attachment-1513\" class=\"wp-caption-text\">Foto: Thales K\u00edrion\/Comunica\u00e7\u00e3oPrefeituradoPaudalho<\/p><\/div>\n<div id=\"attachment_1511\" style=\"width: 310px\" class=\"wp-caption alignnone\"><img loading=\"lazy\" decoding=\"async\" aria-describedby=\"caption-attachment-1511\" data-attachment-id=\"1511\" data-permalink=\"https:\/\/www.paudalho.pe.gov.br\/portal\/feliz-por-ver-o-sorriso-da-minha-filha-diz-mae-sobre-menina-cadeirante-que-participou-da-semana-da-crianca\/4b988175-d591-4f99-887c-ecbee8587510\/\" data-orig-file=\"https:\/\/www.paudalho.pe.gov.br\/portal\/wp-content\/uploads\/2017\/10\/4b988175-d591-4f99-887c-ecbee8587510.jpg\" data-orig-size=\"1040,780\" data-comments-opened=\"1\" data-image-meta=\"{&quot;aperture&quot;:&quot;0&quot;,&quot;credit&quot;:&quot;&quot;,&quot;camera&quot;:&quot;&quot;,&quot;caption&quot;:&quot;&quot;,&quot;created_timestamp&quot;:&quot;0&quot;,&quot;copyright&quot;:&quot;&quot;,&quot;focal_length&quot;:&quot;0&quot;,&quot;iso&quot;:&quot;0&quot;,&quot;shutter_speed&quot;:&quot;0&quot;,&quot;title&quot;:&quot;&quot;,&quot;orientation&quot;:&quot;0&quot;}\" data-image-title=\"4b988175-d591-4f99-887c-ecbee8587510\" data-image-description=\"\" data-image-caption=\"&lt;p&gt;Foto: Thales K\u00edrion\/Comunica\u00e7\u00e3oPrefeituradoPaudalho&lt;\/p&gt;\n\" data-medium-file=\"https:\/\/www.paudalho.pe.gov.br\/portal\/wp-content\/uploads\/2017\/10\/4b988175-d591-4f99-887c-ecbee8587510-350x230.jpg\" data-large-file=\"https:\/\/www.paudalho.pe.gov.br\/portal\/wp-content\/uploads\/2017\/10\/4b988175-d591-4f99-887c-ecbee8587510-800x450.jpg\" class=\"size-medium wp-image-1511\" src=\"http:\/\/www.paudalho.pe.gov.br\/portal\/wp-content\/uploads\/2017\/10\/4b988175-d591-4f99-887c-ecbee8587510-350x230.jpg\" alt=\"\" width=\"300\" height=\"197\" \/><p id=\"caption-attachment-1511\" class=\"wp-caption-text\">Foto: Thales K\u00edrion\/Comunica\u00e7\u00e3oPrefeituradoPaudalho<\/p><\/div>\n<div id=\"attachment_1507\" style=\"width: 310px\" class=\"wp-caption alignnone\"><img loading=\"lazy\" decoding=\"async\" aria-describedby=\"caption-attachment-1507\" data-attachment-id=\"1507\" data-permalink=\"https:\/\/www.paudalho.pe.gov.br\/portal\/feliz-por-ver-o-sorriso-da-minha-filha-diz-mae-sobre-menina-cadeirante-que-participou-da-semana-da-crianca\/2c2a08d5-d497-4517-bccb-bde538ef286a\/\" data-orig-file=\"https:\/\/www.paudalho.pe.gov.br\/portal\/wp-content\/uploads\/2017\/10\/2c2a08d5-d497-4517-bccb-bde538ef286a.jpg\" data-orig-size=\"1040,780\" data-comments-opened=\"1\" data-image-meta=\"{&quot;aperture&quot;:&quot;0&quot;,&quot;credit&quot;:&quot;&quot;,&quot;camera&quot;:&quot;&quot;,&quot;caption&quot;:&quot;&quot;,&quot;created_timestamp&quot;:&quot;0&quot;,&quot;copyright&quot;:&quot;&quot;,&quot;focal_length&quot;:&quot;0&quot;,&quot;iso&quot;:&quot;0&quot;,&quot;shutter_speed&quot;:&quot;0&quot;,&quot;title&quot;:&quot;&quot;,&quot;orientation&quot;:&quot;0&quot;}\" data-image-title=\"2c2a08d5-d497-4517-bccb-bde538ef286a\" data-image-description=\"\" data-image-caption=\"&lt;p&gt;Foto: Thales K\u00edrion\/Comunica\u00e7\u00e3oPrefeituradoPaudalho&lt;\/p&gt;\n\" data-medium-file=\"https:\/\/www.paudalho.pe.gov.br\/portal\/wp-content\/uploads\/2017\/10\/2c2a08d5-d497-4517-bccb-bde538ef286a-350x230.jpg\" data-large-file=\"https:\/\/www.paudalho.pe.gov.br\/portal\/wp-content\/uploads\/2017\/10\/2c2a08d5-d497-4517-bccb-bde538ef286a-800x450.jpg\" class=\"size-medium wp-image-1507\" src=\"http:\/\/www.paudalho.pe.gov.br\/portal\/wp-content\/uploads\/2017\/10\/2c2a08d5-d497-4517-bccb-bde538ef286a-350x230.jpg\" alt=\"\" width=\"300\" height=\"197\" \/><p id=\"caption-attachment-1507\" class=\"wp-caption-text\">Foto: Thales K\u00edrion\/Comunica\u00e7\u00e3oPrefeituradoPaudalho<\/p><\/div>\n<div id=\"attachment_1506\" style=\"width: 310px\" class=\"wp-caption alignnone\"><img loading=\"lazy\" decoding=\"async\" aria-describedby=\"caption-attachment-1506\" data-attachment-id=\"1506\" data-permalink=\"https:\/\/www.paudalho.pe.gov.br\/portal\/feliz-por-ver-o-sorriso-da-minha-filha-diz-mae-sobre-menina-cadeirante-que-participou-da-semana-da-crianca\/essa-7-2\/\" data-orig-file=\"https:\/\/www.paudalho.pe.gov.br\/portal\/wp-content\/uploads\/2017\/10\/essa-7-1.jpg\" data-orig-size=\"1024,683\" data-comments-opened=\"1\" data-image-meta=\"{&quot;aperture&quot;:&quot;0&quot;,&quot;credit&quot;:&quot;&quot;,&quot;camera&quot;:&quot;&quot;,&quot;caption&quot;:&quot;&quot;,&quot;created_timestamp&quot;:&quot;0&quot;,&quot;copyright&quot;:&quot;&quot;,&quot;focal_length&quot;:&quot;0&quot;,&quot;iso&quot;:&quot;0&quot;,&quot;shutter_speed&quot;:&quot;0&quot;,&quot;title&quot;:&quot;&quot;,&quot;orientation&quot;:&quot;0&quot;}\" data-image-title=\"essa 7\" data-image-description=\"\" data-image-caption=\"\" data-medium-file=\"https:\/\/www.paudalho.pe.gov.br\/portal\/wp-content\/uploads\/2017\/10\/essa-7-1-350x230.jpg\" data-large-file=\"https:\/\/www.paudalho.pe.gov.br\/portal\/wp-content\/uploads\/2017\/10\/essa-7-1-800x450.jpg\" class=\"size-medium wp-image-1506\" src=\"http:\/\/www.paudalho.pe.gov.br\/portal\/wp-content\/uploads\/2017\/10\/essa-7-1-350x230.jpg\" alt=\"\" width=\"300\" height=\"197\" \/><p id=\"caption-attachment-1506\" class=\"wp-caption-text\">Foto: Isak de Castro\/Comunica\u00e7\u00e3oPrefeituradePaudalho<\/p><\/div>\n<p>&nbsp;<\/p>\n<div id=\"attachment_1501\" style=\"width: 310px\" class=\"wp-caption alignnone\"><img loading=\"lazy\" decoding=\"async\" aria-describedby=\"caption-attachment-1501\" data-attachment-id=\"1501\" data-permalink=\"https:\/\/www.paudalho.pe.gov.br\/portal\/feliz-por-ver-o-sorriso-da-minha-filha-diz-mae-sobre-menina-cadeirante-que-participou-da-semana-da-crianca\/essa-5\/\" data-orig-file=\"https:\/\/www.paudalho.pe.gov.br\/portal\/wp-content\/uploads\/2017\/10\/essa-5.jpg\" data-orig-size=\"1024,683\" data-comments-opened=\"1\" data-image-meta=\"{&quot;aperture&quot;:&quot;0&quot;,&quot;credit&quot;:&quot;&quot;,&quot;camera&quot;:&quot;&quot;,&quot;caption&quot;:&quot;&quot;,&quot;created_timestamp&quot;:&quot;0&quot;,&quot;copyright&quot;:&quot;&quot;,&quot;focal_length&quot;:&quot;0&quot;,&quot;iso&quot;:&quot;0&quot;,&quot;shutter_speed&quot;:&quot;0&quot;,&quot;title&quot;:&quot;&quot;,&quot;orientation&quot;:&quot;0&quot;}\" data-image-title=\"essa 5\" data-image-description=\"\" data-image-caption=\"&lt;p&gt;Foto: Isak de Castro\/Comunica\u00e7\u00e3oPrefeituradePaudalho&lt;\/p&gt;\n\" data-medium-file=\"https:\/\/www.paudalho.pe.gov.br\/portal\/wp-content\/uploads\/2017\/10\/essa-5-350x230.jpg\" data-large-file=\"https:\/\/www.paudalho.pe.gov.br\/portal\/wp-content\/uploads\/2017\/10\/essa-5-800x450.jpg\" class=\"size-medium wp-image-1501\" src=\"http:\/\/www.paudalho.pe.gov.br\/portal\/wp-content\/uploads\/2017\/10\/essa-5-350x230.jpg\" alt=\"\" width=\"300\" height=\"197\" \/><p id=\"caption-attachment-1501\" class=\"wp-caption-text\">Foto: Isak de Castro\/Comunica\u00e7\u00e3oPrefeituradePaudalho<\/p><\/div>\n<div id=\"attachment_1502\" style=\"width: 310px\" class=\"wp-caption alignnone\"><img loading=\"lazy\" decoding=\"async\" aria-describedby=\"caption-attachment-1502\" data-attachment-id=\"1502\" data-permalink=\"https:\/\/www.paudalho.pe.gov.br\/portal\/feliz-por-ver-o-sorriso-da-minha-filha-diz-mae-sobre-menina-cadeirante-que-participou-da-semana-da-crianca\/essa-6\/\" data-orig-file=\"https:\/\/www.paudalho.pe.gov.br\/portal\/wp-content\/uploads\/2017\/10\/essa-6.jpg\" data-orig-size=\"1024,683\" data-comments-opened=\"1\" data-image-meta=\"{&quot;aperture&quot;:&quot;0&quot;,&quot;credit&quot;:&quot;&quot;,&quot;camera&quot;:&quot;&quot;,&quot;caption&quot;:&quot;&quot;,&quot;created_timestamp&quot;:&quot;0&quot;,&quot;copyright&quot;:&quot;&quot;,&quot;focal_length&quot;:&quot;0&quot;,&quot;iso&quot;:&quot;0&quot;,&quot;shutter_speed&quot;:&quot;0&quot;,&quot;title&quot;:&quot;&quot;,&quot;orientation&quot;:&quot;0&quot;}\" data-image-title=\"essa 6\" data-image-description=\"\" data-image-caption=\"&lt;p&gt;Foto: Isak de Castro\/Comunica\u00e7\u00e3oPrefeituradePaudalho&lt;\/p&gt;\n\" data-medium-file=\"https:\/\/www.paudalho.pe.gov.br\/portal\/wp-content\/uploads\/2017\/10\/essa-6-350x230.jpg\" data-large-file=\"https:\/\/www.paudalho.pe.gov.br\/portal\/wp-content\/uploads\/2017\/10\/essa-6-800x450.jpg\" class=\"size-medium wp-image-1502\" src=\"http:\/\/www.paudalho.pe.gov.br\/portal\/wp-content\/uploads\/2017\/10\/essa-6-350x230.jpg\" alt=\"\" width=\"300\" height=\"197\" \/><p id=\"caption-attachment-1502\" class=\"wp-caption-text\">Foto: Isak de Castro\/Comunica\u00e7\u00e3oPrefeituradePaudalho<\/p><\/div>\n<p>O evento foi inclusivo: Widimila Carla \u00e9 m\u00e3e da pequena Thaissa Evelyn, de 11 anos, que \u00e9 cadeirante e participou da programa\u00e7\u00e3o. Feliz, a m\u00e3e da garota comentou: \u201cA gente veio de \u00f4nibus escolar, foi bom ter trazido ela, pelo menos ela se diverte junto com as crian\u00e7as&#8230;\u00c9 muito importante porque uma tem dificuldade na cadeira de roda outra tem uma muleta e n\u00e3o \u00e9 por isso que tem que ficar em casa exclu\u00eddo n\u00e3o, elas tamb\u00e9m s\u00e3o crian\u00e7as e tem todo o direito de se divertir&#8221;.<\/p>\n<div id=\"attachment_1504\" style=\"width: 310px\" class=\"wp-caption alignnone\"><img loading=\"lazy\" decoding=\"async\" aria-describedby=\"caption-attachment-1504\" data-attachment-id=\"1504\" data-permalink=\"https:\/\/www.paudalho.pe.gov.br\/portal\/feliz-por-ver-o-sorriso-da-minha-filha-diz-mae-sobre-menina-cadeirante-que-participou-da-semana-da-crianca\/essa-menina\/\" data-orig-file=\"https:\/\/www.paudalho.pe.gov.br\/portal\/wp-content\/uploads\/2017\/10\/essa-menina.jpg\" data-orig-size=\"1024,683\" data-comments-opened=\"1\" data-image-meta=\"{&quot;aperture&quot;:&quot;0&quot;,&quot;credit&quot;:&quot;&quot;,&quot;camera&quot;:&quot;&quot;,&quot;caption&quot;:&quot;&quot;,&quot;created_timestamp&quot;:&quot;0&quot;,&quot;copyright&quot;:&quot;&quot;,&quot;focal_length&quot;:&quot;0&quot;,&quot;iso&quot;:&quot;0&quot;,&quot;shutter_speed&quot;:&quot;0&quot;,&quot;title&quot;:&quot;&quot;,&quot;orientation&quot;:&quot;0&quot;}\" data-image-title=\"essa menina\" data-image-description=\"\" data-image-caption=\"&lt;p&gt;Foto: Isak de Castro\/Comunica\u00e7\u00e3oPrefeituradePaudalho&lt;\/p&gt;\n\" data-medium-file=\"https:\/\/www.paudalho.pe.gov.br\/portal\/wp-content\/uploads\/2017\/10\/essa-menina-350x230.jpg\" data-large-file=\"https:\/\/www.paudalho.pe.gov.br\/portal\/wp-content\/uploads\/2017\/10\/essa-menina-800x450.jpg\" class=\"size-medium wp-image-1504\" src=\"http:\/\/www.paudalho.pe.gov.br\/portal\/wp-content\/uploads\/2017\/10\/essa-menina-350x230.jpg\" alt=\"\" width=\"300\" height=\"197\" \/><p id=\"caption-attachment-1504\" class=\"wp-caption-text\">Foto: Isak de Castro\/Comunica\u00e7\u00e3oPrefeituradePaudalho<\/p><\/div>\n<p>O secret\u00e1rio de Educa\u00e7\u00e3o Ednaldo Ernesto agradeceu as professores e gestores pelo apoio \u00e0 a\u00e7\u00e3o. \u201cA import\u00e2ncia \u00e9 fundamental das gestoras e professoras das unidades escolares que est\u00e3o com a grande responsabilidade em deslocar seus alunos at\u00e9 o Parque de Eventos, tomar conta e devolve-los \u00edntegros \u00e0s suas fam\u00edlias, n\u00e3o somente \u00edntegros, mas tamb\u00e9m felizes&#8230; \u00c9 atrav\u00e9s de um evento como esse que se transmite a alegria\u201d, comentou.<\/p>\n<p><strong>Confira o v\u00eddeo com as crian\u00e7as se divertindo:<\/strong><\/p>\n<div style=\"width: 640px;\" class=\"wp-video\"><!--[if lt IE 9]><script>document.createElement('video');<\/script><![endif]-->\n<video class=\"wp-video-shortcode\" id=\"video-1497-1\" width=\"640\" height=\"352\" preload=\"metadata\" controls=\"controls\"><source type=\"video\/mp4\" src=\"http:\/\/www.paudalho.pe.gov.br\/portal\/wp-content\/uploads\/2017\/10\/WhatsApp-Video-2017-10-09-at-11.51.10.mp4?_=1\" \/><a href=\"http:\/\/www.paudalho.pe.gov.br\/portal\/wp-content\/uploads\/2017\/10\/WhatsApp-Video-2017-10-09-at-11.51.10.mp4\">http:\/\/www.paudalho.pe.gov.br\/portal\/wp-content\/uploads\/2017\/10\/WhatsApp-Video-2017-10-09-at-11.51.10.mp4<\/a><\/video><\/div>\n<p><strong>O prefeito Marcelo Gouveia tamb\u00e9m se divertiu com a crian\u00e7ada:<\/strong><\/p>\n<div style=\"width: 640px;\" class=\"wp-video\"><video class=\"wp-video-shortcode\" id=\"video-1497-2\" width=\"640\" height=\"352\" preload=\"metadata\" controls=\"controls\"><source type=\"video\/mp4\" src=\"http:\/\/www.paudalho.pe.gov.br\/portal\/wp-content\/uploads\/2017\/10\/prefeito.mp4?_=2\" \/><a href=\"http:\/\/www.paudalho.pe.gov.br\/portal\/wp-content\/uploads\/2017\/10\/prefeito.mp4\">http:\/\/www.paudalho.pe.gov.br\/portal\/wp-content\/uploads\/2017\/10\/prefeito.mp4<\/a><\/video><\/div>\n<p>&nbsp;<\/p>\n<h2><strong>Dia das Crian\u00e7as<\/strong><\/h2>\n<p>A data \u00e9 comemorada anualmente no dia 12 de outubro no Brasil. Nela, s\u00e3o celebrados os direitos das crian\u00e7as e adolescentes, ajudando a conscientizar as pessoas sobre cuidados necess\u00e1rios durante a inf\u00e2ncia. A Prefeitura do Paudalho segue no comprometimento de promover o bem-estar dos pequeninos, sabendo que \u00e9 deles que vem o futuro.<\/p>\n","protected":false},"excerpt":{"rendered":"<p>Centenas de crian\u00e7as participaram da programa\u00e7\u00e3o da Semana da Crian\u00e7a nesta segunda-feira (9), no Parque de Eventos Beira-Rio, centro da cidade. O evento \u00e9 promovido pela Prefeitura do Paudalho por meio da Secretaria de Desenvolvimento e Assist\u00eancia Social, Secretaria de Cultura, Turisml e Esporte e Secretaria de Educa\u00e7\u00e3o. Com parque de divers\u00e3o de gra\u00e7a para [&hellip;]<\/p>\n","protected":false},"author":4,"featured_media":1499,"comment_status":"open","ping_status":"open","sticky":false,"template":"","format":"standard","meta":{"_jetpack_newsletter_access":"","_jetpack_dont_email_post_to_subs":false,"_jetpack_newsletter_tier_id":0,"_jetpack_memberships_contains_paywalled_content":false,"_jetpack_memberships_contains_paid_content":false,"footnotes":""},"categories":[2,1],"tags":[160,22,163],"class_list":["post-1497","post","type-post","status-publish","format-standard","has-post-thumbnail","hentry","category-destaque","category-noticias","tag-dia-das-criancas","tag-prefeitura-do-paudalho","tag-semana-da-crianca"],"jetpack_featured_media_url":"https:\/\/www.paudalho.pe.gov.br\/portal\/wp-content\/uploads\/2017\/10\/0293b4aa-850d-4aed-83e7-df23cee541d5-1.jpg","jetpack_sharing_enabled":true,"jetpack_shortlink":"https:\/\/wp.me\/p98mS2-o9","_links":{"self":[{"href":"https:\/\/www.paudalho.pe.gov.br\/portal\/wp-json\/wp\/v2\/posts\/1497","targetHints":{"allow":["GET"]}}],"collection":[{"href":"https:\/\/www.paudalho.pe.gov.br\/portal\/wp-json\/wp\/v2\/posts"}],"about":[{"href":"https:\/\/www.paudalho.pe.gov.br\/portal\/wp-json\/wp\/v2\/types\/post"}],"author":[{"embeddable":true,"href":"https:\/\/www.paudalho.pe.gov.br\/portal\/wp-json\/wp\/v2\/users\/4"}],"replies":[{"embeddable":true,"href":"https:\/\/www.paudalho.pe.gov.br\/portal\/wp-json\/wp\/v2\/comments?post=1497"}],"version-history":[{"count":6,"href":"https:\/\/www.paudalho.pe.gov.br\/portal\/wp-json\/wp\/v2\/posts\/1497\/revisions"}],"predecessor-version":[{"id":1515,"href":"https:\/\/www.paudalho.pe.gov.br\/portal\/wp-json\/wp\/v2\/posts\/1497\/revisions\/1515"}],"wp:featuredmedia":[{"embeddable":true,"href":"https:\/\/www.paudalho.pe.gov.br\/portal\/wp-json\/wp\/v2\/media\/1499"}],"wp:attachment":[{"href":"https:\/\/www.paudalho.pe.gov.br\/portal\/wp-json\/wp\/v2\/media?parent=1497"}],"wp:term":[{"taxonomy":"category","embeddable":true,"href":"https:\/\/www.paudalho.pe.gov.br\/portal\/wp-json\/wp\/v2\/categories?post=1497"},{"taxonomy":"post_tag","embeddable":true,"href":"https:\/\/www.paudalho.pe.gov.br\/portal\/wp-json\/wp\/v2\/tags?post=1497"}],"curies":[{"name":"wp","href":"https:\/\/api.w.org\/{rel}","templated":true}]}}