{"id":14920,"date":"2021-05-17T13:43:05","date_gmt":"2021-05-17T16:43:05","guid":{"rendered":"https:\/\/www.paudalho.pe.gov.br\/portal\/?p=14920"},"modified":"2021-05-17T13:59:05","modified_gmt":"2021-05-17T16:59:05","slug":"prefeitura-do-paudalho-convoca-beneficiarios-no-cadastro-reserva-do-programa-minha-casa-minha-vida","status":"publish","type":"post","link":"https:\/\/www.paudalho.pe.gov.br\/portal\/prefeitura-do-paudalho-convoca-beneficiarios-no-cadastro-reserva-do-programa-minha-casa-minha-vida\/","title":{"rendered":"Prefeitura do Paudalho convoca benefici\u00e1rios no cadastro reserva do Programa Minha Casa Minha Vida"},"content":{"rendered":"\n<p>Nesta segunda-feira (17), a Prefeitura do Paudalho, atrav\u00e9s da Secretaria de Desenvolvimento e Assist\u00eancia Social (SEDAS), divulga a convoca\u00e7\u00e3o de seis benefici\u00e1rios no cadastro reversa do Programa Habitacional Minha Casa Minha Vida. A a\u00e7\u00e3o obedece os crit\u00e9rios estabelecidos nos editais de Chamamento P\u00fablico N\u00ba 001\/2019 e N\u00ba 002\/2019. <\/p>\n\n\n\n<p>No total, ser\u00e3o chamados dois contemplados na lista do empreendimento Residencial Guadalajara I e quatro do Residencial Guadalajara II. Os benefici\u00e1rios citados na Convoca\u00e7\u00e3o N\u00ba 001\/2021 dever\u00e3o se apresentar na sede da SEDAS, localizada pr\u00f3xima a Pra\u00e7a de Santa Tereza, at\u00e9 <strong>quinta-feira<\/strong>, dia <strong>20 de maio<\/strong>.<\/p>\n\n\n\n<div class=\"wp-block-file\"><a href=\"https:\/\/www.paudalho.pe.gov.br\/portal\/wp-content\/uploads\/2021\/05\/Convocacao-cadastro-reserva-001-2021.pdf\"><strong>BAIXE AQUI A CONVOCA\u00c7\u00c3O N\u00ba 001\/2021<\/strong><\/a><a href=\"https:\/\/www.paudalho.pe.gov.br\/portal\/wp-content\/uploads\/2021\/05\/Convocacao-cadastro-reserva-001-2021.pdf\" class=\"wp-block-file__button\" download>Baixar<\/a><\/div>\n","protected":false},"excerpt":{"rendered":"<p>Nesta segunda-feira (17), a Prefeitura do Paudalho, atrav\u00e9s da Secretaria de Desenvolvimento e Assist\u00eancia Social (SEDAS), divulga a convoca\u00e7\u00e3o de seis benefici\u00e1rios no cadastro reversa do Programa Habitacional Minha Casa Minha Vida. A a\u00e7\u00e3o obedece os crit\u00e9rios estabelecidos nos editais de Chamamento P\u00fablico N\u00ba 001\/2019 e N\u00ba 002\/2019. No total, ser\u00e3o chamados dois contemplados na [&hellip;]<\/p>\n","protected":false},"author":6,"featured_media":14317,"comment_status":"open","ping_status":"open","sticky":false,"template":"","format":"standard","meta":{"_jetpack_newsletter_access":"","_jetpack_dont_email_post_to_subs":false,"_jetpack_newsletter_tier_id":0,"_jetpack_memberships_contains_paywalled_content":false,"_jetpack_memberships_contains_paid_content":false,"footnotes":""},"categories":[32,2,592,1,588],"tags":[129,22,578],"class_list":["post-14920","post","type-post","status-publish","format-standard","has-post-thumbnail","hentry","category-comunicado","category-destaque","category-minha-casa-minha-vida","category-noticias","category-projetos-e-programas","tag-minha-casa-minha-vida","tag-prefeitura-do-paudalho","tag-sedas"],"jetpack_featured_media_url":"https:\/\/www.paudalho.pe.gov.br\/portal\/wp-content\/uploads\/2021\/03\/WhatsApp-Image-2021-03-18-at-08.33.58.jpeg","jetpack_sharing_enabled":true,"jetpack_shortlink":"https:\/\/wp.me\/p98mS2-3SE","_links":{"self":[{"href":"https:\/\/www.paudalho.pe.gov.br\/portal\/wp-json\/wp\/v2\/posts\/14920","targetHints":{"allow":["GET"]}}],"collection":[{"href":"https:\/\/www.paudalho.pe.gov.br\/portal\/wp-json\/wp\/v2\/posts"}],"about":[{"href":"https:\/\/www.paudalho.pe.gov.br\/portal\/wp-json\/wp\/v2\/types\/post"}],"author":[{"embeddable":true,"href":"https:\/\/www.paudalho.pe.gov.br\/portal\/wp-json\/wp\/v2\/users\/6"}],"replies":[{"embeddable":true,"href":"https:\/\/www.paudalho.pe.gov.br\/portal\/wp-json\/wp\/v2\/comments?post=14920"}],"version-history":[{"count":5,"href":"https:\/\/www.paudalho.pe.gov.br\/portal\/wp-json\/wp\/v2\/posts\/14920\/revisions"}],"predecessor-version":[{"id":14927,"href":"https:\/\/www.paudalho.pe.gov.br\/portal\/wp-json\/wp\/v2\/posts\/14920\/revisions\/14927"}],"wp:featuredmedia":[{"embeddable":true,"href":"https:\/\/www.paudalho.pe.gov.br\/portal\/wp-json\/wp\/v2\/media\/14317"}],"wp:attachment":[{"href":"https:\/\/www.paudalho.pe.gov.br\/portal\/wp-json\/wp\/v2\/media?parent=14920"}],"wp:term":[{"taxonomy":"category","embeddable":true,"href":"https:\/\/www.paudalho.pe.gov.br\/portal\/wp-json\/wp\/v2\/categories?post=14920"},{"taxonomy":"post_tag","embeddable":true,"href":"https:\/\/www.paudalho.pe.gov.br\/portal\/wp-json\/wp\/v2\/tags?post=14920"}],"curies":[{"name":"wp","href":"https:\/\/api.w.org\/{rel}","templated":true}]}}