{"id":1476,"date":"2017-10-09T12:22:05","date_gmt":"2017-10-09T15:22:05","guid":{"rendered":"http:\/\/www.paudalho.pe.gov.br\/portal\/?p=1476"},"modified":"2017-10-09T16:27:50","modified_gmt":"2017-10-09T19:27:50","slug":"com-programacao-nunca-vista-prefeitura-do-paudalho-inicia-semana-da-crianca-com-parque-de-diversao","status":"publish","type":"post","link":"https:\/\/www.paudalho.pe.gov.br\/portal\/com-programacao-nunca-vista-prefeitura-do-paudalho-inicia-semana-da-crianca-com-parque-de-diversao\/","title":{"rendered":"Com programa\u00e7\u00e3o nunca vista, Prefeitura do Paudalho inicia Semana da Crian\u00e7a com parque de divers\u00e3o"},"content":{"rendered":"<p>E a alegria tomou conta do Parque de Eventos Beira-Rio, no centro da cidade, nesta segunda-feira (9) no in\u00edcio da Semana da Crian\u00e7a. Com uma programa\u00e7\u00e3o nunca vista, a Prefeitura do Paudalho por meio da Secretaria de Desenvolvimento e Assist\u00eancia Social, Secretaria de Cultura, Turismo e Esporte e Secretaria de Educa\u00e7\u00e3o, disponibilizou um parque de divers\u00e3o totalmente gratuito para os alunos da Rede Municipal de Ensino.<\/p>\n<div id=\"attachment_1481\" style=\"width: 310px\" class=\"wp-caption alignnone\"><img loading=\"lazy\" decoding=\"async\" aria-describedby=\"caption-attachment-1481\" data-attachment-id=\"1481\" data-permalink=\"https:\/\/www.paudalho.pe.gov.br\/portal\/com-programacao-nunca-vista-prefeitura-do-paudalho-inicia-semana-da-crianca-com-parque-de-diversao\/e87637f0-ccb5-4294-aef4-0c4da4be8ce6\/\" data-orig-file=\"https:\/\/www.paudalho.pe.gov.br\/portal\/wp-content\/uploads\/2017\/10\/e87637f0-ccb5-4294-aef4-0c4da4be8ce6.jpg\" data-orig-size=\"1032,581\" data-comments-opened=\"1\" data-image-meta=\"{&quot;aperture&quot;:&quot;0&quot;,&quot;credit&quot;:&quot;&quot;,&quot;camera&quot;:&quot;&quot;,&quot;caption&quot;:&quot;&quot;,&quot;created_timestamp&quot;:&quot;0&quot;,&quot;copyright&quot;:&quot;&quot;,&quot;focal_length&quot;:&quot;0&quot;,&quot;iso&quot;:&quot;0&quot;,&quot;shutter_speed&quot;:&quot;0&quot;,&quot;title&quot;:&quot;&quot;,&quot;orientation&quot;:&quot;0&quot;}\" data-image-title=\"e87637f0-ccb5-4294-aef4-0c4da4be8ce6\" data-image-description=\"\" data-image-caption=\"&lt;p&gt;Foto: Kyrlle Lima\/Comunica\u00e7\u00e3oPrefeitutradoPaudalho&lt;\/p&gt;\n\" data-medium-file=\"https:\/\/www.paudalho.pe.gov.br\/portal\/wp-content\/uploads\/2017\/10\/e87637f0-ccb5-4294-aef4-0c4da4be8ce6-350x230.jpg\" data-large-file=\"https:\/\/www.paudalho.pe.gov.br\/portal\/wp-content\/uploads\/2017\/10\/e87637f0-ccb5-4294-aef4-0c4da4be8ce6-800x450.jpg\" class=\"size-medium wp-image-1481\" src=\"http:\/\/www.paudalho.pe.gov.br\/portal\/wp-content\/uploads\/2017\/10\/e87637f0-ccb5-4294-aef4-0c4da4be8ce6-350x230.jpg\" alt=\"\" width=\"300\" height=\"197\" \/><p id=\"caption-attachment-1481\" class=\"wp-caption-text\">Foto: Kyrlle Lima\/Comunica\u00e7\u00e3oPrefeitutradoPaudalho<\/p><\/div>\n<div id=\"attachment_1488\" style=\"width: 310px\" class=\"wp-caption alignnone\"><img loading=\"lazy\" decoding=\"async\" aria-describedby=\"caption-attachment-1488\" data-attachment-id=\"1488\" data-permalink=\"https:\/\/www.paudalho.pe.gov.br\/portal\/com-programacao-nunca-vista-prefeitura-do-paudalho-inicia-semana-da-crianca-com-parque-de-diversao\/esse-2\/\" data-orig-file=\"https:\/\/www.paudalho.pe.gov.br\/portal\/wp-content\/uploads\/2017\/10\/esse-2.jpg\" data-orig-size=\"1024,683\" data-comments-opened=\"1\" data-image-meta=\"{&quot;aperture&quot;:&quot;0&quot;,&quot;credit&quot;:&quot;&quot;,&quot;camera&quot;:&quot;&quot;,&quot;caption&quot;:&quot;&quot;,&quot;created_timestamp&quot;:&quot;0&quot;,&quot;copyright&quot;:&quot;&quot;,&quot;focal_length&quot;:&quot;0&quot;,&quot;iso&quot;:&quot;0&quot;,&quot;shutter_speed&quot;:&quot;0&quot;,&quot;title&quot;:&quot;&quot;,&quot;orientation&quot;:&quot;0&quot;}\" data-image-title=\"esse 2\" data-image-description=\"\" data-image-caption=\"&lt;p&gt;Foto: Isak de Castro\/Comunica\u00e7\u00e3oPrefeituradePaudalho&lt;\/p&gt;\n\" data-medium-file=\"https:\/\/www.paudalho.pe.gov.br\/portal\/wp-content\/uploads\/2017\/10\/esse-2-350x230.jpg\" data-large-file=\"https:\/\/www.paudalho.pe.gov.br\/portal\/wp-content\/uploads\/2017\/10\/esse-2-800x450.jpg\" class=\"size-medium wp-image-1488\" src=\"http:\/\/www.paudalho.pe.gov.br\/portal\/wp-content\/uploads\/2017\/10\/esse-2-350x230.jpg\" alt=\"\" width=\"300\" height=\"197\" \/><p id=\"caption-attachment-1488\" class=\"wp-caption-text\">Foto: Isak de Castro\/Comunica\u00e7\u00e3oPrefeituradePaudalho<\/p><\/div>\n<div id=\"attachment_1489\" style=\"width: 310px\" class=\"wp-caption alignnone\"><img loading=\"lazy\" decoding=\"async\" aria-describedby=\"caption-attachment-1489\" data-attachment-id=\"1489\" data-permalink=\"https:\/\/www.paudalho.pe.gov.br\/portal\/com-programacao-nunca-vista-prefeitura-do-paudalho-inicia-semana-da-crianca-com-parque-de-diversao\/essa-3\/\" data-orig-file=\"https:\/\/www.paudalho.pe.gov.br\/portal\/wp-content\/uploads\/2017\/10\/essa-3.jpg\" data-orig-size=\"1024,683\" data-comments-opened=\"1\" data-image-meta=\"{&quot;aperture&quot;:&quot;0&quot;,&quot;credit&quot;:&quot;&quot;,&quot;camera&quot;:&quot;&quot;,&quot;caption&quot;:&quot;&quot;,&quot;created_timestamp&quot;:&quot;0&quot;,&quot;copyright&quot;:&quot;&quot;,&quot;focal_length&quot;:&quot;0&quot;,&quot;iso&quot;:&quot;0&quot;,&quot;shutter_speed&quot;:&quot;0&quot;,&quot;title&quot;:&quot;&quot;,&quot;orientation&quot;:&quot;0&quot;}\" data-image-title=\"essa 3\" data-image-description=\"\" data-image-caption=\"&lt;p&gt;Foto: Isak de Castro\/Comunica\u00e7\u00e3oPrefeituradePaudalho&lt;\/p&gt;\n\" data-medium-file=\"https:\/\/www.paudalho.pe.gov.br\/portal\/wp-content\/uploads\/2017\/10\/essa-3-350x230.jpg\" data-large-file=\"https:\/\/www.paudalho.pe.gov.br\/portal\/wp-content\/uploads\/2017\/10\/essa-3-800x450.jpg\" class=\"size-medium wp-image-1489\" src=\"http:\/\/www.paudalho.pe.gov.br\/portal\/wp-content\/uploads\/2017\/10\/essa-3-350x230.jpg\" alt=\"\" width=\"300\" height=\"197\" \/><p id=\"caption-attachment-1489\" class=\"wp-caption-text\">Foto: Isak de Castro\/Comunica\u00e7\u00e3oPrefeituradePaudalho<\/p><\/div>\n<div id=\"attachment_1490\" style=\"width: 310px\" class=\"wp-caption alignnone\"><img loading=\"lazy\" decoding=\"async\" aria-describedby=\"caption-attachment-1490\" data-attachment-id=\"1490\" data-permalink=\"https:\/\/www.paudalho.pe.gov.br\/portal\/com-programacao-nunca-vista-prefeitura-do-paudalho-inicia-semana-da-crianca-com-parque-de-diversao\/ess-4\/\" data-orig-file=\"https:\/\/www.paudalho.pe.gov.br\/portal\/wp-content\/uploads\/2017\/10\/ess-4.jpg\" data-orig-size=\"1024,683\" data-comments-opened=\"1\" data-image-meta=\"{&quot;aperture&quot;:&quot;0&quot;,&quot;credit&quot;:&quot;&quot;,&quot;camera&quot;:&quot;&quot;,&quot;caption&quot;:&quot;&quot;,&quot;created_timestamp&quot;:&quot;0&quot;,&quot;copyright&quot;:&quot;&quot;,&quot;focal_length&quot;:&quot;0&quot;,&quot;iso&quot;:&quot;0&quot;,&quot;shutter_speed&quot;:&quot;0&quot;,&quot;title&quot;:&quot;&quot;,&quot;orientation&quot;:&quot;0&quot;}\" data-image-title=\"ess 4\" data-image-description=\"\" data-image-caption=\"&lt;p&gt;Foto: Isak de Castro\/Comunica\u00e7\u00e3oPrefeituradePaudalho&lt;\/p&gt;\n\" data-medium-file=\"https:\/\/www.paudalho.pe.gov.br\/portal\/wp-content\/uploads\/2017\/10\/ess-4-350x230.jpg\" data-large-file=\"https:\/\/www.paudalho.pe.gov.br\/portal\/wp-content\/uploads\/2017\/10\/ess-4-800x450.jpg\" class=\"size-medium wp-image-1490\" src=\"http:\/\/www.paudalho.pe.gov.br\/portal\/wp-content\/uploads\/2017\/10\/ess-4-350x230.jpg\" alt=\"\" width=\"300\" height=\"197\" \/><p id=\"caption-attachment-1490\" class=\"wp-caption-text\">Foto: Isak de Castro\/Comunica\u00e7\u00e3oPrefeituradePaudalho<\/p><\/div>\n<p>Al\u00e9m do parque, a programa\u00e7\u00e3o ofereceu picol\u00e9, pipoca, algod\u00e3o doce e recrea\u00e7\u00e3o infantil. O aluno da Escola Municipal de Guadalajara, Cau\u00e3 Vinicius, de nove anos comentou da felicidade de participar do evento. \u201cMuito bom, estou gostando&#8230; Nota 10 estou muito feliz\u201d, disse.<\/p>\n<div id=\"attachment_1493\" style=\"width: 310px\" class=\"wp-caption alignnone\"><img loading=\"lazy\" decoding=\"async\" aria-describedby=\"caption-attachment-1493\" data-attachment-id=\"1493\" data-permalink=\"https:\/\/www.paudalho.pe.gov.br\/portal\/com-programacao-nunca-vista-prefeitura-do-paudalho-inicia-semana-da-crianca-com-parque-de-diversao\/6ff7135d-e5e6-4fe9-b20d-b181b738c8f0\/\" data-orig-file=\"https:\/\/www.paudalho.pe.gov.br\/portal\/wp-content\/uploads\/2017\/10\/6ff7135d-e5e6-4fe9-b20d-b181b738c8f0.jpg\" data-orig-size=\"1040,780\" data-comments-opened=\"1\" data-image-meta=\"{&quot;aperture&quot;:&quot;0&quot;,&quot;credit&quot;:&quot;&quot;,&quot;camera&quot;:&quot;&quot;,&quot;caption&quot;:&quot;&quot;,&quot;created_timestamp&quot;:&quot;0&quot;,&quot;copyright&quot;:&quot;&quot;,&quot;focal_length&quot;:&quot;0&quot;,&quot;iso&quot;:&quot;0&quot;,&quot;shutter_speed&quot;:&quot;0&quot;,&quot;title&quot;:&quot;&quot;,&quot;orientation&quot;:&quot;0&quot;}\" data-image-title=\"6ff7135d-e5e6-4fe9-b20d-b181b738c8f0\" data-image-description=\"\" data-image-caption=\"&lt;p&gt;Foto: Thales K\u00edrion\/Comunica\u00e7\u00e3oPrefeituradoPaudalho&lt;\/p&gt;\n\" data-medium-file=\"https:\/\/www.paudalho.pe.gov.br\/portal\/wp-content\/uploads\/2017\/10\/6ff7135d-e5e6-4fe9-b20d-b181b738c8f0-350x230.jpg\" data-large-file=\"https:\/\/www.paudalho.pe.gov.br\/portal\/wp-content\/uploads\/2017\/10\/6ff7135d-e5e6-4fe9-b20d-b181b738c8f0-800x450.jpg\" class=\"size-medium wp-image-1493\" src=\"http:\/\/www.paudalho.pe.gov.br\/portal\/wp-content\/uploads\/2017\/10\/6ff7135d-e5e6-4fe9-b20d-b181b738c8f0-350x230.jpg\" alt=\"\" width=\"300\" height=\"197\" \/><p id=\"caption-attachment-1493\" class=\"wp-caption-text\">Foto: Thales K\u00edrion\/Comunica\u00e7\u00e3oPrefeituradoPaudalho<\/p><\/div>\n<p><strong>Confira no v\u00eddeo:<\/strong><\/p>\n<div style=\"width: 640px;\" class=\"wp-video\"><!--[if lt IE 9]><script>document.createElement('video');<\/script><![endif]-->\n<video class=\"wp-video-shortcode\" id=\"video-1476-1\" width=\"640\" height=\"352\" preload=\"metadata\" controls=\"controls\"><source type=\"video\/mp4\" src=\"http:\/\/www.paudalho.pe.gov.br\/portal\/wp-content\/uploads\/2017\/10\/WhatsApp-Video-2017-10-09-at-11.51.14.mp4?_=1\" \/><a href=\"http:\/\/www.paudalho.pe.gov.br\/portal\/wp-content\/uploads\/2017\/10\/WhatsApp-Video-2017-10-09-at-11.51.14.mp4\">http:\/\/www.paudalho.pe.gov.br\/portal\/wp-content\/uploads\/2017\/10\/WhatsApp-Video-2017-10-09-at-11.51.14.mp4<\/a><\/video><\/div>\n<p>Era n\u00edtida a felicidade no rosto da crian\u00e7ada que se divertia nos brinquedos espalhados pelo Parque de eventos. O prefeito Marcelo Gouveia, idealizador da programa\u00e7\u00e3o, destacou a import\u00e2ncia de proporcionar \u00e0s crian\u00e7as da cidade momentos de alegria e descontra\u00e7\u00e3o. Para ele, a a\u00e7\u00e3o \u00e9 inclusiva. \u201cEssa \u00e9 uma a\u00e7\u00e3o muito importante onde a gente visa levar \u00e0 crian\u00e7a o direito \u00e0 divers\u00e3o e alegria&#8230; Sem sombra de d\u00favidas, esse \u00e9 o momento onde todas as crian\u00e7as s\u00e3o iguais, respeitando todas as diferen\u00e7as.\u201d, comentou.<\/p>\n<p><strong>Veja o momento em que, junto com a crian\u00e7ada, o prefeito e o secret\u00e1rio Ednaldo Ernesto\u00a0se divertiram em um dos brinquedos:<\/strong><\/p>\n<div style=\"width: 640px;\" class=\"wp-video\"><video class=\"wp-video-shortcode\" id=\"video-1476-2\" width=\"640\" height=\"352\" preload=\"metadata\" controls=\"controls\"><source type=\"video\/mp4\" src=\"http:\/\/www.paudalho.pe.gov.br\/portal\/wp-content\/uploads\/2017\/10\/WhatsApp-Video-2017-10-09-at-11.51.07.mp4?_=2\" \/><a href=\"http:\/\/www.paudalho.pe.gov.br\/portal\/wp-content\/uploads\/2017\/10\/WhatsApp-Video-2017-10-09-at-11.51.07.mp4\">http:\/\/www.paudalho.pe.gov.br\/portal\/wp-content\/uploads\/2017\/10\/WhatsApp-Video-2017-10-09-at-11.51.07.mp4<\/a><\/video><\/div>\n<p>Para a diretora do Col\u00e9gio Gilda Barbosa, em Guadalajara, a programa\u00e7\u00e3o d\u00e1 oportunidade \u00e0s crian\u00e7as que n\u00e3o t\u00eam condi\u00e7\u00f5es financeiras de participar. \u201cNunca teve aqui em Paudalho. As crian\u00e7as est\u00e3o amando, eu tamb\u00e9m estou&#8230;E \u00e9 importante para a crian\u00e7a que nunca foi em um parque, aquelas que n\u00e3o tem condi\u00e7\u00f5es\u201d, relatou.<\/p>\n<h2><strong>Programa\u00e7\u00e3o<\/strong><\/h2>\n<p>A a\u00e7\u00e3o segue at\u00e9 esta quinta-feira (12), dia das Crian\u00e7as, onde o parque estar\u00e1 dispon\u00edvel, gratuitamente, para todos os pequeninos da cidade. Nesta ter\u00e7a (10) e quarta-feira (11) quem se diverte de forma gratuita s\u00e3o os alunos da Rede Municipal de Ensino. \u00c0 noite, o parque \u00e9 aberto ao p\u00fablico. \u00c9 a Prefeitura do Paudalho no compromisso com o bem-estar das crian\u00e7as da cidade.<\/p>\n<p>&nbsp;<\/p>\n<p><strong>Leia mais:\u00a0<\/strong><a href=\"http:\/\/www.paudalho.pe.gov.br\/portal\/prefeitura-do-paudalho-oferece-parque-de-diversao-na-semana-da-crianca\/\" target=\"_blank\" rel=\"noopener\">Prefeitura do Paudalho oferece parque de divers\u00e3o na Semana da Crian\u00e7a<\/a><\/p>\n<p><a href=\"http:\/\/www.paudalho.pe.gov.br\/portal\/nao-veja-a-hora-diz-aluna-da-escola-genilda-martins-sobre-parque-de-diversao-na-semana-da-crianca\/\" target=\"_blank\" rel=\"noopener\"> \u00a0\u201cN\u00e3o veja a hora\u201d, diz aluna da Escola Genilda Martins sobre parque de divers\u00e3o na Semana da Crian\u00e7a<\/a><\/p>\n<p><a href=\"http:\/\/www.paudalho.pe.gov.br\/portal\/alunos-participam-do-1o-festival-de-atletismo-do-colegio-municipal-do-paudalho\/\" target=\"_blank\" rel=\"noopener\"> \u00a0 \u00a0\u00a0Alunos participam do 1\u00ba Festival de Atletismo do Col\u00e9gio Municipal do Paudalho<\/a><\/p>\n","protected":false},"excerpt":{"rendered":"<p>E a alegria tomou conta do Parque de Eventos Beira-Rio, no centro da cidade, nesta segunda-feira (9) no in\u00edcio da Semana da Crian\u00e7a. Com uma programa\u00e7\u00e3o nunca vista, a Prefeitura do Paudalho por meio da Secretaria de Desenvolvimento e Assist\u00eancia Social, Secretaria de Cultura, Turismo e Esporte e Secretaria de Educa\u00e7\u00e3o, disponibilizou um parque de [&hellip;]<\/p>\n","protected":false},"author":4,"featured_media":1492,"comment_status":"open","ping_status":"open","sticky":false,"template":"","format":"standard","meta":{"_jetpack_newsletter_access":"","_jetpack_dont_email_post_to_subs":false,"_jetpack_newsletter_tier_id":0,"_jetpack_memberships_contains_paywalled_content":false,"_jetpack_memberships_contains_paid_content":false,"footnotes":""},"categories":[2,1],"tags":[160,22],"class_list":["post-1476","post","type-post","status-publish","format-standard","has-post-thumbnail","hentry","category-destaque","category-noticias","tag-dia-das-criancas","tag-prefeitura-do-paudalho"],"jetpack_featured_media_url":"https:\/\/www.paudalho.pe.gov.br\/portal\/wp-content\/uploads\/2017\/10\/essa.jpg","jetpack_sharing_enabled":true,"jetpack_shortlink":"https:\/\/wp.me\/p98mS2-nO","_links":{"self":[{"href":"https:\/\/www.paudalho.pe.gov.br\/portal\/wp-json\/wp\/v2\/posts\/1476","targetHints":{"allow":["GET"]}}],"collection":[{"href":"https:\/\/www.paudalho.pe.gov.br\/portal\/wp-json\/wp\/v2\/posts"}],"about":[{"href":"https:\/\/www.paudalho.pe.gov.br\/portal\/wp-json\/wp\/v2\/types\/post"}],"author":[{"embeddable":true,"href":"https:\/\/www.paudalho.pe.gov.br\/portal\/wp-json\/wp\/v2\/users\/4"}],"replies":[{"embeddable":true,"href":"https:\/\/www.paudalho.pe.gov.br\/portal\/wp-json\/wp\/v2\/comments?post=1476"}],"version-history":[{"count":8,"href":"https:\/\/www.paudalho.pe.gov.br\/portal\/wp-json\/wp\/v2\/posts\/1476\/revisions"}],"predecessor-version":[{"id":1516,"href":"https:\/\/www.paudalho.pe.gov.br\/portal\/wp-json\/wp\/v2\/posts\/1476\/revisions\/1516"}],"wp:featuredmedia":[{"embeddable":true,"href":"https:\/\/www.paudalho.pe.gov.br\/portal\/wp-json\/wp\/v2\/media\/1492"}],"wp:attachment":[{"href":"https:\/\/www.paudalho.pe.gov.br\/portal\/wp-json\/wp\/v2\/media?parent=1476"}],"wp:term":[{"taxonomy":"category","embeddable":true,"href":"https:\/\/www.paudalho.pe.gov.br\/portal\/wp-json\/wp\/v2\/categories?post=1476"},{"taxonomy":"post_tag","embeddable":true,"href":"https:\/\/www.paudalho.pe.gov.br\/portal\/wp-json\/wp\/v2\/tags?post=1476"}],"curies":[{"name":"wp","href":"https:\/\/api.w.org\/{rel}","templated":true}]}}