{"id":14757,"date":"2021-05-03T11:21:26","date_gmt":"2021-05-03T14:21:26","guid":{"rendered":"https:\/\/www.paudalho.pe.gov.br\/portal\/?p=14757"},"modified":"2025-01-08T00:39:45","modified_gmt":"2025-01-08T03:39:45","slug":"prefeitura-do-paudalho-inicia-pre-cadastro-para-a-vacinacao-contra-a-covid-19-de-pessoas-de-50-a-54-anos-com-comorbidades","status":"publish","type":"post","link":"https:\/\/www.paudalho.pe.gov.br\/portal\/prefeitura-do-paudalho-inicia-pre-cadastro-para-a-vacinacao-contra-a-covid-19-de-pessoas-de-50-a-54-anos-com-comorbidades\/","title":{"rendered":"Prefeitura do Paudalho inicia pr\u00e9-cadastro para a vacina\u00e7\u00e3o contra a Covid-19 de pessoas de 50 a 54 anos com comorbidades"},"content":{"rendered":"\n<p>A Prefeitura do Paudalho inicia nesta segunda-feira (3) o pr\u00e9-cadastro on-line das pessoas com comorbidades na faixa et\u00e1ria dos 50 aos 54 anos. Essa nova etapa na campanha de vacina\u00e7\u00e3o atender\u00e1 pessoas que apresentem doen\u00e7as pr\u00e9-existentes que podem ocasionar risco de agravamento da covid-19. A lista de enfermidades inclui problemas card\u00edacos e pulmonares, hipertens\u00e3o arterial, diabetes, doen\u00e7a renal cr\u00f4nica, cirrose hep\u00e1tica, anemia falciforme, entre outras.&nbsp; <\/p>\n\n\n\n<p>Para realizar o pr\u00e9-cadastramento \u00e9 necess\u00e1rio que o paciente acesse o portal eletr\u00f4nico da Prefeitura do Paudalho e preencha os dados requisitados no <strong><a rel=\"noreferrer noopener\" href=\"https:\/\/base.paudalho.pe.gov.br\/covid19\/cadastro\" target=\"_blank\">formul\u00e1rio<\/a><\/strong>. Tamb\u00e9m ser\u00e1 preciso anexar um laudo m\u00e9dico, atestado, declara\u00e7\u00e3o m\u00e9dica ou receitu\u00e1rio atualizado, para fim comprobat\u00f3rio. A vacina\u00e7\u00e3o ser\u00e1 realizada com a apresenta\u00e7\u00e3o obrigat\u00f3ria desses documentos, al\u00e9m do CPF e RG. Em caso de d\u00favidas, o mun\u00edcipe pode procurar a Unidade B\u00e1sica de Sa\u00fade (UBS) de refer\u00eancia para buscar mais informa\u00e7\u00f5es. <\/p>\n\n\n\n<p><strong><a href=\"https:\/\/base.paudalho.pe.gov.br\/covid19\/cadastro\" target=\"_blank\" rel=\"noreferrer noopener\">CLIQUE AQUI E ACESSE O PR\u00c9-CADASTRO ON-LINE<\/a><\/strong><\/p>\n\n\n\n<div class=\"wp-block-file\"><a href=\"https:\/\/www.paudalho.pe.gov.br\/portal\/wp-content\/uploads\/2021\/05\/Lista-de-Comorbidades.pdf\"><strong>Confira a lista de comorbidades inclu\u00eddas como priorit\u00e1rias para vacina\u00e7\u00e3o contra a covid-19! Fonte: Plano Nacional de Operacionaliza\u00e7\u00e3o da Vacina\u00e7\u00e3o contra a Covid-19 (PNO)<\/strong><\/a><a href=\"https:\/\/www.paudalho.pe.gov.br\/portal\/wp-content\/uploads\/2021\/05\/Lista-de-Comorbidades.pdf\" class=\"wp-block-file__button\" download>Baixar<\/a><\/div>\n\n\n\n<figure class=\"wp-block-image size-large\"><img loading=\"lazy\" decoding=\"async\" width=\"800\" height=\"450\" data-attachment-id=\"14759\" data-permalink=\"https:\/\/www.paudalho.pe.gov.br\/portal\/prefeitura-do-paudalho-inicia-pre-cadastro-para-a-vacinacao-contra-a-covid-19-de-pessoas-de-50-a-54-anos-com-comorbidades\/whatsapp-image-2021-05-03-at-10-46-46\/\" data-orig-file=\"https:\/\/www.paudalho.pe.gov.br\/portal\/wp-content\/uploads\/2021\/05\/WhatsApp-Image-2021-05-03-at-10.46.46.jpeg\" data-orig-size=\"1280,958\" data-comments-opened=\"1\" data-image-meta=\"{&quot;aperture&quot;:&quot;0&quot;,&quot;credit&quot;:&quot;&quot;,&quot;camera&quot;:&quot;&quot;,&quot;caption&quot;:&quot;&quot;,&quot;created_timestamp&quot;:&quot;0&quot;,&quot;copyright&quot;:&quot;&quot;,&quot;focal_length&quot;:&quot;0&quot;,&quot;iso&quot;:&quot;0&quot;,&quot;shutter_speed&quot;:&quot;0&quot;,&quot;title&quot;:&quot;&quot;,&quot;orientation&quot;:&quot;0&quot;}\" data-image-title=\"WhatsApp-Image-2021-05-03-at-10.46.46\" data-image-description=\"\" data-image-caption=\"\" data-medium-file=\"https:\/\/www.paudalho.pe.gov.br\/portal\/wp-content\/uploads\/2021\/05\/WhatsApp-Image-2021-05-03-at-10.46.46-350x230.jpeg\" data-large-file=\"https:\/\/www.paudalho.pe.gov.br\/portal\/wp-content\/uploads\/2021\/05\/WhatsApp-Image-2021-05-03-at-10.46.46-800x450.jpeg\" src=\"https:\/\/www.paudalho.pe.gov.br\/portal\/wp-content\/uploads\/2021\/05\/WhatsApp-Image-2021-05-03-at-10.46.46-800x450.jpeg\" alt=\"\" class=\"wp-image-14759\"\/><figcaption><em>A vacina\u00e7\u00e3o de grupo priorit\u00e1rio composto por pessoas de 55 a 59 anos com comorbidades foi iniciada no \u00faltimo s\u00e1bado, dia 1\u00ba de maio <\/em>. <em>Foto: Guilherme Ricardo\/PMP.<\/em><\/figcaption><\/figure>\n\n\n\n<h3 class=\"wp-block-heading\"><strong>Avan\u00e7o na Vacina\u00e7\u00e3o<\/strong><\/h3>\n\n\n\n<p>Paudalho avan\u00e7a e j\u00e1 soma quase nove mil doses das vacina contra a covid-19 aplicadas. Dando prosseguimento a campanha de vacina\u00e7\u00e3o, no \u00faltimo s\u00e1bado (1), a Prefeitura iniciou a imuniza\u00e7\u00e3o dos mun\u00edcipes entre 55 e 59 anos de idade com comorbidades. As doses est\u00e3o sendo aplicadas no ponto drive-thru localizado em frente a sede da Secretaria Municipal de Sa\u00fade, pr\u00f3ximo \u00e0 Pra\u00e7a Pedro Coutinho, no Centro da cidade. <\/p>\n\n\n\n<p>O atendimento est\u00e1 dispon\u00edvel de domingo a domingo, das 8h \u00e0s 16h. Para ser vacinado, o mun\u00edcipe deve comparecer no local com um documento atualizado que comprove a enfermidade, tal como um laudo, um atestado ou uma receita m\u00e9dica, e um documento de identifica\u00e7\u00e3o, como o CPF e o RG.&nbsp;Al\u00e9m desse p\u00fablico priorit\u00e1rio, a Secretaria de Sa\u00fade tamb\u00e9m est\u00e1 realizando a aplica\u00e7\u00e3o da segunda dose da vacina AstraZeneca para o p\u00fablico a partir dos 85 anos. <\/p>\n\n\n\n<p><\/p>\n","protected":false},"excerpt":{"rendered":"<p>A Prefeitura do Paudalho inicia nesta segunda-feira (3) o pr\u00e9-cadastro on-line das pessoas com comorbidades na faixa et\u00e1ria dos 50 aos 54 anos. Essa nova etapa na campanha de vacina\u00e7\u00e3o atender\u00e1 pessoas que apresentem doen\u00e7as pr\u00e9-existentes que podem ocasionar risco de agravamento da covid-19. A lista de enfermidades inclui problemas card\u00edacos e pulmonares, hipertens\u00e3o arterial, [&hellip;]<\/p>\n","protected":false},"author":6,"featured_media":14767,"comment_status":"open","ping_status":"open","sticky":false,"template":"","format":"standard","meta":{"_jetpack_newsletter_access":"","_jetpack_dont_email_post_to_subs":false,"_jetpack_newsletter_tier_id":0,"_jetpack_memberships_contains_paywalled_content":false,"_jetpack_memberships_contains_paid_content":false,"footnotes":""},"categories":[732,2,1,3],"tags":[622,22,168],"class_list":["post-14757","post","type-post","status-publish","format-standard","has-post-thumbnail","hentry","category-covid-19","category-destaque","category-noticias","category-saude","tag-covid-19","tag-prefeitura-do-paudalho","tag-secretaria-de-saude"],"jetpack_featured_media_url":"https:\/\/www.paudalho.pe.gov.br\/portal\/wp-content\/uploads\/2021\/05\/H5A9859-1-scaled.jpg","jetpack_sharing_enabled":true,"jetpack_shortlink":"https:\/\/wp.me\/p98mS2-3Q1","_links":{"self":[{"href":"https:\/\/www.paudalho.pe.gov.br\/portal\/wp-json\/wp\/v2\/posts\/14757","targetHints":{"allow":["GET"]}}],"collection":[{"href":"https:\/\/www.paudalho.pe.gov.br\/portal\/wp-json\/wp\/v2\/posts"}],"about":[{"href":"https:\/\/www.paudalho.pe.gov.br\/portal\/wp-json\/wp\/v2\/types\/post"}],"author":[{"embeddable":true,"href":"https:\/\/www.paudalho.pe.gov.br\/portal\/wp-json\/wp\/v2\/users\/6"}],"replies":[{"embeddable":true,"href":"https:\/\/www.paudalho.pe.gov.br\/portal\/wp-json\/wp\/v2\/comments?post=14757"}],"version-history":[{"count":15,"href":"https:\/\/www.paudalho.pe.gov.br\/portal\/wp-json\/wp\/v2\/posts\/14757\/revisions"}],"predecessor-version":[{"id":14791,"href":"https:\/\/www.paudalho.pe.gov.br\/portal\/wp-json\/wp\/v2\/posts\/14757\/revisions\/14791"}],"wp:featuredmedia":[{"embeddable":true,"href":"https:\/\/www.paudalho.pe.gov.br\/portal\/wp-json\/wp\/v2\/media\/14767"}],"wp:attachment":[{"href":"https:\/\/www.paudalho.pe.gov.br\/portal\/wp-json\/wp\/v2\/media?parent=14757"}],"wp:term":[{"taxonomy":"category","embeddable":true,"href":"https:\/\/www.paudalho.pe.gov.br\/portal\/wp-json\/wp\/v2\/categories?post=14757"},{"taxonomy":"post_tag","embeddable":true,"href":"https:\/\/www.paudalho.pe.gov.br\/portal\/wp-json\/wp\/v2\/tags?post=14757"}],"curies":[{"name":"wp","href":"https:\/\/api.w.org\/{rel}","templated":true}]}}