{"id":1455,"date":"2017-10-09T00:54:04","date_gmt":"2017-10-09T03:54:04","guid":{"rendered":"http:\/\/www.paudalho.pe.gov.br\/portal\/?p=1455"},"modified":"2017-10-09T09:37:54","modified_gmt":"2017-10-09T12:37:54","slug":"nao-veja-a-hora-diz-aluna-da-escola-genilda-martins-sobre-parque-de-diversao-na-semana-da-crianca","status":"publish","type":"post","link":"https:\/\/www.paudalho.pe.gov.br\/portal\/nao-veja-a-hora-diz-aluna-da-escola-genilda-martins-sobre-parque-de-diversao-na-semana-da-crianca\/","title":{"rendered":"\u201cN\u00e3o veja a hora\u201d, diz aluna da Escola Genilda Martins sobre parque de divers\u00e3o na Semana da Crian\u00e7a"},"content":{"rendered":"<p>A not\u00edcia de que a Prefeitura do Paudalho, por meio da Secretaria de Desenvolvimento e Assist\u00eancia Social e Secretaria de Cultura, Turismo e Esporte vai oferecer uma programa\u00e7\u00e3o infantil especial para comemorar a Semana da Crian\u00e7a deixou a crian\u00e7ada do Munic\u00edpio muito feliz.<\/p>\n<p>At\u00e9 a pr\u00f3xima quinta-feira (12), Dia das Crian\u00e7as, uma programa\u00e7\u00e3o especial que tem at\u00e9 parque de divers\u00e3o ser\u00e1 oferecida no Parque de Eventos Beira-Rio, centro da cidade. Pela manh\u00e3 e a tarde os brinquedos s\u00e3o de gra\u00e7a para a crian\u00e7ada da Rede Municipal de Ensino se divertir e \u00e0 noite, o local \u00e9 aberto ao p\u00fablico.<\/p>\n<h2>Expectativa<\/h2>\n<p>As g\u00eameas, Ingrid e Yennes, de 10 anos, s\u00e3o alunas da Escola Municipal Genilda Martins. Elas v\u00e3o para o parque na ter\u00e7a-feira e comentaram sobre a expectativa para o dia. \u201cN\u00e3o vejo a hora de chegar ter\u00e7a\u201d, disse uma delas.<\/p>\n<div id=\"attachment_1456\" style=\"width: 310px\" class=\"wp-caption alignnone\"><img loading=\"lazy\" decoding=\"async\" aria-describedby=\"caption-attachment-1456\" data-attachment-id=\"1456\" data-permalink=\"https:\/\/www.paudalho.pe.gov.br\/portal\/nao-veja-a-hora-diz-aluna-da-escola-genilda-martins-sobre-parque-de-diversao-na-semana-da-crianca\/4b23c445-0d4d-4dea-b44e-83d3d1f301b4\/\" data-orig-file=\"https:\/\/www.paudalho.pe.gov.br\/portal\/wp-content\/uploads\/2017\/10\/4b23c445-0d4d-4dea-b44e-83d3d1f301b4.jpg\" data-orig-size=\"1040,780\" data-comments-opened=\"1\" data-image-meta=\"{&quot;aperture&quot;:&quot;0&quot;,&quot;credit&quot;:&quot;&quot;,&quot;camera&quot;:&quot;&quot;,&quot;caption&quot;:&quot;&quot;,&quot;created_timestamp&quot;:&quot;0&quot;,&quot;copyright&quot;:&quot;&quot;,&quot;focal_length&quot;:&quot;0&quot;,&quot;iso&quot;:&quot;0&quot;,&quot;shutter_speed&quot;:&quot;0&quot;,&quot;title&quot;:&quot;&quot;,&quot;orientation&quot;:&quot;0&quot;}\" data-image-title=\"4b23c445-0d4d-4dea-b44e-83d3d1f301b4\" data-image-description=\"\" data-image-caption=\"&lt;p&gt;Foto: Thales K\u00edrion\/Comunica\u00e7\u00e3oPrefeituradoPaudalho&lt;\/p&gt;\n\" data-medium-file=\"https:\/\/www.paudalho.pe.gov.br\/portal\/wp-content\/uploads\/2017\/10\/4b23c445-0d4d-4dea-b44e-83d3d1f301b4-350x230.jpg\" data-large-file=\"https:\/\/www.paudalho.pe.gov.br\/portal\/wp-content\/uploads\/2017\/10\/4b23c445-0d4d-4dea-b44e-83d3d1f301b4-800x450.jpg\" class=\"size-medium wp-image-1456\" src=\"http:\/\/www.paudalho.pe.gov.br\/portal\/wp-content\/uploads\/2017\/10\/4b23c445-0d4d-4dea-b44e-83d3d1f301b4-350x230.jpg\" alt=\"\" width=\"300\" height=\"197\" \/><p id=\"caption-attachment-1456\" class=\"wp-caption-text\">Foto: Thales K\u00edrion\/Comunica\u00e7\u00e3oPrefeituradoPaudalho<\/p><\/div>\n<p>Erick, de 10 anos, tamb\u00e9m da Escola Genilda Martins, falou que a a\u00e7\u00e3o vai ajudar as crian\u00e7as que n\u00e3o tem dinheiro para brincar. \u201c\u00c9 bom para aquelas crian\u00e7as que n\u00e3o t\u00eam dinheiro, que n\u00e3o t\u00eam como pagar os brinquedos&#8230; \u00c9 legal\u201d, comentou.<\/p>\n<div id=\"attachment_1457\" style=\"width: 310px\" class=\"wp-caption alignnone\"><img loading=\"lazy\" decoding=\"async\" aria-describedby=\"caption-attachment-1457\" data-attachment-id=\"1457\" data-permalink=\"https:\/\/www.paudalho.pe.gov.br\/portal\/nao-veja-a-hora-diz-aluna-da-escola-genilda-martins-sobre-parque-de-diversao-na-semana-da-crianca\/4210d90e-5a1d-40f2-87a2-bafe4a5485fb\/\" data-orig-file=\"https:\/\/www.paudalho.pe.gov.br\/portal\/wp-content\/uploads\/2017\/10\/4210d90e-5a1d-40f2-87a2-bafe4a5485fb.jpg\" data-orig-size=\"1040,780\" data-comments-opened=\"1\" data-image-meta=\"{&quot;aperture&quot;:&quot;0&quot;,&quot;credit&quot;:&quot;&quot;,&quot;camera&quot;:&quot;&quot;,&quot;caption&quot;:&quot;&quot;,&quot;created_timestamp&quot;:&quot;0&quot;,&quot;copyright&quot;:&quot;&quot;,&quot;focal_length&quot;:&quot;0&quot;,&quot;iso&quot;:&quot;0&quot;,&quot;shutter_speed&quot;:&quot;0&quot;,&quot;title&quot;:&quot;&quot;,&quot;orientation&quot;:&quot;0&quot;}\" data-image-title=\"4210d90e-5a1d-40f2-87a2-bafe4a5485fb\" data-image-description=\"&lt;p&gt;Foto: Thales K\u00edrion\/Comunica\u00e7\u00e3oPrefeituradoPaudalho&lt;\/p&gt;\n\" data-image-caption=\"&lt;p&gt;Erick e o irm\u00e3o Erlon, ambos alunos da Escola Genilda Martins&lt;\/p&gt;\n\" data-medium-file=\"https:\/\/www.paudalho.pe.gov.br\/portal\/wp-content\/uploads\/2017\/10\/4210d90e-5a1d-40f2-87a2-bafe4a5485fb-350x230.jpg\" data-large-file=\"https:\/\/www.paudalho.pe.gov.br\/portal\/wp-content\/uploads\/2017\/10\/4210d90e-5a1d-40f2-87a2-bafe4a5485fb-800x450.jpg\" class=\"size-medium wp-image-1457\" src=\"http:\/\/www.paudalho.pe.gov.br\/portal\/wp-content\/uploads\/2017\/10\/4210d90e-5a1d-40f2-87a2-bafe4a5485fb-350x230.jpg\" alt=\"\" width=\"300\" height=\"197\" \/><p id=\"caption-attachment-1457\" class=\"wp-caption-text\">Erick e o irm\u00e3o Erlon, ambos alunos da Escola Genilda Martins<\/p><\/div>\n<h2>Tem mais<\/h2>\n<p>Al\u00e9m do parque, a programa\u00e7\u00e3o vai contar com muita pipoca, algod\u00e3o doce, bombons e recrea\u00e7\u00e3o infantil. A secret\u00e1ria de Desenvolvimento e Assist\u00eancia Social, Valqu\u00edria Marinho falou que o evento ser\u00e1 de grande porte. \u201cAcredito que ser\u00e1 uma grande festa, uma festa como as crian\u00e7as do munic\u00edpio nunca viram\u201d, detalhou.\u00a0\u00c9 a Prefeitura do Paudalho proporcionando \u00e0s crian\u00e7as alegria e muita felicidade.<\/p>\n<p>&nbsp;<\/p>\n<p>&nbsp;<\/p>\n<p>&nbsp;<\/p>\n","protected":false},"excerpt":{"rendered":"<p>A not\u00edcia de que a Prefeitura do Paudalho, por meio da Secretaria de Desenvolvimento e Assist\u00eancia Social e Secretaria de Cultura, Turismo e Esporte vai oferecer uma programa\u00e7\u00e3o infantil especial para comemorar a Semana da Crian\u00e7a deixou a crian\u00e7ada do Munic\u00edpio muito feliz. At\u00e9 a pr\u00f3xima quinta-feira (12), Dia das Crian\u00e7as, uma programa\u00e7\u00e3o especial que [&hellip;]<\/p>\n","protected":false},"author":4,"featured_media":1458,"comment_status":"open","ping_status":"open","sticky":false,"template":"","format":"standard","meta":{"_jetpack_newsletter_access":"","_jetpack_dont_email_post_to_subs":false,"_jetpack_newsletter_tier_id":0,"_jetpack_memberships_contains_paywalled_content":false,"_jetpack_memberships_contains_paid_content":false,"footnotes":""},"categories":[2,1],"tags":[162,22],"class_list":["post-1455","post","type-post","status-publish","format-standard","has-post-thumbnail","hentry","category-destaque","category-noticias","tag-dia-das-criancas-semana-da-crianca","tag-prefeitura-do-paudalho"],"jetpack_featured_media_url":"https:\/\/www.paudalho.pe.gov.br\/portal\/wp-content\/uploads\/2017\/10\/a2deb447-3c3b-4cc1-8124-64b2d1c0083d.jpg","jetpack_sharing_enabled":true,"jetpack_shortlink":"https:\/\/wp.me\/p98mS2-nt","_links":{"self":[{"href":"https:\/\/www.paudalho.pe.gov.br\/portal\/wp-json\/wp\/v2\/posts\/1455","targetHints":{"allow":["GET"]}}],"collection":[{"href":"https:\/\/www.paudalho.pe.gov.br\/portal\/wp-json\/wp\/v2\/posts"}],"about":[{"href":"https:\/\/www.paudalho.pe.gov.br\/portal\/wp-json\/wp\/v2\/types\/post"}],"author":[{"embeddable":true,"href":"https:\/\/www.paudalho.pe.gov.br\/portal\/wp-json\/wp\/v2\/users\/4"}],"replies":[{"embeddable":true,"href":"https:\/\/www.paudalho.pe.gov.br\/portal\/wp-json\/wp\/v2\/comments?post=1455"}],"version-history":[{"count":8,"href":"https:\/\/www.paudalho.pe.gov.br\/portal\/wp-json\/wp\/v2\/posts\/1455\/revisions"}],"predecessor-version":[{"id":1475,"href":"https:\/\/www.paudalho.pe.gov.br\/portal\/wp-json\/wp\/v2\/posts\/1455\/revisions\/1475"}],"wp:featuredmedia":[{"embeddable":true,"href":"https:\/\/www.paudalho.pe.gov.br\/portal\/wp-json\/wp\/v2\/media\/1458"}],"wp:attachment":[{"href":"https:\/\/www.paudalho.pe.gov.br\/portal\/wp-json\/wp\/v2\/media?parent=1455"}],"wp:term":[{"taxonomy":"category","embeddable":true,"href":"https:\/\/www.paudalho.pe.gov.br\/portal\/wp-json\/wp\/v2\/categories?post=1455"},{"taxonomy":"post_tag","embeddable":true,"href":"https:\/\/www.paudalho.pe.gov.br\/portal\/wp-json\/wp\/v2\/tags?post=1455"}],"curies":[{"name":"wp","href":"https:\/\/api.w.org\/{rel}","templated":true}]}}