{"id":14456,"date":"2021-04-09T11:25:17","date_gmt":"2021-04-09T14:25:17","guid":{"rendered":"https:\/\/www.paudalho.pe.gov.br\/portal\/?p=14456"},"modified":"2025-01-08T00:39:46","modified_gmt":"2025-01-08T03:39:46","slug":"paudalho-inicia-vacinacao-contra-a-covid-19-em-idosos-a-partir-dos-62-anos-de-idade-nesta-sexta-feira-9","status":"publish","type":"post","link":"https:\/\/www.paudalho.pe.gov.br\/portal\/paudalho-inicia-vacinacao-contra-a-covid-19-em-idosos-a-partir-dos-62-anos-de-idade-nesta-sexta-feira-9\/","title":{"rendered":"Paudalho inicia vacina\u00e7\u00e3o contra a Covid-19 em idosos a partir dos 62 anos de idade nesta sexta-feira (9)"},"content":{"rendered":"\n<p>A Prefeitura do Paudalho iniciou nesta sexta-feira (9) uma nova fase na campanha de vacina\u00e7\u00e3o contra a Covid-19 no munic\u00edpio. Nessa nova etapa, a aplica\u00e7\u00e3o ocorrer\u00e1 para os idosos a partir dos 62 anos de idade. A imuniza\u00e7\u00e3o est\u00e1 sendo realizada no ponto drive-thru localizado em frente a sede da Secretaria Municipal de Sa\u00fade, no centro da cidade. O atendimento est\u00e1 dispon\u00edvel de segunda a sexta, das 8h \u00e0s 16h. No s\u00e1bado e no domingo o hor\u00e1rio \u00e9 reduzido, com acolhimento das 8h \u00e0s 12h.<\/p>\n\n\n\n<p>A aposentada Iraneide Cassiano, 64, mora em Paudalho h\u00e1 nove anos e foi uma das primeiras pessoas a serem atendidas durante esta manh\u00e3. A mun\u00edcipe se alegrou por ter recebido a dose da vacina e elogiou o atendimento: &#8220;O atendimento foi \u00f3timo e pegou-me de surpresa porque eu n\u00e3o sabia que tinha para a minha idade. Eu achei que n\u00e3o iria conseguir! Tirei at\u00e9 uma foto para mostrar para a minha agente de sa\u00fade porque eu j\u00e1 tinha me cadastrado anteriormente.&#8221;<\/p>\n\n\n\n<figure class=\"wp-block-gallery columns-1 is-cropped wp-block-gallery-1 is-layout-flex wp-block-gallery-is-layout-flex\"><ul class=\"blocks-gallery-grid\"><li class=\"blocks-gallery-item\"><figure><img loading=\"lazy\" decoding=\"async\" width=\"800\" height=\"450\" data-attachment-id=\"14466\" data-permalink=\"https:\/\/www.paudalho.pe.gov.br\/portal\/paudalho-inicia-vacinacao-contra-a-covid-19-em-idosos-a-partir-dos-62-anos-de-idade-nesta-sexta-feira-9\/_h5a0144\/\" data-orig-file=\"https:\/\/www.paudalho.pe.gov.br\/portal\/wp-content\/uploads\/2021\/04\/H5A0144-scaled.jpg\" data-orig-size=\"2560,1707\" data-comments-opened=\"1\" data-image-meta=\"{&quot;aperture&quot;:&quot;6.3&quot;,&quot;credit&quot;:&quot;CHARLES JOHNSON&quot;,&quot;camera&quot;:&quot;Canon EOS 5D Mark IV&quot;,&quot;caption&quot;:&quot;&quot;,&quot;created_timestamp&quot;:&quot;1616752453&quot;,&quot;copyright&quot;:&quot;CHARLES JOHNSON 81 986016133&quot;,&quot;focal_length&quot;:&quot;105&quot;,&quot;iso&quot;:&quot;1000&quot;,&quot;shutter_speed&quot;:&quot;0.004&quot;,&quot;title&quot;:&quot;&quot;,&quot;orientation&quot;:&quot;1&quot;}\" data-image-title=\"campanha de vacina\u00e7\u00e3o contra a covid-19 em Paudalho\" data-image-description=\"&lt;p&gt;Mulher usando equipamento de prote\u00e7\u00e3o hospitalar e \u00f3culos de grau esculo segura seringa.&lt;\/p&gt;\n\" data-image-caption=\"&lt;p&gt;De 19 de janeiro at\u00e9 a \u00faltima quarta-feira (07), 5.588 doses da vacina contra a Covid-19 j\u00e1 foram aplicadas em Paudalho. Cerca de Foto: Josu\u00e9 Filho\/PMP.&lt;\/p&gt;\n\" data-medium-file=\"https:\/\/www.paudalho.pe.gov.br\/portal\/wp-content\/uploads\/2021\/04\/H5A0144-350x230.jpg\" data-large-file=\"https:\/\/www.paudalho.pe.gov.br\/portal\/wp-content\/uploads\/2021\/04\/H5A0144-800x450.jpg\" src=\"https:\/\/www.paudalho.pe.gov.br\/portal\/wp-content\/uploads\/2021\/04\/H5A0144-800x450.jpg\" alt=\"campanha de vacina\u00e7\u00e3o contra a covid-19 em Paudalho\" data-id=\"14466\" data-full-url=\"https:\/\/www.paudalho.pe.gov.br\/portal\/wp-content\/uploads\/2021\/04\/H5A0144-scaled.jpg\" data-link=\"https:\/\/www.paudalho.pe.gov.br\/portal\/?attachment_id=14466\" class=\"wp-image-14466\"\/><figcaption class=\"blocks-gallery-item__caption\"><em>De 19 de janeiro at\u00e9 a \u00faltima quarta-feira (07), 5.588 doses da vacina contra a Covid-19 j\u00e1 foram aplicadas em Paudalho. Foto: Josu\u00e9 Filho\/PMP.<\/em><\/figcaption><\/figure><\/li><\/ul><\/figure>\n\n\n\n<p>Durante a ocasi\u00e3o \u00e9 importante que o idoso tenha a Carteira de Identidade, o CPF e um comprovante de resid\u00eancia em m\u00e3o. A secret\u00e1ria municipal de Sa\u00fade, L\u00facia Marinho, explica que a vacina\u00e7\u00e3o \u00e9 destinada \u00e0 popula\u00e7\u00e3o paudalhense e que por essa raz\u00e3o os documentos comprobat\u00f3rios s\u00e3o essenciais. \u201c[O paciente] precisa trazer o comprovante e a informa\u00e7\u00e3o sobre qual \u00e9 a Unidade de Sa\u00fade em que est\u00e1 cadastrado porque n\u00f3s estamos com as doses em fun\u00e7\u00e3o da popula\u00e7\u00e3o de Paudalho, cada munic\u00edpio tem recebido a sua quantidade espec\u00edfica para atender a sua popula\u00e7\u00e3o.&#8221;, declara a gestora.<\/p>\n\n\n\n<p>De acordo com dados divulgados pela Secretaria Municipal de Sa\u00fade, desde a chegada da primeira remessa do imunizante no munic\u00edpio, em 19 de janeiro, at\u00e9 ontem (7), 5.588 doses da vacina foram aplicadas. Desse total, 4.807 foram da primeira e 781 da segunda dose. <\/p>\n","protected":false},"excerpt":{"rendered":"<p>A Prefeitura do Paudalho iniciou nesta sexta-feira (9) uma nova fase na campanha de vacina\u00e7\u00e3o contra a Covid-19 no munic\u00edpio. Nessa nova etapa, a aplica\u00e7\u00e3o ocorrer\u00e1 para os idosos a partir dos 62 anos de idade. A imuniza\u00e7\u00e3o est\u00e1 sendo realizada no ponto drive-thru localizado em frente a sede da Secretaria Municipal de Sa\u00fade, no centro da cidade. <\/p>\n","protected":false},"author":6,"featured_media":14458,"comment_status":"open","ping_status":"open","sticky":false,"template":"","format":"standard","meta":{"_jetpack_newsletter_access":"","_jetpack_dont_email_post_to_subs":false,"_jetpack_newsletter_tier_id":0,"_jetpack_memberships_contains_paywalled_content":false,"_jetpack_memberships_contains_paid_content":false,"footnotes":""},"categories":[2,1,3],"tags":[622,677,22,168],"class_list":["post-14456","post","type-post","status-publish","format-standard","has-post-thumbnail","hentry","category-destaque","category-noticias","category-saude","tag-covid-19","tag-pandemia","tag-prefeitura-do-paudalho","tag-secretaria-de-saude"],"jetpack_featured_media_url":"https:\/\/www.paudalho.pe.gov.br\/portal\/wp-content\/uploads\/2021\/04\/H5A9853-scaled.jpg","jetpack_sharing_enabled":true,"jetpack_shortlink":"https:\/\/wp.me\/p98mS2-3La","_links":{"self":[{"href":"https:\/\/www.paudalho.pe.gov.br\/portal\/wp-json\/wp\/v2\/posts\/14456","targetHints":{"allow":["GET"]}}],"collection":[{"href":"https:\/\/www.paudalho.pe.gov.br\/portal\/wp-json\/wp\/v2\/posts"}],"about":[{"href":"https:\/\/www.paudalho.pe.gov.br\/portal\/wp-json\/wp\/v2\/types\/post"}],"author":[{"embeddable":true,"href":"https:\/\/www.paudalho.pe.gov.br\/portal\/wp-json\/wp\/v2\/users\/6"}],"replies":[{"embeddable":true,"href":"https:\/\/www.paudalho.pe.gov.br\/portal\/wp-json\/wp\/v2\/comments?post=14456"}],"version-history":[{"count":13,"href":"https:\/\/www.paudalho.pe.gov.br\/portal\/wp-json\/wp\/v2\/posts\/14456\/revisions"}],"predecessor-version":[{"id":14473,"href":"https:\/\/www.paudalho.pe.gov.br\/portal\/wp-json\/wp\/v2\/posts\/14456\/revisions\/14473"}],"wp:featuredmedia":[{"embeddable":true,"href":"https:\/\/www.paudalho.pe.gov.br\/portal\/wp-json\/wp\/v2\/media\/14458"}],"wp:attachment":[{"href":"https:\/\/www.paudalho.pe.gov.br\/portal\/wp-json\/wp\/v2\/media?parent=14456"}],"wp:term":[{"taxonomy":"category","embeddable":true,"href":"https:\/\/www.paudalho.pe.gov.br\/portal\/wp-json\/wp\/v2\/categories?post=14456"},{"taxonomy":"post_tag","embeddable":true,"href":"https:\/\/www.paudalho.pe.gov.br\/portal\/wp-json\/wp\/v2\/tags?post=14456"}],"curies":[{"name":"wp","href":"https:\/\/api.w.org\/{rel}","templated":true}]}}