{"id":14389,"date":"2021-04-06T14:45:11","date_gmt":"2021-04-06T17:45:11","guid":{"rendered":"https:\/\/www.paudalho.pe.gov.br\/portal\/?p=14389"},"modified":"2025-01-08T00:39:46","modified_gmt":"2025-01-08T03:39:46","slug":"saiba-quais-foram-as-principais-acoes-contra-a-covid-19-realizadas-pela-prefeitura-do-paudalho","status":"publish","type":"post","link":"https:\/\/www.paudalho.pe.gov.br\/portal\/saiba-quais-foram-as-principais-acoes-contra-a-covid-19-realizadas-pela-prefeitura-do-paudalho\/","title":{"rendered":"Saiba quais foram as principais a\u00e7\u00f5es contra a Covid-19 realizadas pela Prefeitura do Paudalho"},"content":{"rendered":"\n<p>A pandemia do coronav\u00edrus afetou diversos \u00e2mbitos da sociedade, principalmente, a sa\u00fade da popula\u00e7\u00e3o e o setor econ\u00f4mico-social. Como forma de prestar apoio aos paudalhenses durante a crise sanit\u00e1ria que o pa\u00eds enfrenta, a Prefeitura do Paudalho adotou uma s\u00e9rie de medidas contra a COVID-19 que v\u00eam sendo aplicadas desde o ano de 2020. Confira abaixo uma linha do tempo com cada uma das a\u00e7\u00f5es:<\/p>\n\n\n\n<figure class=\"wp-block-gallery columns-2 is-cropped wp-block-gallery-1 is-layout-flex wp-block-gallery-is-layout-flex\"><ul class=\"blocks-gallery-grid\"><li class=\"blocks-gallery-item\"><figure><img loading=\"lazy\" decoding=\"async\" width=\"800\" height=\"450\" data-attachment-id=\"10817\" data-permalink=\"https:\/\/www.paudalho.pe.gov.br\/portal\/00101ffb-4c8d-4ecf-8339-6e3f6793c3fc\/\" data-orig-file=\"https:\/\/www.paudalho.pe.gov.br\/portal\/wp-content\/uploads\/2020\/04\/00101FFB-4C8D-4ECF-8339-6E3F6793C3FC.jpeg\" data-orig-size=\"1280,853\" data-comments-opened=\"1\" data-image-meta=\"{&quot;aperture&quot;:&quot;0&quot;,&quot;credit&quot;:&quot;&quot;,&quot;camera&quot;:&quot;&quot;,&quot;caption&quot;:&quot;&quot;,&quot;created_timestamp&quot;:&quot;0&quot;,&quot;copyright&quot;:&quot;&quot;,&quot;focal_length&quot;:&quot;0&quot;,&quot;iso&quot;:&quot;0&quot;,&quot;shutter_speed&quot;:&quot;0&quot;,&quot;title&quot;:&quot;&quot;,&quot;orientation&quot;:&quot;0&quot;}\" data-image-title=\"00101FFB-4C8D-4ECF-8339-6E3F6793C3FC\" data-image-description=\"\" data-image-caption=\"\" data-medium-file=\"https:\/\/www.paudalho.pe.gov.br\/portal\/wp-content\/uploads\/2020\/04\/00101FFB-4C8D-4ECF-8339-6E3F6793C3FC-350x230.jpeg\" data-large-file=\"https:\/\/www.paudalho.pe.gov.br\/portal\/wp-content\/uploads\/2020\/04\/00101FFB-4C8D-4ECF-8339-6E3F6793C3FC-800x450.jpeg\" src=\"https:\/\/www.paudalho.pe.gov.br\/portal\/wp-content\/uploads\/2020\/04\/00101FFB-4C8D-4ECF-8339-6E3F6793C3FC-800x450.jpeg\" alt=\"\" data-id=\"10817\" data-full-url=\"https:\/\/www.paudalho.pe.gov.br\/portal\/wp-content\/uploads\/2020\/04\/00101FFB-4C8D-4ECF-8339-6E3F6793C3FC.jpeg\" data-link=\"https:\/\/www.paudalho.pe.gov.br\/portal\/00101ffb-4c8d-4ecf-8339-6e3f6793c3fc\/\" class=\"wp-image-10817\"\/><figcaption class=\"blocks-gallery-item__caption\"><em>Foto: Josu\u00e9 J\u00fanior\/PMP.<\/em><\/figcaption><\/figure><\/li><li class=\"blocks-gallery-item\"><figure><img loading=\"lazy\" decoding=\"async\" width=\"800\" height=\"450\" data-attachment-id=\"10722\" data-permalink=\"https:\/\/www.paudalho.pe.gov.br\/portal\/com-foco-no-combate-do-coronavirus-paudalho-realiza-acoes-de-higienizacao-em-ruas-e-espacos-publicos\/7496fdca-4b61-422a-9ea3-6f70351d5f76\/\" data-orig-file=\"https:\/\/www.paudalho.pe.gov.br\/portal\/wp-content\/uploads\/2020\/04\/7496FDCA-4B61-422A-9EA3-6F70351D5F76.jpeg\" data-orig-size=\"1280,853\" data-comments-opened=\"1\" data-image-meta=\"{&quot;aperture&quot;:&quot;0&quot;,&quot;credit&quot;:&quot;&quot;,&quot;camera&quot;:&quot;&quot;,&quot;caption&quot;:&quot;&quot;,&quot;created_timestamp&quot;:&quot;0&quot;,&quot;copyright&quot;:&quot;&quot;,&quot;focal_length&quot;:&quot;0&quot;,&quot;iso&quot;:&quot;0&quot;,&quot;shutter_speed&quot;:&quot;0&quot;,&quot;title&quot;:&quot;&quot;,&quot;orientation&quot;:&quot;0&quot;}\" data-image-title=\"7496FDCA-4B61-422A-9EA3-6F70351D5F76\" data-image-description=\"\" data-image-caption=\"\" data-medium-file=\"https:\/\/www.paudalho.pe.gov.br\/portal\/wp-content\/uploads\/2020\/04\/7496FDCA-4B61-422A-9EA3-6F70351D5F76-350x230.jpeg\" data-large-file=\"https:\/\/www.paudalho.pe.gov.br\/portal\/wp-content\/uploads\/2020\/04\/7496FDCA-4B61-422A-9EA3-6F70351D5F76-800x450.jpeg\" src=\"https:\/\/www.paudalho.pe.gov.br\/portal\/wp-content\/uploads\/2020\/04\/7496FDCA-4B61-422A-9EA3-6F70351D5F76-800x450.jpeg\" alt=\"\" data-id=\"10722\" data-full-url=\"https:\/\/www.paudalho.pe.gov.br\/portal\/wp-content\/uploads\/2020\/04\/7496FDCA-4B61-422A-9EA3-6F70351D5F76.jpeg\" data-link=\"https:\/\/www.paudalho.pe.gov.br\/portal\/com-foco-no-combate-do-coronavirus-paudalho-realiza-acoes-de-higienizacao-em-ruas-e-espacos-publicos\/7496fdca-4b61-422a-9ea3-6f70351d5f76\/\" class=\"wp-image-10722\"\/><figcaption class=\"blocks-gallery-item__caption\"><em>Foto: Prefeitura do Paudalho<\/em>.<\/figcaption><\/figure><\/li><\/ul><\/figure>\n\n\n\n<h4 class=\"wp-block-heading\"><strong>Mar\u00e7o de 2020<\/strong><\/h4>\n\n\n\n<p>As medidas preventivas foram iniciadas no primeiro semestre de 2020, per\u00edodo em que a pandemia despontou no Brasil. Em 17 de mar\u00e7o daquele ano, a Prefeitura criou o <a rel=\"noreferrer noopener\" href=\"https:\/\/www.paudalho.pe.gov.br\/portal\/prefeitura-do-paudalho-cria-comite-de-enfrentamento-da-crise-coronavirus-cecc\/\" target=\"_blank\">Comit\u00ea de Enfrentamento da Crise-Coronav\u00edrus (CECC)<\/a> e publicou o Decreto Municipal N\u00famero 122, documento oficial que reuniu medidas restritivas como a proibi\u00e7\u00e3o de aglomera\u00e7\u00f5es e a suspens\u00e3o dos com\u00e9rcios n\u00e3o essenciais. <\/p>\n\n\n\n<p>Nesse mesmo m\u00eas, a Secretaria de Desenvolvimento e Assist\u00eancia Social (SEDAS) realizou a entrega do Benef\u00edcio Eventual Cesta B\u00e1sica, a\u00e7\u00e3o que teve como objetivo garantir suprimentos aos trabalhadores informais do munic\u00edpio, como ambulantes de S\u00e3o Severino dos Ramos e mototaxistas.<\/p>\n\n\n\n<figure class=\"wp-block-gallery columns-2 is-cropped wp-block-gallery-2 is-layout-flex wp-block-gallery-is-layout-flex\"><ul class=\"blocks-gallery-grid\"><li class=\"blocks-gallery-item\"><figure><img loading=\"lazy\" decoding=\"async\" width=\"800\" height=\"450\" data-attachment-id=\"10713\" data-permalink=\"https:\/\/www.paudalho.pe.gov.br\/portal\/prefeitura-do-paudalho-vai-entregar-cerca-de-120-mil-mascaras-de-tecido-para-populacao\/0832724f-d574-40ad-a659-289756228a69\/\" data-orig-file=\"https:\/\/www.paudalho.pe.gov.br\/portal\/wp-content\/uploads\/2020\/04\/0832724F-D574-40AD-A659-289756228A69.jpeg\" data-orig-size=\"1280,853\" data-comments-opened=\"1\" data-image-meta=\"{&quot;aperture&quot;:&quot;0&quot;,&quot;credit&quot;:&quot;&quot;,&quot;camera&quot;:&quot;&quot;,&quot;caption&quot;:&quot;&quot;,&quot;created_timestamp&quot;:&quot;0&quot;,&quot;copyright&quot;:&quot;&quot;,&quot;focal_length&quot;:&quot;0&quot;,&quot;iso&quot;:&quot;0&quot;,&quot;shutter_speed&quot;:&quot;0&quot;,&quot;title&quot;:&quot;&quot;,&quot;orientation&quot;:&quot;0&quot;}\" data-image-title=\"0832724F-D574-40AD-A659-289756228A69\" data-image-description=\"\" data-image-caption=\"\" data-medium-file=\"https:\/\/www.paudalho.pe.gov.br\/portal\/wp-content\/uploads\/2020\/04\/0832724F-D574-40AD-A659-289756228A69-350x230.jpeg\" data-large-file=\"https:\/\/www.paudalho.pe.gov.br\/portal\/wp-content\/uploads\/2020\/04\/0832724F-D574-40AD-A659-289756228A69-800x450.jpeg\" src=\"https:\/\/www.paudalho.pe.gov.br\/portal\/wp-content\/uploads\/2020\/04\/0832724F-D574-40AD-A659-289756228A69-800x450.jpeg\" alt=\"\" data-id=\"10713\" data-full-url=\"https:\/\/www.paudalho.pe.gov.br\/portal\/wp-content\/uploads\/2020\/04\/0832724F-D574-40AD-A659-289756228A69.jpeg\" data-link=\"https:\/\/www.paudalho.pe.gov.br\/portal\/prefeitura-do-paudalho-vai-entregar-cerca-de-120-mil-mascaras-de-tecido-para-populacao\/0832724f-d574-40ad-a659-289756228a69\/\" class=\"wp-image-10713\"\/><figcaption class=\"blocks-gallery-item__caption\"><em>Foto: Isak de Castro\/PMP<\/em>.<\/figcaption><\/figure><\/li><li class=\"blocks-gallery-item\"><figure><img loading=\"lazy\" decoding=\"async\" width=\"800\" height=\"450\" data-attachment-id=\"10933\" data-permalink=\"https:\/\/www.paudalho.pe.gov.br\/portal\/prefeitura-do-paudalho-comeca-a-entrega-dos-kits-merenda-para-alunos-da-rede-municipal-de-ensino\/whatsapp-image-2020-05-06-at-15-53-52-3-1\/\" data-orig-file=\"https:\/\/www.paudalho.pe.gov.br\/portal\/wp-content\/uploads\/2020\/05\/WhatsApp-Image-2020-05-06-at-15.53.52-3-1.jpeg\" data-orig-size=\"1024,682\" data-comments-opened=\"1\" data-image-meta=\"{&quot;aperture&quot;:&quot;0&quot;,&quot;credit&quot;:&quot;&quot;,&quot;camera&quot;:&quot;&quot;,&quot;caption&quot;:&quot;&quot;,&quot;created_timestamp&quot;:&quot;0&quot;,&quot;copyright&quot;:&quot;&quot;,&quot;focal_length&quot;:&quot;0&quot;,&quot;iso&quot;:&quot;0&quot;,&quot;shutter_speed&quot;:&quot;0&quot;,&quot;title&quot;:&quot;&quot;,&quot;orientation&quot;:&quot;0&quot;}\" data-image-title=\"WhatsApp-Image-2020-05-06-at-15.53.52-3-1\" data-image-description=\"\" data-image-caption=\"\" data-medium-file=\"https:\/\/www.paudalho.pe.gov.br\/portal\/wp-content\/uploads\/2020\/05\/WhatsApp-Image-2020-05-06-at-15.53.52-3-1-350x230.jpeg\" data-large-file=\"https:\/\/www.paudalho.pe.gov.br\/portal\/wp-content\/uploads\/2020\/05\/WhatsApp-Image-2020-05-06-at-15.53.52-3-1-800x450.jpeg\" src=\"https:\/\/www.paudalho.pe.gov.br\/portal\/wp-content\/uploads\/2020\/05\/WhatsApp-Image-2020-05-06-at-15.53.52-3-1-800x450.jpeg\" alt=\"\" data-id=\"10933\" data-full-url=\"https:\/\/www.paudalho.pe.gov.br\/portal\/wp-content\/uploads\/2020\/05\/WhatsApp-Image-2020-05-06-at-15.53.52-3-1.jpeg\" data-link=\"https:\/\/www.paudalho.pe.gov.br\/portal\/prefeitura-do-paudalho-comeca-a-entrega-dos-kits-merenda-para-alunos-da-rede-municipal-de-ensino\/whatsapp-image-2020-05-06-at-15-53-52-3-1\/\" class=\"wp-image-10933\"\/><figcaption class=\"blocks-gallery-item__caption\"><em>Foto: Josu\u00e9 J\u00fanior\/PMP.<\/em><\/figcaption><\/figure><\/li><\/ul><\/figure>\n\n\n\n<h4 class=\"wp-block-heading\"><strong>Abril de 2020<\/strong><\/h4>\n\n\n\n<p>Em abril, uma parceria com a Cooperativa de Costura e Confec\u00e7\u00e3o proporcionou a <a rel=\"noreferrer noopener\" href=\"https:\/\/www.paudalho.pe.gov.br\/portal\/prefeitura-do-paudalho-vai-entregar-cerca-de-120-mil-mascaras-de-tecido-para-populacao\/\" target=\"_blank\">entrega de\u00a0 120 mil m\u00e1scaras de tecido<\/a> \u00e0 popula\u00e7\u00e3o local. Cada cidad\u00e3o recebeu duas unidades do acess\u00f3rio. A Prefeitura tamb\u00e9m <a rel=\"noreferrer noopener\" href=\"https:\/\/www.paudalho.pe.gov.br\/portal\/paudalho-reforca-limpeza-de-ruas-e-demais-espacos-publicos-para-conter-a-disseminacao-do-coronavirus\/\" target=\"_blank\">refor\u00e7ou a limpeza das ruas e demais espa\u00e7os p\u00fablicos<\/a> por meio de um cronograma de higieniza\u00e7\u00e3o e dedetiza\u00e7\u00e3o. Outra importante medida foi a instala\u00e7\u00e3o de <a rel=\"noreferrer noopener\" href=\"https:\/\/www.paudalho.pe.gov.br\/portal\/prefeitura-do-paudalho-instala-lavadores-na-cidade-para-higienizacao-contra-o-coronavirus\/\" target=\"_blank\">lavadores<\/a> na cidade.<\/p>\n\n\n\n<p>Tamb\u00e9m ocorreu o lan\u00e7amento da <a rel=\"noreferrer noopener\" href=\"https:\/\/www.instagram.com\/p\/B_V9K-yF8sY\/\" target=\"_blank\">Campanha Paudalho Solid\u00e1rio<\/a> e, por meio da colabora\u00e7\u00e3o de v\u00e1rios paudalhenses, 250 kits compostos por produtos de higiene e limpeza foram arrecadados. Os donativos foram entregues no dia 23 de abril a pessoas em situa\u00e7\u00e3o de vulnerabilidade social e para o Abrigo Cazuza Pinheiro. No mesmo m\u00eas, atrav\u00e9s da Secretaria de Educa\u00e7\u00e3o (SEDUC), a Prefeitura iniciou <a rel=\"noreferrer noopener\" href=\"https:\/\/www.paudalho.pe.gov.br\/portal\/prefeitura-do-paudalho-comeca-a-entrega-dos-kits-merenda-para-alunos-da-rede-municipal-de-ensino\/\" target=\"_blank\">a distribui\u00e7\u00e3o dos Kits Merenda para alunos da Rede Municipal de Ensino<\/a>.<\/p>\n\n\n\n<p>Para ter um contato efetivo e direto com o p\u00fablico, a Prefeitura disponibilizou o canal de atendimento via WhatsApp Conecta Paudalho. Por ele \u00e9 poss\u00edvel tirar d\u00favidas, ter acesso aos servi\u00e7os oferecidos pelo Governo Municipal e demais informa\u00e7\u00f5es. Al\u00e9m desse canal de comunica\u00e7\u00e3o, a Secretaria de Desenvolvimento e Assist\u00eancia Social (SEDAS) disponibilizou o <a rel=\"noreferrer noopener\" href=\"https:\/\/www.instagram.com\/p\/B-7yVralu5M\/\" target=\"_blank\">Atendimento Servi\u00e7o Social Municipal<\/a>, pelo n\u00famero (81) 99958-0644, e o <a rel=\"noreferrer noopener\" href=\"https:\/\/www.instagram.com\/p\/B-7sTSFlFIu\/\" target=\"_blank\">Atendimento Psic\u00f3logo Municipal <\/a>(81) 9 9988-0029, ambos com funcionamento on-line.<\/p>\n\n\n\n<figure class=\"wp-block-gallery columns-2 is-cropped wp-block-gallery-3 is-layout-flex wp-block-gallery-is-layout-flex\"><ul class=\"blocks-gallery-grid\"><li class=\"blocks-gallery-item\"><figure><img loading=\"lazy\" decoding=\"async\" width=\"800\" height=\"450\" data-attachment-id=\"10896\" data-permalink=\"https:\/\/www.paudalho.pe.gov.br\/portal\/prefeitura-do-paudalho-realiza-plano-de-acao-com-o-objetivo-de-organizar-filas-para-saque-do-auxilio-emergencial\/whatsapp-image-2020-05-04-at-07-05-51\/\" data-orig-file=\"https:\/\/www.paudalho.pe.gov.br\/portal\/wp-content\/uploads\/2020\/05\/WhatsApp-Image-2020-05-04-at-07.05.51.jpeg\" data-orig-size=\"1280,960\" data-comments-opened=\"1\" data-image-meta=\"{&quot;aperture&quot;:&quot;0&quot;,&quot;credit&quot;:&quot;&quot;,&quot;camera&quot;:&quot;&quot;,&quot;caption&quot;:&quot;&quot;,&quot;created_timestamp&quot;:&quot;0&quot;,&quot;copyright&quot;:&quot;&quot;,&quot;focal_length&quot;:&quot;0&quot;,&quot;iso&quot;:&quot;0&quot;,&quot;shutter_speed&quot;:&quot;0&quot;,&quot;title&quot;:&quot;&quot;,&quot;orientation&quot;:&quot;0&quot;}\" data-image-title=\"WhatsApp Image 2020-05-04 at 07.05.51\" data-image-description=\"\" data-image-caption=\"\" data-medium-file=\"https:\/\/www.paudalho.pe.gov.br\/portal\/wp-content\/uploads\/2020\/05\/WhatsApp-Image-2020-05-04-at-07.05.51-350x230.jpeg\" data-large-file=\"https:\/\/www.paudalho.pe.gov.br\/portal\/wp-content\/uploads\/2020\/05\/WhatsApp-Image-2020-05-04-at-07.05.51-800x450.jpeg\" src=\"https:\/\/www.paudalho.pe.gov.br\/portal\/wp-content\/uploads\/2020\/05\/WhatsApp-Image-2020-05-04-at-07.05.51-800x450.jpeg\" alt=\"\" data-id=\"10896\" data-full-url=\"https:\/\/www.paudalho.pe.gov.br\/portal\/wp-content\/uploads\/2020\/05\/WhatsApp-Image-2020-05-04-at-07.05.51.jpeg\" data-link=\"https:\/\/www.paudalho.pe.gov.br\/portal\/prefeitura-do-paudalho-realiza-plano-de-acao-com-o-objetivo-de-organizar-filas-para-saque-do-auxilio-emergencial\/whatsapp-image-2020-05-04-at-07-05-51\/\" class=\"wp-image-10896\"\/><figcaption class=\"blocks-gallery-item__caption\"><em>Foto: Isak de Castro\/PMP<\/em>.<\/figcaption><\/figure><\/li><li class=\"blocks-gallery-item\"><figure><img loading=\"lazy\" decoding=\"async\" width=\"800\" height=\"450\" data-attachment-id=\"12509\" data-permalink=\"https:\/\/www.paudalho.pe.gov.br\/portal\/em-paudalho-dia-do-servidor-publico-sera-comemorado-na-sexta-feira-30\/67421075_1440603152730096_8193857174728867840_o\/\" data-orig-file=\"https:\/\/www.paudalho.pe.gov.br\/portal\/wp-content\/uploads\/2020\/10\/67421075_1440603152730096_8193857174728867840_o.jpg\" data-orig-size=\"1279,781\" data-comments-opened=\"1\" data-image-meta=\"{&quot;aperture&quot;:&quot;0&quot;,&quot;credit&quot;:&quot;&quot;,&quot;camera&quot;:&quot;&quot;,&quot;caption&quot;:&quot;&quot;,&quot;created_timestamp&quot;:&quot;0&quot;,&quot;copyright&quot;:&quot;&quot;,&quot;focal_length&quot;:&quot;0&quot;,&quot;iso&quot;:&quot;0&quot;,&quot;shutter_speed&quot;:&quot;0&quot;,&quot;title&quot;:&quot;&quot;,&quot;orientation&quot;:&quot;0&quot;}\" data-image-title=\"67421075_1440603152730096_8193857174728867840_o\" data-image-description=\"\" data-image-caption=\"\" data-medium-file=\"https:\/\/www.paudalho.pe.gov.br\/portal\/wp-content\/uploads\/2020\/10\/67421075_1440603152730096_8193857174728867840_o-350x230.jpg\" data-large-file=\"https:\/\/www.paudalho.pe.gov.br\/portal\/wp-content\/uploads\/2020\/10\/67421075_1440603152730096_8193857174728867840_o-800x450.jpg\" src=\"https:\/\/www.paudalho.pe.gov.br\/portal\/wp-content\/uploads\/2020\/10\/67421075_1440603152730096_8193857174728867840_o-800x450.jpg\" alt=\"\" data-id=\"12509\" data-full-url=\"https:\/\/www.paudalho.pe.gov.br\/portal\/wp-content\/uploads\/2020\/10\/67421075_1440603152730096_8193857174728867840_o.jpg\" data-link=\"https:\/\/www.paudalho.pe.gov.br\/portal\/em-paudalho-dia-do-servidor-publico-sera-comemorado-na-sexta-feira-30\/67421075_1440603152730096_8193857174728867840_o\/\" class=\"wp-image-12509\"\/><figcaption class=\"blocks-gallery-item__caption\"><em>Foto: Isak de Castro\/PMP<\/em>.<\/figcaption><\/figure><\/li><\/ul><\/figure>\n\n\n\n<h4 class=\"wp-block-heading\"><strong>Maio de 2020<\/strong><\/h4>\n\n\n\n<p>Em maio, a Prefeitura do Paudalho implementou o <a rel=\"noreferrer noopener\" href=\"https:\/\/www.paudalho.pe.gov.br\/portal\/prefeitura-do-paudalho-realiza-plano-de-acao-com-o-objetivo-de-organizar-filas-para-saque-do-auxilio-emergencial\/\" target=\"_blank\">Plano de A\u00e7\u00e3o COVID-19 Corredor Banc\u00e1rio<\/a> com o objetivo de organizar as filas para saque do aux\u00edlio emergencial. Tamb\u00e9m foram disponibilizados Plant\u00f5es de Sa\u00fade onde ambul\u00e2ncias e profissionais habilitados ficaram \u00e0 disposi\u00e7\u00e3o para atender emerg\u00eancias no local.<\/p>\n\n\n\n<figure class=\"wp-block-gallery columns-2 is-cropped wp-block-gallery-4 is-layout-flex wp-block-gallery-is-layout-flex\"><ul class=\"blocks-gallery-grid\"><li class=\"blocks-gallery-item\"><figure><img loading=\"lazy\" decoding=\"async\" width=\"800\" height=\"450\" data-attachment-id=\"11569\" data-permalink=\"https:\/\/www.paudalho.pe.gov.br\/portal\/paudalho-lanca-plataforma-de-aprendizagem-online-educa-na-web-para-alunos-da-rede-municipal-de-ensino\/whatsapp-image-2020-06-27-at-12-22-13-pm\/\" data-orig-file=\"https:\/\/www.paudalho.pe.gov.br\/portal\/wp-content\/uploads\/2020\/06\/WhatsApp-Image-2020-06-27-at-12.22.13-PM.jpeg\" data-orig-size=\"1280,853\" data-comments-opened=\"1\" data-image-meta=\"{&quot;aperture&quot;:&quot;0&quot;,&quot;credit&quot;:&quot;&quot;,&quot;camera&quot;:&quot;&quot;,&quot;caption&quot;:&quot;&quot;,&quot;created_timestamp&quot;:&quot;0&quot;,&quot;copyright&quot;:&quot;&quot;,&quot;focal_length&quot;:&quot;0&quot;,&quot;iso&quot;:&quot;0&quot;,&quot;shutter_speed&quot;:&quot;0&quot;,&quot;title&quot;:&quot;&quot;,&quot;orientation&quot;:&quot;0&quot;}\" data-image-title=\"WhatsApp Image 2020-06-27 at 12.22.13 PM\" data-image-description=\"\" data-image-caption=\"\" data-medium-file=\"https:\/\/www.paudalho.pe.gov.br\/portal\/wp-content\/uploads\/2020\/06\/WhatsApp-Image-2020-06-27-at-12.22.13-PM-350x230.jpeg\" data-large-file=\"https:\/\/www.paudalho.pe.gov.br\/portal\/wp-content\/uploads\/2020\/06\/WhatsApp-Image-2020-06-27-at-12.22.13-PM-800x450.jpeg\" src=\"https:\/\/www.paudalho.pe.gov.br\/portal\/wp-content\/uploads\/2020\/06\/WhatsApp-Image-2020-06-27-at-12.22.13-PM-800x450.jpeg\" alt=\"\" data-id=\"11569\" data-full-url=\"https:\/\/www.paudalho.pe.gov.br\/portal\/wp-content\/uploads\/2020\/06\/WhatsApp-Image-2020-06-27-at-12.22.13-PM.jpeg\" data-link=\"https:\/\/www.paudalho.pe.gov.br\/portal\/paudalho-lanca-plataforma-de-aprendizagem-online-educa-na-web-para-alunos-da-rede-municipal-de-ensino\/whatsapp-image-2020-06-27-at-12-22-13-pm\/\" class=\"wp-image-11569\"\/><figcaption class=\"blocks-gallery-item__caption\"><em>Foto: Isak de Castro\/PMP<\/em>.<\/figcaption><\/figure><\/li><li class=\"blocks-gallery-item\"><figure><img loading=\"lazy\" decoding=\"async\" width=\"800\" height=\"450\" data-attachment-id=\"14202\" data-permalink=\"https:\/\/www.paudalho.pe.gov.br\/portal\/paudalho-retoma-atendimento-na-ala-exclusiva-para-o-tratamento-de-pessoas-com-suspeitas-de-covid-19\/alacovid2\/\" data-orig-file=\"https:\/\/www.paudalho.pe.gov.br\/portal\/wp-content\/uploads\/2021\/03\/alacovid2.jpeg\" data-orig-size=\"1280,853\" data-comments-opened=\"1\" data-image-meta=\"{&quot;aperture&quot;:&quot;0&quot;,&quot;credit&quot;:&quot;&quot;,&quot;camera&quot;:&quot;&quot;,&quot;caption&quot;:&quot;&quot;,&quot;created_timestamp&quot;:&quot;0&quot;,&quot;copyright&quot;:&quot;&quot;,&quot;focal_length&quot;:&quot;0&quot;,&quot;iso&quot;:&quot;0&quot;,&quot;shutter_speed&quot;:&quot;0&quot;,&quot;title&quot;:&quot;&quot;,&quot;orientation&quot;:&quot;0&quot;}\" data-image-title=\"alacovid2\" data-image-description=\"\" data-image-caption=\"\" data-medium-file=\"https:\/\/www.paudalho.pe.gov.br\/portal\/wp-content\/uploads\/2021\/03\/alacovid2-350x230.jpeg\" data-large-file=\"https:\/\/www.paudalho.pe.gov.br\/portal\/wp-content\/uploads\/2021\/03\/alacovid2-800x450.jpeg\" src=\"https:\/\/www.paudalho.pe.gov.br\/portal\/wp-content\/uploads\/2021\/03\/alacovid2-800x450.jpeg\" alt=\"\" data-id=\"14202\" data-full-url=\"https:\/\/www.paudalho.pe.gov.br\/portal\/wp-content\/uploads\/2021\/03\/alacovid2.jpeg\" data-link=\"https:\/\/www.paudalho.pe.gov.br\/portal\/paudalho-retoma-atendimento-na-ala-exclusiva-para-o-tratamento-de-pessoas-com-suspeitas-de-covid-19\/alacovid2\/\" class=\"wp-image-14202\"\/><figcaption class=\"blocks-gallery-item__caption\"><em>Foto: Isak de Castro\/PMP<\/em>.<\/figcaption><\/figure><\/li><\/ul><\/figure>\n\n\n\n<h4 class=\"wp-block-heading\"><strong>Junho de 2020<\/strong><\/h4>\n\n\n\n<p>Com a finalidade de dar prosseguimento ao processo de aprendizagem dos estudantes da Rede Municipal de Ensino, em junho de 2020, a Secretaria de Educa\u00e7\u00e3o (SEDUC) lan\u00e7ou a plataforma de aprendizagem on-line\u00a0<a rel=\"noreferrer noopener\" href=\"https:\/\/www.paudalho.pe.gov.br\/portal\/paudalho-lanca-plataforma-de-aprendizagem-online-educa-na-web-para-alunos-da-rede-municipal-de-ensino\/\" target=\"_blank\">Educa na Web<\/a>. J\u00e1 a SEDAS realizou a entrega do Benef\u00edcio Eventual Natalidade, onde foram distribu\u00eddos Kits Enxoval no domic\u00edlio de usu\u00e1rias cadastradas.<\/p>\n\n\n\n<p>Naquele per\u00edodo tamb\u00e9m foi inaugurada a <a rel=\"noreferrer noopener\" href=\"https:\/\/www.paudalho.pe.gov.br\/portal\/hospital-municipal-de-paudalho-tera-ala-exclusiva-para-tratamento-da-covid-19\/\" target=\"_blank\">Ala exclusiva para o tratamento de pessoas com a COVID-19<\/a> no Hospital Municipal de Paudalho.\u00a0Na unidade foram disponibilizados 30 leitos, uma sala vermelha e tr\u00eas novas ambul\u00e2ncias. Al\u00e9m disso, 70 novos profissionais da \u00e1rea de sa\u00fade foram contratados para o atendimento dos pacientes. <\/p>\n\n\n\n<figure class=\"wp-block-gallery columns-2 is-cropped wp-block-gallery-5 is-layout-flex wp-block-gallery-is-layout-flex\"><ul class=\"blocks-gallery-grid\"><li class=\"blocks-gallery-item\"><figure><img loading=\"lazy\" decoding=\"async\" width=\"800\" height=\"450\" data-attachment-id=\"10120\" data-permalink=\"https:\/\/www.paudalho.pe.gov.br\/portal\/primeiro-dia-do-carnaval-2020-de-paudalho-reune-cerca-de-80-mil-folioes\/whatsapp-image-2020-02-24-at-00-19-19\/\" data-orig-file=\"https:\/\/www.paudalho.pe.gov.br\/portal\/wp-content\/uploads\/2020\/02\/WhatsApp-Image-2020-02-24-at-00.19.19.jpeg\" data-orig-size=\"1280,853\" data-comments-opened=\"1\" data-image-meta=\"{&quot;aperture&quot;:&quot;0&quot;,&quot;credit&quot;:&quot;&quot;,&quot;camera&quot;:&quot;&quot;,&quot;caption&quot;:&quot;&quot;,&quot;created_timestamp&quot;:&quot;0&quot;,&quot;copyright&quot;:&quot;&quot;,&quot;focal_length&quot;:&quot;0&quot;,&quot;iso&quot;:&quot;0&quot;,&quot;shutter_speed&quot;:&quot;0&quot;,&quot;title&quot;:&quot;&quot;,&quot;orientation&quot;:&quot;0&quot;}\" data-image-title=\"leialdirblancpaudalho\" data-image-description=\"\" data-image-caption=\"\" data-medium-file=\"https:\/\/www.paudalho.pe.gov.br\/portal\/wp-content\/uploads\/2020\/02\/WhatsApp-Image-2020-02-24-at-00.19.19-350x230.jpeg\" data-large-file=\"https:\/\/www.paudalho.pe.gov.br\/portal\/wp-content\/uploads\/2020\/02\/WhatsApp-Image-2020-02-24-at-00.19.19-800x450.jpeg\" src=\"https:\/\/www.paudalho.pe.gov.br\/portal\/wp-content\/uploads\/2020\/02\/WhatsApp-Image-2020-02-24-at-00.19.19-800x450.jpeg\" alt=\"\" data-id=\"10120\" data-full-url=\"https:\/\/www.paudalho.pe.gov.br\/portal\/wp-content\/uploads\/2020\/02\/WhatsApp-Image-2020-02-24-at-00.19.19.jpeg\" data-link=\"https:\/\/www.paudalho.pe.gov.br\/portal\/primeiro-dia-do-carnaval-2020-de-paudalho-reune-cerca-de-80-mil-folioes\/whatsapp-image-2020-02-24-at-00-19-19\/\" class=\"wp-image-10120\"\/><figcaption class=\"blocks-gallery-item__caption\"><em>Foto: Josu\u00e9 J\u00fanior\/PMP.<\/em><\/figcaption><\/figure><\/li><li class=\"blocks-gallery-item\"><figure><img loading=\"lazy\" decoding=\"async\" width=\"512\" height=\"339\" data-attachment-id=\"14423\" data-permalink=\"https:\/\/www.paudalho.pe.gov.br\/portal\/saiba-quais-foram-as-principais-acoes-contra-a-covid-19-realizadas-pela-prefeitura-do-paudalho\/a-drop-of-blood-on-a-womans-fingertip-she-is-preparing-to-donate-blood\/\" data-orig-file=\"https:\/\/www.paudalho.pe.gov.br\/portal\/wp-content\/uploads\/2021\/04\/unnamed.jpg\" data-orig-size=\"512,339\" data-comments-opened=\"1\" data-image-meta=\"{&quot;aperture&quot;:&quot;0&quot;,&quot;credit&quot;:&quot;Bamusiime Sylvia&quot;,&quot;camera&quot;:&quot;&quot;,&quot;caption&quot;:&quot;A drop of blood on a woman&#039;s fingertip. She is preparing to donate blood.&quot;,&quot;created_timestamp&quot;:&quot;0&quot;,&quot;copyright&quot;:&quot;&quot;,&quot;focal_length&quot;:&quot;0&quot;,&quot;iso&quot;:&quot;0&quot;,&quot;shutter_speed&quot;:&quot;0&quot;,&quot;title&quot;:&quot;A drop of blood on a woman&#039;s fingertip. She is preparing to donate blood.&quot;,&quot;orientation&quot;:&quot;0&quot;}\" data-image-title=\"A drop of blood on a woman&#8217;s fingertip. She is preparing to donate blood.\" data-image-description=\"\" data-image-caption=\"&lt;p&gt;A drop of blood on a woman&#8217;s fingertip. She is preparing to donate blood.&lt;\/p&gt;\n\" data-medium-file=\"https:\/\/www.paudalho.pe.gov.br\/portal\/wp-content\/uploads\/2021\/04\/unnamed-350x230.jpg\" data-large-file=\"https:\/\/www.paudalho.pe.gov.br\/portal\/wp-content\/uploads\/2021\/04\/unnamed.jpg\" src=\"https:\/\/www.paudalho.pe.gov.br\/portal\/wp-content\/uploads\/2021\/04\/unnamed.jpg\" alt=\"\" data-id=\"14423\" data-full-url=\"https:\/\/www.paudalho.pe.gov.br\/portal\/wp-content\/uploads\/2021\/04\/unnamed.jpg\" data-link=\"https:\/\/www.paudalho.pe.gov.br\/portal\/?attachment_id=14423\" class=\"wp-image-14423\"\/><figcaption class=\"blocks-gallery-item__caption\"><em>Foto: Imagem Ilustrativa\/Conselho Federal de Farm\u00e1cia.<\/em><\/figcaption><\/figure><\/li><\/ul><\/figure>\n\n\n\n<h4 class=\"wp-block-heading\"><strong>Julho de 2020<\/strong><\/h4>\n\n\n\n<p>A pandemia da COVID-19 afetou diretamente o setor de eventos e turismo, o que fez com que pessoas que trabalham no ramo art\u00edstico perdessem grande parte ou at\u00e9 mesmo o valor total de sua renda. Como forma de valorizar os artistas do munic\u00edpio, em julho de 2020, a Secretaria de Cultura, Esporte, Juventude, Turismo e Lazer iniciou o cadastro de trabalhadores da \u00e1rea art\u00edstica e cultural para o repasse de recursos da <a rel=\"noreferrer noopener\" href=\"https:\/\/www.paudalho.pe.gov.br\/portal\/secretaria-municipal-de-cultura-realiza-cadastros-para-auxilio-emergencial-da-lei-aldir-blanc\/\" target=\"_blank\">Lei de Emerg\u00eancia Cultural Aldir Blanc<\/a>.<\/p>\n\n\n\n<p>Um avan\u00e7o na \u00e1rea da sa\u00fade foi a parceria da Prefeitura com a Universidade Federal de Pernambuco (UFPE). Por meio dela a popula\u00e7\u00e3o passou a ter acesso a um modelo de teste r\u00e1pido da Covid-19. Denominado Heg.IA, o modelo \u00e9 uma tecnologia de alta precis\u00e3o que funciona por meio de exame de sangue e Intelig\u00eancia Artificial.<\/p>\n\n\n\n<figure class=\"wp-block-gallery columns-2 is-cropped wp-block-gallery-6 is-layout-flex wp-block-gallery-is-layout-flex\"><ul class=\"blocks-gallery-grid\"><li class=\"blocks-gallery-item\"><figure><img loading=\"lazy\" decoding=\"async\" width=\"800\" height=\"450\" data-attachment-id=\"13337\" data-permalink=\"https:\/\/www.paudalho.pe.gov.br\/portal\/paudalho-recebe-primeiro-lote-com-323-doses-da-vacina-contra-a-covid-19\/primeirovacinadopaudalho-1\/\" data-orig-file=\"https:\/\/www.paudalho.pe.gov.br\/portal\/wp-content\/uploads\/2021\/01\/primeirovacinadopaudalho-1.jpeg\" data-orig-size=\"1280,853\" data-comments-opened=\"1\" data-image-meta=\"{&quot;aperture&quot;:&quot;0&quot;,&quot;credit&quot;:&quot;&quot;,&quot;camera&quot;:&quot;&quot;,&quot;caption&quot;:&quot;&quot;,&quot;created_timestamp&quot;:&quot;0&quot;,&quot;copyright&quot;:&quot;&quot;,&quot;focal_length&quot;:&quot;0&quot;,&quot;iso&quot;:&quot;0&quot;,&quot;shutter_speed&quot;:&quot;0&quot;,&quot;title&quot;:&quot;&quot;,&quot;orientation&quot;:&quot;0&quot;}\" data-image-title=\"primeirovacinadopaudalho-1\" data-image-description=\"\" data-image-caption=\"&lt;p&gt;Primeiro paudalhense a ser vacinado contra a Covid-19. Foto: Isak de Castro.&lt;\/p&gt;\n\" data-medium-file=\"https:\/\/www.paudalho.pe.gov.br\/portal\/wp-content\/uploads\/2021\/01\/primeirovacinadopaudalho-1-350x230.jpeg\" data-large-file=\"https:\/\/www.paudalho.pe.gov.br\/portal\/wp-content\/uploads\/2021\/01\/primeirovacinadopaudalho-1-800x450.jpeg\" src=\"https:\/\/www.paudalho.pe.gov.br\/portal\/wp-content\/uploads\/2021\/01\/primeirovacinadopaudalho-1-800x450.jpeg\" alt=\"\" data-id=\"13337\" data-full-url=\"https:\/\/www.paudalho.pe.gov.br\/portal\/wp-content\/uploads\/2021\/01\/primeirovacinadopaudalho-1.jpeg\" data-link=\"https:\/\/www.paudalho.pe.gov.br\/portal\/paudalho-recebe-primeiro-lote-com-323-doses-da-vacina-contra-a-covid-19\/primeirovacinadopaudalho-1\/\" class=\"wp-image-13337\"\/><figcaption class=\"blocks-gallery-item__caption\"><em>Foto: Isak de Castro\/PMP.<\/em><\/figcaption><\/figure><\/li><li class=\"blocks-gallery-item\"><figure><img loading=\"lazy\" decoding=\"async\" width=\"800\" height=\"450\" data-attachment-id=\"14289\" data-permalink=\"https:\/\/www.paudalho.pe.gov.br\/portal\/com-sistema-drive-thru-paudalho-inicia-nova-fase-da-campanha-de-vacinacao-contra-a-covid-19-nesta-segunda-feira-22\/whatsapp-image-2021-03-22-at-10-19-04-3\/\" data-orig-file=\"https:\/\/www.paudalho.pe.gov.br\/portal\/wp-content\/uploads\/2021\/03\/WhatsApp-Image-2021-03-22-at-10.19.04-3.jpeg\" data-orig-size=\"1280,853\" data-comments-opened=\"1\" data-image-meta=\"{&quot;aperture&quot;:&quot;0&quot;,&quot;credit&quot;:&quot;&quot;,&quot;camera&quot;:&quot;&quot;,&quot;caption&quot;:&quot;&quot;,&quot;created_timestamp&quot;:&quot;0&quot;,&quot;copyright&quot;:&quot;&quot;,&quot;focal_length&quot;:&quot;0&quot;,&quot;iso&quot;:&quot;0&quot;,&quot;shutter_speed&quot;:&quot;0&quot;,&quot;title&quot;:&quot;&quot;,&quot;orientation&quot;:&quot;0&quot;}\" data-image-title=\"WhatsApp-Image-2021-03-22-at-10.19.04-3\" data-image-description=\"\" data-image-caption=\"&lt;p&gt;Foto: Josu\u00e9 Filho\/PMP.&lt;\/p&gt;\n\" data-medium-file=\"https:\/\/www.paudalho.pe.gov.br\/portal\/wp-content\/uploads\/2021\/03\/WhatsApp-Image-2021-03-22-at-10.19.04-3-350x230.jpeg\" data-large-file=\"https:\/\/www.paudalho.pe.gov.br\/portal\/wp-content\/uploads\/2021\/03\/WhatsApp-Image-2021-03-22-at-10.19.04-3-800x450.jpeg\" src=\"https:\/\/www.paudalho.pe.gov.br\/portal\/wp-content\/uploads\/2021\/03\/WhatsApp-Image-2021-03-22-at-10.19.04-3-800x450.jpeg\" alt=\"\" data-id=\"14289\" data-full-url=\"https:\/\/www.paudalho.pe.gov.br\/portal\/wp-content\/uploads\/2021\/03\/WhatsApp-Image-2021-03-22-at-10.19.04-3.jpeg\" data-link=\"https:\/\/www.paudalho.pe.gov.br\/portal\/com-sistema-drive-thru-paudalho-inicia-nova-fase-da-campanha-de-vacinacao-contra-a-covid-19-nesta-segunda-feira-22\/whatsapp-image-2021-03-22-at-10-19-04-3\/\" class=\"wp-image-14289\"\/><figcaption class=\"blocks-gallery-item__caption\"><em>Foto: Josu\u00e9 Filho\/PMP.<\/em><\/figcaption><\/figure><\/li><\/ul><\/figure>\n\n\n\n<h3 class=\"wp-block-heading\"><strong>Campanha de Vacina\u00e7\u00e3o&nbsp;<\/strong><\/h3>\n\n\n\n<p>No Brasil, a campanha de vacina\u00e7\u00e3o contra o Covid-19 foi iniciada em 2021. A <a rel=\"noreferrer noopener\" href=\"https:\/\/www.paudalho.pe.gov.br\/portal\/paudalho-recebe-primeiro-lote-com-323-doses-da-vacina-contra-a-covid-19\/\" target=\"_blank\">primeira remessa das vacinas chegou em Paudalho no dia 19 de janeiro<\/a>. O Governo do Estado de Pernambuco enviou \u00e0 Secretaria Municipal de Sa\u00fade 323 doses da CoronaVac, vacina criada pelo Instituto Butant\u00e3 em parceria com o laborat\u00f3rio Sinovac Biotech. Durante a primeira etapa da campanha, a prioridade foi dos profissionais da \u00e1rea de sa\u00fade que atuam na linha de frente na luta contra o coronav\u00edrus. <\/p>\n\n\n\n<p>Logo em seguida, foi a vez dos <a rel=\"noreferrer noopener\" href=\"https:\/\/www.paudalho.pe.gov.br\/portal\/idosos-residentes-do-abrigo-cazuza-pinheiro-recebem-vacina-contra-covid-19-nesta-terca-feira-26\/\" target=\"_blank\">idosos residentes do Abrigo Cazuza Pinheiro e dos profissionais que trabalham na institui\u00e7\u00e3o serem imunizados<\/a>. Com o recebimento de novas 360 doses da vacina, a Secretaria de Sa\u00fade iniciou, no dia 29 de janeiro, a aplica\u00e7\u00e3o em mun\u00edcipes <a rel=\"noreferrer noopener\" href=\"https:\/\/www.paudalho.pe.gov.br\/portal\/paudalho-inicia-amanha-29-a-vacinacao-contra-a-covid-19-em-idosos-a-partir-de-85-anos\/\" target=\"_blank\">a partir dos 85 anos <\/a>de idade. A partir dessa fase a imuniza\u00e7\u00e3o come\u00e7ou a ser realizada com base no n\u00famero de pessoas pr\u00e9-cadastradas nas Unidades B\u00e1sicas de Sa\u00fade (UBS) com registro feito por um agente comunit\u00e1rio de sa\u00fade (ACS). <\/p>\n\n\n\n<figure class=\"wp-block-gallery columns-2 is-cropped wp-block-gallery-7 is-layout-flex wp-block-gallery-is-layout-flex\"><ul class=\"blocks-gallery-grid\"><li class=\"blocks-gallery-item\"><figure><img loading=\"lazy\" decoding=\"async\" width=\"800\" height=\"450\" data-attachment-id=\"14264\" data-permalink=\"https:\/\/www.paudalho.pe.gov.br\/portal\/com-sistema-drive-thru-paudalho-inicia-nova-fase-da-campanha-de-vacinacao-contra-a-covid-19-nesta-segunda-feira-22\/whatsapp-image-2021-03-22-at-10-19-04-2\/\" data-orig-file=\"https:\/\/www.paudalho.pe.gov.br\/portal\/wp-content\/uploads\/2021\/03\/WhatsApp-Image-2021-03-22-at-10.19.04-2.jpeg\" data-orig-size=\"1280,853\" data-comments-opened=\"1\" data-image-meta=\"{&quot;aperture&quot;:&quot;0&quot;,&quot;credit&quot;:&quot;&quot;,&quot;camera&quot;:&quot;&quot;,&quot;caption&quot;:&quot;&quot;,&quot;created_timestamp&quot;:&quot;0&quot;,&quot;copyright&quot;:&quot;&quot;,&quot;focal_length&quot;:&quot;0&quot;,&quot;iso&quot;:&quot;0&quot;,&quot;shutter_speed&quot;:&quot;0&quot;,&quot;title&quot;:&quot;&quot;,&quot;orientation&quot;:&quot;0&quot;}\" data-image-title=\"WhatsApp-Image-2021-03-22-at-10.19.04-2\" data-image-description=\"\" data-image-caption=\"\" data-medium-file=\"https:\/\/www.paudalho.pe.gov.br\/portal\/wp-content\/uploads\/2021\/03\/WhatsApp-Image-2021-03-22-at-10.19.04-2-350x230.jpeg\" data-large-file=\"https:\/\/www.paudalho.pe.gov.br\/portal\/wp-content\/uploads\/2021\/03\/WhatsApp-Image-2021-03-22-at-10.19.04-2-800x450.jpeg\" src=\"https:\/\/www.paudalho.pe.gov.br\/portal\/wp-content\/uploads\/2021\/03\/WhatsApp-Image-2021-03-22-at-10.19.04-2-800x450.jpeg\" alt=\"\" data-id=\"14264\" data-full-url=\"https:\/\/www.paudalho.pe.gov.br\/portal\/wp-content\/uploads\/2021\/03\/WhatsApp-Image-2021-03-22-at-10.19.04-2.jpeg\" data-link=\"https:\/\/www.paudalho.pe.gov.br\/portal\/com-sistema-drive-thru-paudalho-inicia-nova-fase-da-campanha-de-vacinacao-contra-a-covid-19-nesta-segunda-feira-22\/whatsapp-image-2021-03-22-at-10-19-04-2\/\" class=\"wp-image-14264\"\/><figcaption class=\"blocks-gallery-item__caption\"><em> Foto: Josu\u00e9 Filho\/PMP.<\/em><\/figcaption><\/figure><\/li><li class=\"blocks-gallery-item\"><figure><img loading=\"lazy\" decoding=\"async\" width=\"800\" height=\"450\" data-attachment-id=\"14425\" data-permalink=\"https:\/\/www.paudalho.pe.gov.br\/portal\/saiba-quais-foram-as-principais-acoes-contra-a-covid-19-realizadas-pela-prefeitura-do-paudalho\/h5a0152\/\" data-orig-file=\"https:\/\/www.paudalho.pe.gov.br\/portal\/wp-content\/uploads\/2021\/04\/H5A0152-scaled.jpg\" data-orig-size=\"2560,1707\" data-comments-opened=\"1\" data-image-meta=\"{&quot;aperture&quot;:&quot;5&quot;,&quot;credit&quot;:&quot;CHARLES JOHNSON&quot;,&quot;camera&quot;:&quot;Canon EOS 5D Mark IV&quot;,&quot;caption&quot;:&quot;&quot;,&quot;created_timestamp&quot;:&quot;1616753040&quot;,&quot;copyright&quot;:&quot;CHARLES JOHNSON 81 986016133&quot;,&quot;focal_length&quot;:&quot;61&quot;,&quot;iso&quot;:&quot;1600&quot;,&quot;shutter_speed&quot;:&quot;0.003125&quot;,&quot;title&quot;:&quot;&quot;,&quot;orientation&quot;:&quot;1&quot;}\" data-image-title=\"H5A0152\" data-image-description=\"\" data-image-caption=\"\" data-medium-file=\"https:\/\/www.paudalho.pe.gov.br\/portal\/wp-content\/uploads\/2021\/04\/H5A0152-350x230.jpg\" data-large-file=\"https:\/\/www.paudalho.pe.gov.br\/portal\/wp-content\/uploads\/2021\/04\/H5A0152-800x450.jpg\" src=\"https:\/\/www.paudalho.pe.gov.br\/portal\/wp-content\/uploads\/2021\/04\/H5A0152-800x450.jpg\" alt=\"\" data-id=\"14425\" data-full-url=\"https:\/\/www.paudalho.pe.gov.br\/portal\/wp-content\/uploads\/2021\/04\/H5A0152-scaled.jpg\" data-link=\"https:\/\/www.paudalho.pe.gov.br\/portal\/?attachment_id=14425\" class=\"wp-image-14425\"\/><figcaption class=\"blocks-gallery-item__caption\"><em>Foto: Josu\u00e9 J\u00fanior\/PMP.<\/em><\/figcaption><\/figure><\/li><\/ul><\/figure>\n\n\n\n<p>A campanha prosseguiu por faixa et\u00e1ria e, em mar\u00e7o, os idosos a partir dos 80 anos come\u00e7aram a ser atendidos. A a\u00e7\u00e3o de enfrentamento \u00e0 pandemia mais recente realizada pela Prefeitura do Paudalho foi a <a rel=\"noreferrer noopener\" href=\"https:\/\/www.paudalho.pe.gov.br\/portal\/com-sistema-drive-thru-paudalho-inicia-nova-fase-da-campanha-de-vacinacao-contra-a-covid-19-nesta-segunda-feira-22\/\" target=\"_blank\">inaugura\u00e7\u00e3o do sistema drive-thru<\/a>, que foi iniciado junto a imuniza\u00e7\u00e3o dos idosos a partir dos 70 anos de idade. Atualmente, a vacina\u00e7\u00e3o est\u00e1 ocorrendo para a faixa dos 63 anos ou mais.<\/p>\n\n\n\n<p>A Prefeitura do Paudalho zela pela vida dos paudalhenses em um trabalho cont\u00ednuo realizado m\u00eas ap\u00f3s m\u00eas. De acordo com os dados da nossa Secretaria Municipal de Sa\u00fade, at\u00e9 ontem (05), 5.411 doses da vacina foram aplicadas. Desse total, 4.651 foram da primeira e 760 da segunda dose. \u00c9 Paudalho na luta contra o coronav\u00edrus.<\/p>\n","protected":false},"excerpt":{"rendered":"<p>A pandemia do coronav\u00edrus afetou diversos \u00e2mbitos da sociedade, principalmente, a sa\u00fade da popula\u00e7\u00e3o e o setor econ\u00f4mico-social. Como forma de prestar apoio aos paudalhenses durante a crise sanit\u00e1ria que o pa\u00eds enfrenta, a Prefeitura do Paudalho adotou uma s\u00e9rie de medidas contra a COVID-19 que v\u00eam sendo aplicadas desde o ano de 2020. Confira [&hellip;]<\/p>\n","protected":false},"author":6,"featured_media":14428,"comment_status":"open","ping_status":"open","sticky":false,"template":"","format":"standard","meta":{"_jetpack_newsletter_access":"","_jetpack_dont_email_post_to_subs":false,"_jetpack_newsletter_tier_id":0,"_jetpack_memberships_contains_paywalled_content":false,"_jetpack_memberships_contains_paid_content":false,"footnotes":""},"categories":[675,2,1,3],"tags":[711,677,22,168],"class_list":["post-14389","post","type-post","status-publish","format-standard","has-post-thumbnail","hentry","category-boletim-covid-19","category-destaque","category-noticias","category-saude","tag-covid19","tag-pandemia","tag-prefeitura-do-paudalho","tag-secretaria-de-saude"],"jetpack_featured_media_url":"https:\/\/www.paudalho.pe.gov.br\/portal\/wp-content\/uploads\/2021\/04\/H5A0113-scaled.jpg","jetpack_sharing_enabled":true,"jetpack_shortlink":"https:\/\/wp.me\/p98mS2-3K5","_links":{"self":[{"href":"https:\/\/www.paudalho.pe.gov.br\/portal\/wp-json\/wp\/v2\/posts\/14389","targetHints":{"allow":["GET"]}}],"collection":[{"href":"https:\/\/www.paudalho.pe.gov.br\/portal\/wp-json\/wp\/v2\/posts"}],"about":[{"href":"https:\/\/www.paudalho.pe.gov.br\/portal\/wp-json\/wp\/v2\/types\/post"}],"author":[{"embeddable":true,"href":"https:\/\/www.paudalho.pe.gov.br\/portal\/wp-json\/wp\/v2\/users\/6"}],"replies":[{"embeddable":true,"href":"https:\/\/www.paudalho.pe.gov.br\/portal\/wp-json\/wp\/v2\/comments?post=14389"}],"version-history":[{"count":47,"href":"https:\/\/www.paudalho.pe.gov.br\/portal\/wp-json\/wp\/v2\/posts\/14389\/revisions"}],"predecessor-version":[{"id":14441,"href":"https:\/\/www.paudalho.pe.gov.br\/portal\/wp-json\/wp\/v2\/posts\/14389\/revisions\/14441"}],"wp:featuredmedia":[{"embeddable":true,"href":"https:\/\/www.paudalho.pe.gov.br\/portal\/wp-json\/wp\/v2\/media\/14428"}],"wp:attachment":[{"href":"https:\/\/www.paudalho.pe.gov.br\/portal\/wp-json\/wp\/v2\/media?parent=14389"}],"wp:term":[{"taxonomy":"category","embeddable":true,"href":"https:\/\/www.paudalho.pe.gov.br\/portal\/wp-json\/wp\/v2\/categories?post=14389"},{"taxonomy":"post_tag","embeddable":true,"href":"https:\/\/www.paudalho.pe.gov.br\/portal\/wp-json\/wp\/v2\/tags?post=14389"}],"curies":[{"name":"wp","href":"https:\/\/api.w.org\/{rel}","templated":true}]}}