{"id":14194,"date":"2021-03-16T17:23:55","date_gmt":"2021-03-16T20:23:55","guid":{"rendered":"https:\/\/www.paudalho.pe.gov.br\/portal\/?p=14194"},"modified":"2025-01-08T00:39:47","modified_gmt":"2025-01-08T03:39:47","slug":"paudalho-retoma-atendimento-na-ala-exclusiva-para-o-tratamento-de-pessoas-com-suspeitas-de-covid-19","status":"publish","type":"post","link":"https:\/\/www.paudalho.pe.gov.br\/portal\/paudalho-retoma-atendimento-na-ala-exclusiva-para-o-tratamento-de-pessoas-com-suspeitas-de-covid-19\/","title":{"rendered":"Paudalho retoma atendimento na ala exclusiva para o tratamento de pessoas com suspeitas de Covid-19"},"content":{"rendered":"\n<p>Com o objetivo de prestar atendimento aos mun\u00edcipes durante a pandemia do coronav\u00edrus, a Prefeitura do Paudalho retoma nesta ter\u00e7a-feira (16) o funcionamento da ala exclusiva para o tratamento de pessoas com suspeitas de Covid-19 do Hospital Municipal de Paudalho. A reabertura da ala ocorre em um momento em que a pandemia alcan\u00e7a n\u00edveis alarmantes em todo o pa\u00eds. De acordo com dados divulgados ontem (15) pelo Governo de Pernambuco, atualmente, a taxa de ocupa\u00e7\u00e3o de Unidade de Terapia Intensiva (UTI) no Estado est\u00e1 acima dos 95%, o que ocasionou no decreto de quarentena entre os dias 18 e 28 de mar\u00e7o.<\/p>\n\n\n\n<p>Inaugurada em maio de 2020, a ala exclusiva para o tratamento de pessoas com suspeitas de Covid-19 \u00e9 equipada para acolher os pacientes acometidos pelos sintomas da doen\u00e7a. O espa\u00e7o conta com 10 apartamentos, tendo 20 leitos de retaguarda. Possui ainda uma sala vermelha equipada com 02 leitos com 02 respiradores. Segundo a Secretaria Municipal de Sa\u00fade, o local teve seu funcionamento suspenso durante o per\u00edodo em que houve redu\u00e7\u00e3o da demanda de casos com indica\u00e7\u00e3o de internamento. Para ser atendido na ala, o paciente deve ser encaminhado de Unidade de Pronto Atendimento \u2013 UPA 24hs Paudalho para o hospital. Uma vez identificada a necessidade de internamento do paciente, o mesmo receber\u00e1 todos os cuidados dispon\u00edveis atrav\u00e9s de uma equipe de sa\u00fade devidamente preparada.<\/p>\n\n\n\n<p><\/p>\n\n\n\n<figure class=\"wp-block-image size-large\"><img loading=\"lazy\" decoding=\"async\" width=\"800\" height=\"450\" data-attachment-id=\"14198\" data-permalink=\"https:\/\/www.paudalho.pe.gov.br\/portal\/paudalho-retoma-atendimento-na-ala-exclusiva-para-o-tratamento-de-pessoas-com-suspeitas-de-covid-19\/alacovid7\/\" data-orig-file=\"https:\/\/www.paudalho.pe.gov.br\/portal\/wp-content\/uploads\/2021\/03\/alacovid7.jpeg\" data-orig-size=\"1280,853\" data-comments-opened=\"1\" data-image-meta=\"{&quot;aperture&quot;:&quot;0&quot;,&quot;credit&quot;:&quot;&quot;,&quot;camera&quot;:&quot;&quot;,&quot;caption&quot;:&quot;&quot;,&quot;created_timestamp&quot;:&quot;0&quot;,&quot;copyright&quot;:&quot;&quot;,&quot;focal_length&quot;:&quot;0&quot;,&quot;iso&quot;:&quot;0&quot;,&quot;shutter_speed&quot;:&quot;0&quot;,&quot;title&quot;:&quot;&quot;,&quot;orientation&quot;:&quot;0&quot;}\" data-image-title=\"alacovid7\" data-image-description=\"\" data-image-caption=\"\" data-medium-file=\"https:\/\/www.paudalho.pe.gov.br\/portal\/wp-content\/uploads\/2021\/03\/alacovid7-350x230.jpeg\" data-large-file=\"https:\/\/www.paudalho.pe.gov.br\/portal\/wp-content\/uploads\/2021\/03\/alacovid7-800x450.jpeg\" src=\"https:\/\/www.paudalho.pe.gov.br\/portal\/wp-content\/uploads\/2021\/03\/alacovid7-800x450.jpeg\" alt=\"\" class=\"wp-image-14198\"\/><figcaption><em>A ala exclusiva para o tratamento de pessoas com suspeita de Covid-19 funciona no Hospital Municipal de Paudalho. Foto: Isak de Castro\/PMP.<\/em><\/figcaption><\/figure>\n\n\n\n<p><\/p>\n\n\n\n<figure class=\"wp-block-gallery columns-3 is-cropped wp-block-gallery-1 is-layout-flex wp-block-gallery-is-layout-flex\"><ul class=\"blocks-gallery-grid\"><li class=\"blocks-gallery-item\"><figure><img loading=\"lazy\" decoding=\"async\" width=\"800\" height=\"450\" data-attachment-id=\"14203\" data-permalink=\"https:\/\/www.paudalho.pe.gov.br\/portal\/paudalho-retoma-atendimento-na-ala-exclusiva-para-o-tratamento-de-pessoas-com-suspeitas-de-covid-19\/alacovid4\/\" data-orig-file=\"https:\/\/www.paudalho.pe.gov.br\/portal\/wp-content\/uploads\/2021\/03\/alacovid4.jpeg\" data-orig-size=\"1280,853\" data-comments-opened=\"1\" data-image-meta=\"{&quot;aperture&quot;:&quot;0&quot;,&quot;credit&quot;:&quot;&quot;,&quot;camera&quot;:&quot;&quot;,&quot;caption&quot;:&quot;&quot;,&quot;created_timestamp&quot;:&quot;0&quot;,&quot;copyright&quot;:&quot;&quot;,&quot;focal_length&quot;:&quot;0&quot;,&quot;iso&quot;:&quot;0&quot;,&quot;shutter_speed&quot;:&quot;0&quot;,&quot;title&quot;:&quot;&quot;,&quot;orientation&quot;:&quot;0&quot;}\" data-image-title=\"alacovid4\" data-image-description=\"\" data-image-caption=\"&lt;p&gt;Foto: Isak de Castro\/PMP.&lt;\/p&gt;\n\" data-medium-file=\"https:\/\/www.paudalho.pe.gov.br\/portal\/wp-content\/uploads\/2021\/03\/alacovid4-350x230.jpeg\" data-large-file=\"https:\/\/www.paudalho.pe.gov.br\/portal\/wp-content\/uploads\/2021\/03\/alacovid4-800x450.jpeg\" src=\"https:\/\/www.paudalho.pe.gov.br\/portal\/wp-content\/uploads\/2021\/03\/alacovid4-800x450.jpeg\" alt=\"\" data-id=\"14203\" data-full-url=\"https:\/\/www.paudalho.pe.gov.br\/portal\/wp-content\/uploads\/2021\/03\/alacovid4.jpeg\" data-link=\"https:\/\/www.paudalho.pe.gov.br\/portal\/?attachment_id=14203\" class=\"wp-image-14203\"\/><figcaption class=\"blocks-gallery-item__caption\"><em>Foto: Isak de Castro\/PMP.<\/em><\/figcaption><\/figure><\/li><li class=\"blocks-gallery-item\"><figure><img loading=\"lazy\" decoding=\"async\" width=\"800\" height=\"450\" data-attachment-id=\"14206\" data-permalink=\"https:\/\/www.paudalho.pe.gov.br\/portal\/paudalho-retoma-atendimento-na-ala-exclusiva-para-o-tratamento-de-pessoas-com-suspeitas-de-covid-19\/alacovid1\/\" data-orig-file=\"https:\/\/www.paudalho.pe.gov.br\/portal\/wp-content\/uploads\/2021\/03\/alacovid1.jpeg\" data-orig-size=\"1280,853\" data-comments-opened=\"1\" data-image-meta=\"{&quot;aperture&quot;:&quot;0&quot;,&quot;credit&quot;:&quot;&quot;,&quot;camera&quot;:&quot;&quot;,&quot;caption&quot;:&quot;&quot;,&quot;created_timestamp&quot;:&quot;0&quot;,&quot;copyright&quot;:&quot;&quot;,&quot;focal_length&quot;:&quot;0&quot;,&quot;iso&quot;:&quot;0&quot;,&quot;shutter_speed&quot;:&quot;0&quot;,&quot;title&quot;:&quot;&quot;,&quot;orientation&quot;:&quot;0&quot;}\" data-image-title=\"alacovid1\" data-image-description=\"\" data-image-caption=\"&lt;p&gt;Foto: Isak de Castro\/PMP.&lt;\/p&gt;\n\" data-medium-file=\"https:\/\/www.paudalho.pe.gov.br\/portal\/wp-content\/uploads\/2021\/03\/alacovid1-350x230.jpeg\" data-large-file=\"https:\/\/www.paudalho.pe.gov.br\/portal\/wp-content\/uploads\/2021\/03\/alacovid1-800x450.jpeg\" src=\"https:\/\/www.paudalho.pe.gov.br\/portal\/wp-content\/uploads\/2021\/03\/alacovid1-800x450.jpeg\" alt=\"\" data-id=\"14206\" data-full-url=\"https:\/\/www.paudalho.pe.gov.br\/portal\/wp-content\/uploads\/2021\/03\/alacovid1.jpeg\" data-link=\"https:\/\/www.paudalho.pe.gov.br\/portal\/?attachment_id=14206\" class=\"wp-image-14206\"\/><figcaption class=\"blocks-gallery-item__caption\"><em>Foto: Isak de Castro\/PMP.<\/em><\/figcaption><\/figure><\/li><li class=\"blocks-gallery-item\"><figure><img loading=\"lazy\" decoding=\"async\" width=\"800\" height=\"450\" data-attachment-id=\"14201\" data-permalink=\"https:\/\/www.paudalho.pe.gov.br\/portal\/paudalho-retoma-atendimento-na-ala-exclusiva-para-o-tratamento-de-pessoas-com-suspeitas-de-covid-19\/alacovid3\/\" data-orig-file=\"https:\/\/www.paudalho.pe.gov.br\/portal\/wp-content\/uploads\/2021\/03\/alacovid3.jpeg\" data-orig-size=\"1280,853\" data-comments-opened=\"1\" data-image-meta=\"{&quot;aperture&quot;:&quot;0&quot;,&quot;credit&quot;:&quot;&quot;,&quot;camera&quot;:&quot;&quot;,&quot;caption&quot;:&quot;&quot;,&quot;created_timestamp&quot;:&quot;0&quot;,&quot;copyright&quot;:&quot;&quot;,&quot;focal_length&quot;:&quot;0&quot;,&quot;iso&quot;:&quot;0&quot;,&quot;shutter_speed&quot;:&quot;0&quot;,&quot;title&quot;:&quot;&quot;,&quot;orientation&quot;:&quot;0&quot;}\" data-image-title=\"alacovid3\" data-image-description=\"\" data-image-caption=\"&lt;p&gt;Foto: Isak de Castro\/PMP.&lt;\/p&gt;\n\" data-medium-file=\"https:\/\/www.paudalho.pe.gov.br\/portal\/wp-content\/uploads\/2021\/03\/alacovid3-350x230.jpeg\" data-large-file=\"https:\/\/www.paudalho.pe.gov.br\/portal\/wp-content\/uploads\/2021\/03\/alacovid3-800x450.jpeg\" src=\"https:\/\/www.paudalho.pe.gov.br\/portal\/wp-content\/uploads\/2021\/03\/alacovid3-800x450.jpeg\" alt=\"\" data-id=\"14201\" data-full-url=\"https:\/\/www.paudalho.pe.gov.br\/portal\/wp-content\/uploads\/2021\/03\/alacovid3.jpeg\" data-link=\"https:\/\/www.paudalho.pe.gov.br\/portal\/?attachment_id=14201\" class=\"wp-image-14201\"\/><figcaption class=\"blocks-gallery-item__caption\"><em>Foto: Isak de Castro\/PMP.<\/em><\/figcaption><\/figure><\/li><\/ul><\/figure>\n\n\n\n<h3 class=\"wp-block-heading\"><strong>Dados sobre a pandemia em Paudalho<\/strong><\/h3>\n\n\n\n<p>Do in\u00edcio do ano at\u00e9 o atual momento, os casos de Covid-19 registrados em Paudalho t\u00eam aumentado. De 03 de janeiro de 2021 a 13 de mar\u00e7o, 438 novos casos foram confirmados. Desse total, 305 pacientes se recuperaram e 12 vieram a \u00f3bito. De acordo com o Informe Epidemiol\u00f3gico divulgado ontem (15) pela Secretaria Municipal de Sa\u00fade, entre os dias 03 e 13 de mar\u00e7o de 2021 foram confirmados 26 novos casos de pessoas infectadas pelo coronav\u00edrus no munic\u00edpio. J\u00e1 os n\u00fameros de casos notificados apontam para 558 pessoas com S\u00edndrome Gripal (SG) e 7 com S\u00edndrome Respirat\u00f3ria Aguda Grave (SRAG).&nbsp;<\/p>\n\n\n\n<p>Quanto aos dados referentes a campanha de vacina\u00e7\u00e3o, at\u00e9 o dia 12 de mar\u00e7o, 1.951 doses da vacina contra o Covid-19 foram aplicadas nas pessoas que fazem parte dos grupos priorit\u00e1rios, sendo desse total 1.558 primeiras doses e 393 segundas. Atualmente, as vacinas est\u00e3o sendo aplicadas em idosos a partir dos 75 anos de idade. A Prefeitura do Paudalho refor\u00e7a a import\u00e2ncia das medidas preventivas, como usar m\u00e1scaras, evitar aglomera\u00e7\u00f5es, manter o distanciamento social e  higienizar as m\u00e3os e demais objetos.&nbsp;<\/p>\n\n\n\n<figure class=\"wp-block-image size-large\"><img loading=\"lazy\" decoding=\"async\" width=\"800\" height=\"450\" data-attachment-id=\"14213\" data-permalink=\"https:\/\/www.paudalho.pe.gov.br\/portal\/paudalho-retoma-atendimento-na-ala-exclusiva-para-o-tratamento-de-pessoas-com-suspeitas-de-covid-19\/informe-epitemiologico-marco2021-1\/\" data-orig-file=\"https:\/\/www.paudalho.pe.gov.br\/portal\/wp-content\/uploads\/2021\/03\/Informe-Epitemiologico-Marco2021-1.jpeg\" data-orig-size=\"1200,1200\" data-comments-opened=\"1\" data-image-meta=\"{&quot;aperture&quot;:&quot;0&quot;,&quot;credit&quot;:&quot;&quot;,&quot;camera&quot;:&quot;&quot;,&quot;caption&quot;:&quot;&quot;,&quot;created_timestamp&quot;:&quot;0&quot;,&quot;copyright&quot;:&quot;&quot;,&quot;focal_length&quot;:&quot;0&quot;,&quot;iso&quot;:&quot;0&quot;,&quot;shutter_speed&quot;:&quot;0&quot;,&quot;title&quot;:&quot;&quot;,&quot;orientation&quot;:&quot;0&quot;}\" data-image-title=\"Informe-Epitemiologico-Marco2021-1\" data-image-description=\"\" data-image-caption=\"\" data-medium-file=\"https:\/\/www.paudalho.pe.gov.br\/portal\/wp-content\/uploads\/2021\/03\/Informe-Epitemiologico-Marco2021-1-350x230.jpeg\" data-large-file=\"https:\/\/www.paudalho.pe.gov.br\/portal\/wp-content\/uploads\/2021\/03\/Informe-Epitemiologico-Marco2021-1-800x450.jpeg\" src=\"https:\/\/www.paudalho.pe.gov.br\/portal\/wp-content\/uploads\/2021\/03\/Informe-Epitemiologico-Marco2021-1-800x450.jpeg\" alt=\"\" class=\"wp-image-14213\"\/><\/figure>\n","protected":false},"excerpt":{"rendered":"<p>Com o objetivo de prestar atendimento aos mun\u00edcipes durante a pandemia do coronav\u00edrus, a Prefeitura do Paudalho retoma nesta ter\u00e7a-feira (16) o funcionamento da ala exclusiva para o tratamento de pessoas com suspeitas de Covid-19 do Hospital Municipal de Paudalho. A reabertura da ala ocorre em um momento em que a pandemia alcan\u00e7a n\u00edveis alarmantes em todo o pa\u00eds. De acordo com dados divulgados ontem (15) pelo Governo de Pernambuco, atualmente, a taxa de ocupa\u00e7\u00e3o de Unidade de Terapia Intensiva (UTI) no Estado est\u00e1 acima dos 95%, o que ocasionou no decreto de quarentena entre os dias 18 e 28 de mar\u00e7o.<\/p>\n","protected":false},"author":6,"featured_media":14202,"comment_status":"open","ping_status":"open","sticky":false,"template":"","format":"standard","meta":{"_jetpack_newsletter_access":"","_jetpack_dont_email_post_to_subs":false,"_jetpack_newsletter_tier_id":0,"_jetpack_memberships_contains_paywalled_content":false,"_jetpack_memberships_contains_paid_content":false,"footnotes":""},"categories":[675,2,1,3],"tags":[621,622,677,104,16,710],"class_list":["post-14194","post","type-post","status-publish","format-standard","has-post-thumbnail","hentry","category-boletim-covid-19","category-destaque","category-noticias","category-saude","tag-coronavirus","tag-covid-19","tag-pandemia","tag-prefeitura-de-paudalho","tag-saude","tag-secretaria-municipal-de-saude"],"jetpack_featured_media_url":"https:\/\/www.paudalho.pe.gov.br\/portal\/wp-content\/uploads\/2021\/03\/alacovid2.jpeg","jetpack_sharing_enabled":true,"jetpack_shortlink":"https:\/\/wp.me\/p98mS2-3GW","_links":{"self":[{"href":"https:\/\/www.paudalho.pe.gov.br\/portal\/wp-json\/wp\/v2\/posts\/14194","targetHints":{"allow":["GET"]}}],"collection":[{"href":"https:\/\/www.paudalho.pe.gov.br\/portal\/wp-json\/wp\/v2\/posts"}],"about":[{"href":"https:\/\/www.paudalho.pe.gov.br\/portal\/wp-json\/wp\/v2\/types\/post"}],"author":[{"embeddable":true,"href":"https:\/\/www.paudalho.pe.gov.br\/portal\/wp-json\/wp\/v2\/users\/6"}],"replies":[{"embeddable":true,"href":"https:\/\/www.paudalho.pe.gov.br\/portal\/wp-json\/wp\/v2\/comments?post=14194"}],"version-history":[{"count":15,"href":"https:\/\/www.paudalho.pe.gov.br\/portal\/wp-json\/wp\/v2\/posts\/14194\/revisions"}],"predecessor-version":[{"id":14229,"href":"https:\/\/www.paudalho.pe.gov.br\/portal\/wp-json\/wp\/v2\/posts\/14194\/revisions\/14229"}],"wp:featuredmedia":[{"embeddable":true,"href":"https:\/\/www.paudalho.pe.gov.br\/portal\/wp-json\/wp\/v2\/media\/14202"}],"wp:attachment":[{"href":"https:\/\/www.paudalho.pe.gov.br\/portal\/wp-json\/wp\/v2\/media?parent=14194"}],"wp:term":[{"taxonomy":"category","embeddable":true,"href":"https:\/\/www.paudalho.pe.gov.br\/portal\/wp-json\/wp\/v2\/categories?post=14194"},{"taxonomy":"post_tag","embeddable":true,"href":"https:\/\/www.paudalho.pe.gov.br\/portal\/wp-json\/wp\/v2\/tags?post=14194"}],"curies":[{"name":"wp","href":"https:\/\/api.w.org\/{rel}","templated":true}]}}