{"id":14152,"date":"2021-03-10T16:29:49","date_gmt":"2021-03-10T19:29:49","guid":{"rendered":"https:\/\/www.paudalho.pe.gov.br\/portal\/?p=14152"},"modified":"2025-01-08T00:39:47","modified_gmt":"2025-01-08T03:39:47","slug":"prefeitura-do-paudalho-divulga-datas-para-a-assinatura-dos-contratos-dos-residenciais-guadalajara-i-e-ii","status":"publish","type":"post","link":"https:\/\/www.paudalho.pe.gov.br\/portal\/prefeitura-do-paudalho-divulga-datas-para-a-assinatura-dos-contratos-dos-residenciais-guadalajara-i-e-ii\/","title":{"rendered":"Prefeitura do Paudalho divulga datas para a assinatura dos contratos dos Residenciais Guadalajara I e II"},"content":{"rendered":"\n<p>A Prefeitura do Paudalho, atrav\u00e9s de sua Secretaria Municipal de Desenvolvimento e Assist\u00eancia Social (SEDAS), divulga nesta quarta-feira (10) as datas para as assinaturas dos contratos das 576 unidades habitacionais dos empreendimentos Residencial Guadalajara I e Residencial Guadalajara II. Os apartamentos fazem parte do Programa Minha Casa Minha Vida, iniciativa que tem organiza\u00e7\u00e3o conjunta com o Minist\u00e9rio do Desenvolvimento Regional &#8211; MDR e com a Caixa Econ\u00f4mica Federal.<\/p>\n\n\n\n<p>Nos dias 23, 24, 25 e 26 de mar\u00e7o, os benefici\u00e1rios do programa dever\u00e3o comparecer ao Col\u00e9gio Municipal do Paudalho (CMP), situado no centro da cidade, com seus documentos pessoais, CPF e RG, em m\u00e3o. Os atendimentos ser\u00e3o realizados no hor\u00e1rio da manh\u00e3, das 8h \u00e0s 12h, e da tarde, das 13h \u00e0s 16h. Os contemplados que forem casados ou estiverem em uma uni\u00e3o est\u00e1vel dever\u00e3o estar no local acompanhados de seus c\u00f4njuges. Diante da pandemia do covid-19, a Prefeitura do Paudalho refor\u00e7a a necessidade do cumprimento das medidas sanit\u00e1rias vigentes. Todos dever\u00e3o utilizar m\u00e1scaras durante a ocasi\u00e3o.   <\/p>\n\n\n\n<figure class=\"wp-block-gallery columns-2 is-cropped wp-block-gallery-1 is-layout-flex wp-block-gallery-is-layout-flex\"><ul class=\"blocks-gallery-grid\"><li class=\"blocks-gallery-item\"><figure><img loading=\"lazy\" decoding=\"async\" width=\"800\" height=\"450\" data-attachment-id=\"14158\" data-permalink=\"https:\/\/www.paudalho.pe.gov.br\/portal\/prefeitura-do-paudalho-divulga-datas-para-a-assinatura-dos-contratos-dos-residenciais-guadalajara-i-e-ii\/dcim100mediadji_0063-jpg\/\" data-orig-file=\"https:\/\/www.paudalho.pe.gov.br\/portal\/wp-content\/uploads\/2021\/03\/DJI_0063-1-scaled.jpg\" data-orig-size=\"2560,1440\" data-comments-opened=\"1\" data-image-meta=\"{&quot;aperture&quot;:&quot;2.8&quot;,&quot;credit&quot;:&quot;&quot;,&quot;camera&quot;:&quot;FC300C&quot;,&quot;caption&quot;:&quot;DCIM100MEDIADJI_0063.JPG&quot;,&quot;created_timestamp&quot;:&quot;1594138411&quot;,&quot;copyright&quot;:&quot;&quot;,&quot;focal_length&quot;:&quot;3.61&quot;,&quot;iso&quot;:&quot;100&quot;,&quot;shutter_speed&quot;:&quot;0.003991&quot;,&quot;title&quot;:&quot;DCIM100MEDIADJI_0063.JPG&quot;,&quot;orientation&quot;:&quot;1&quot;}\" data-image-title=\"DCIM100MEDIADJI_0063.JPG\" data-image-description=\"\" data-image-caption=\"&lt;p&gt;Foto: Isak de Castro\/PMP.&lt;\/p&gt;\n\" data-medium-file=\"https:\/\/www.paudalho.pe.gov.br\/portal\/wp-content\/uploads\/2021\/03\/DJI_0063-1-350x230.jpg\" data-large-file=\"https:\/\/www.paudalho.pe.gov.br\/portal\/wp-content\/uploads\/2021\/03\/DJI_0063-1-800x450.jpg\" src=\"https:\/\/www.paudalho.pe.gov.br\/portal\/wp-content\/uploads\/2021\/03\/DJI_0063-1-800x450.jpg\" alt=\"\" data-id=\"14158\" data-full-url=\"https:\/\/www.paudalho.pe.gov.br\/portal\/wp-content\/uploads\/2021\/03\/DJI_0063-1-scaled.jpg\" data-link=\"https:\/\/www.paudalho.pe.gov.br\/portal\/?attachment_id=14158\" class=\"wp-image-14158\" srcset=\"https:\/\/www.paudalho.pe.gov.br\/portal\/wp-content\/uploads\/2021\/03\/DJI_0063-1-800x450.jpg 800w, https:\/\/www.paudalho.pe.gov.br\/portal\/wp-content\/uploads\/2021\/03\/DJI_0063-1-768x432.jpg 768w, https:\/\/www.paudalho.pe.gov.br\/portal\/wp-content\/uploads\/2021\/03\/DJI_0063-1-1536x864.jpg 1536w, https:\/\/www.paudalho.pe.gov.br\/portal\/wp-content\/uploads\/2021\/03\/DJI_0063-1-2048x1152.jpg 2048w\" sizes=\"auto, (max-width: 800px) 100vw, 800px\" \/><figcaption class=\"blocks-gallery-item__caption\"><em>Foto: Isak de Castro\/PMP.<\/em><\/figcaption><\/figure><\/li><li class=\"blocks-gallery-item\"><figure><img loading=\"lazy\" decoding=\"async\" width=\"800\" height=\"450\" data-attachment-id=\"14156\" data-permalink=\"https:\/\/www.paudalho.pe.gov.br\/portal\/prefeitura-do-paudalho-divulga-datas-para-a-assinatura-dos-contratos-dos-residenciais-guadalajara-i-e-ii\/dcim-101media-dji_0030-jpg\/\" data-orig-file=\"https:\/\/www.paudalho.pe.gov.br\/portal\/wp-content\/uploads\/2021\/03\/DJI_0030-scaled.jpg\" data-orig-size=\"2560,1920\" data-comments-opened=\"1\" data-image-meta=\"{&quot;aperture&quot;:&quot;2.6&quot;,&quot;credit&quot;:&quot;&quot;,&quot;camera&quot;:&quot;FC1102&quot;,&quot;caption&quot;:&quot;DCIM\\\/101MEDIA\\\/DJI_0030.JPG&quot;,&quot;created_timestamp&quot;:&quot;1567075171&quot;,&quot;copyright&quot;:&quot;&quot;,&quot;focal_length&quot;:&quot;4.49&quot;,&quot;iso&quot;:&quot;100&quot;,&quot;shutter_speed&quot;:&quot;0.0005&quot;,&quot;title&quot;:&quot;DCIM\\\/101MEDIA\\\/DJI_0030.JPG&quot;,&quot;orientation&quot;:&quot;1&quot;}\" data-image-title=\"DCIM\/101MEDIA\/DJI_0030.JPG\" data-image-description=\"\" data-image-caption=\"&lt;p&gt;Foto: Isak de Castro\/PMP.&lt;\/p&gt;\n\" data-medium-file=\"https:\/\/www.paudalho.pe.gov.br\/portal\/wp-content\/uploads\/2021\/03\/DJI_0030-350x230.jpg\" data-large-file=\"https:\/\/www.paudalho.pe.gov.br\/portal\/wp-content\/uploads\/2021\/03\/DJI_0030-800x450.jpg\" src=\"https:\/\/www.paudalho.pe.gov.br\/portal\/wp-content\/uploads\/2021\/03\/DJI_0030-800x450.jpg\" alt=\"\" data-id=\"14156\" data-full-url=\"https:\/\/www.paudalho.pe.gov.br\/portal\/wp-content\/uploads\/2021\/03\/DJI_0030-scaled.jpg\" data-link=\"https:\/\/www.paudalho.pe.gov.br\/portal\/?attachment_id=14156\" class=\"wp-image-14156\"\/><figcaption class=\"blocks-gallery-item__caption\"><em>Foto: Isak de Castro\/PMP.<\/em><\/figcaption><\/figure><\/li><\/ul><\/figure>\n\n\n\n<p><strong>Confira abaixo as listas de benefici\u00e1rios com a data e o hor\u00e1rio destinado para a assinatura: <\/strong><\/p>\n\n\n\n<div class=\"wp-block-file\"><a href=\"https:\/\/www.paudalho.pe.gov.br\/portal\/wp-content\/uploads\/2021\/03\/ENTREGA-Guadalajara-I-RELACAO-POR-BLOCO-E-AP-25-02.pdf\"><strong>RESIDENCIAL GUADALAJARA I &#8211; RELA\u00c7\u00c3O POR BLOCO E APARTAMENTO <\/strong><\/a><a href=\"https:\/\/www.paudalho.pe.gov.br\/portal\/wp-content\/uploads\/2021\/03\/ENTREGA-Guadalajara-I-RELACAO-POR-BLOCO-E-AP-25-02.pdf\" class=\"wp-block-file__button\" download>Baixar<\/a><\/div>\n\n\n\n<div class=\"wp-block-file\"><a href=\"https:\/\/www.paudalho.pe.gov.br\/portal\/wp-content\/uploads\/2021\/03\/ENTREGA-Guadalajara-II-RELACAO-POR-BLOCO-E-AP-25-02.pdf\"><strong>RESIDENCIAL GUADALAJARA II &#8211; RELA\u00c7\u00c3O POR BLOCO E APARTAMENTO <\/strong><\/a><a href=\"https:\/\/www.paudalho.pe.gov.br\/portal\/wp-content\/uploads\/2021\/03\/ENTREGA-Guadalajara-II-RELACAO-POR-BLOCO-E-AP-25-02.pdf\" class=\"wp-block-file__button\" download>Baixar<\/a><\/div>\n\n\n\n<figure class=\"wp-block-image size-large\"><img loading=\"lazy\" decoding=\"async\" width=\"800\" height=\"450\" data-attachment-id=\"14159\" data-permalink=\"https:\/\/www.paudalho.pe.gov.br\/portal\/prefeitura-do-paudalho-divulga-datas-para-a-assinatura-dos-contratos-dos-residenciais-guadalajara-i-e-ii\/dcim-101media-dji_0035-jpg\/\" data-orig-file=\"https:\/\/www.paudalho.pe.gov.br\/portal\/wp-content\/uploads\/2021\/03\/DJI_0035-scaled.jpg\" data-orig-size=\"2560,1920\" data-comments-opened=\"1\" data-image-meta=\"{&quot;aperture&quot;:&quot;2.6&quot;,&quot;credit&quot;:&quot;&quot;,&quot;camera&quot;:&quot;FC1102&quot;,&quot;caption&quot;:&quot;DCIM\\\/101MEDIA\\\/DJI_0035.JPG&quot;,&quot;created_timestamp&quot;:&quot;1567075215&quot;,&quot;copyright&quot;:&quot;&quot;,&quot;focal_length&quot;:&quot;4.49&quot;,&quot;iso&quot;:&quot;101&quot;,&quot;shutter_speed&quot;:&quot;0.0008&quot;,&quot;title&quot;:&quot;DCIM\\\/101MEDIA\\\/DJI_0035.JPG&quot;,&quot;orientation&quot;:&quot;1&quot;}\" data-image-title=\"Residencial Guadalajara I e II, \u00e0s margens da BR-408.\" data-image-description=\"\" data-image-caption=\"&lt;p&gt;Os residenciais Guadalajara I e II est\u00e3o localizados \u00e0s margens da BR-408, na comunidade de Guadalajara. Foto: Isak de Castro\/PMP.&lt;\/p&gt;\n\" data-medium-file=\"https:\/\/www.paudalho.pe.gov.br\/portal\/wp-content\/uploads\/2021\/03\/DJI_0035-350x230.jpg\" data-large-file=\"https:\/\/www.paudalho.pe.gov.br\/portal\/wp-content\/uploads\/2021\/03\/DJI_0035-800x450.jpg\" src=\"https:\/\/www.paudalho.pe.gov.br\/portal\/wp-content\/uploads\/2021\/03\/DJI_0035-800x450.jpg\" alt=\"\" class=\"wp-image-14159\"\/><figcaption><em>Os residenciais Guadalajara I e II est\u00e3o localizados \u00e0s margens da BR-408, na comunidade de Guadalajara &#8211; Paudalho. Foto: Isak de Castro\/PMP.<\/em><\/figcaption><\/figure>\n\n\n\n<p><em>Para mais informa\u00e7\u00f5es contate o telefone da Secretaria Municipal de Desenvolvimento e Assist\u00eancia Social (SEDAS) pelo n\u00famero (81) 3636-1156 ou envie um e-mail para sedaspaudalhope@gmail.com.<\/em><\/p>\n","protected":false},"excerpt":{"rendered":"<p>A Prefeitura do Paudalho, atrav\u00e9s de sua Secretaria Municipal de Desenvolvimento e Assist\u00eancia Social (SEDAS), divulga nesta quarta-feira (10) as datas para as assinaturas dos contratos das 576 unidades habitacionais dos empreendimentos Residencial Guadalajara I e Residencial Guadalajara II. Os apartamentos fazem parte do Programa Minha Casa Minha Vida, iniciativa que tem organiza\u00e7\u00e3o conjunta com o Minist\u00e9rio do Desenvolvimento Regional \u2013 MDR e com a Caixa Econ\u00f4mica Federal.<\/p>\n","protected":false},"author":6,"featured_media":14157,"comment_status":"open","ping_status":"open","sticky":false,"template":"","format":"standard","meta":{"_jetpack_newsletter_access":"","_jetpack_dont_email_post_to_subs":false,"_jetpack_newsletter_tier_id":0,"_jetpack_memberships_contains_paywalled_content":false,"_jetpack_memberships_contains_paid_content":false,"footnotes":""},"categories":[2,592,1],"tags":[455,669,401,124],"class_list":["post-14152","post","type-post","status-publish","format-standard","has-post-thumbnail","hentry","category-destaque","category-minha-casa-minha-vida","category-noticias","tag-programa-minha-casa-minha-vida","tag-residencial-guadalajara-i","tag-residencial-guadalajara-ii","tag-secretaria-de-desenvolvimento-e-assistencia-social"],"jetpack_featured_media_url":"https:\/\/www.paudalho.pe.gov.br\/portal\/wp-content\/uploads\/2021\/03\/DJI_0033-scaled.jpg","jetpack_sharing_enabled":true,"jetpack_shortlink":"https:\/\/wp.me\/p98mS2-3Gg","_links":{"self":[{"href":"https:\/\/www.paudalho.pe.gov.br\/portal\/wp-json\/wp\/v2\/posts\/14152","targetHints":{"allow":["GET"]}}],"collection":[{"href":"https:\/\/www.paudalho.pe.gov.br\/portal\/wp-json\/wp\/v2\/posts"}],"about":[{"href":"https:\/\/www.paudalho.pe.gov.br\/portal\/wp-json\/wp\/v2\/types\/post"}],"author":[{"embeddable":true,"href":"https:\/\/www.paudalho.pe.gov.br\/portal\/wp-json\/wp\/v2\/users\/6"}],"replies":[{"embeddable":true,"href":"https:\/\/www.paudalho.pe.gov.br\/portal\/wp-json\/wp\/v2\/comments?post=14152"}],"version-history":[{"count":20,"href":"https:\/\/www.paudalho.pe.gov.br\/portal\/wp-json\/wp\/v2\/posts\/14152\/revisions"}],"predecessor-version":[{"id":14179,"href":"https:\/\/www.paudalho.pe.gov.br\/portal\/wp-json\/wp\/v2\/posts\/14152\/revisions\/14179"}],"wp:featuredmedia":[{"embeddable":true,"href":"https:\/\/www.paudalho.pe.gov.br\/portal\/wp-json\/wp\/v2\/media\/14157"}],"wp:attachment":[{"href":"https:\/\/www.paudalho.pe.gov.br\/portal\/wp-json\/wp\/v2\/media?parent=14152"}],"wp:term":[{"taxonomy":"category","embeddable":true,"href":"https:\/\/www.paudalho.pe.gov.br\/portal\/wp-json\/wp\/v2\/categories?post=14152"},{"taxonomy":"post_tag","embeddable":true,"href":"https:\/\/www.paudalho.pe.gov.br\/portal\/wp-json\/wp\/v2\/tags?post=14152"}],"curies":[{"name":"wp","href":"https:\/\/api.w.org\/{rel}","templated":true}]}}