{"id":1412,"date":"2017-10-06T14:32:54","date_gmt":"2017-10-06T17:32:54","guid":{"rendered":"http:\/\/www.paudalho.pe.gov.br\/portal\/?p=1412"},"modified":"2017-10-06T14:42:23","modified_gmt":"2017-10-06T17:42:23","slug":"a-mudanca-esta-ai-palpavel-para-todo-mundo-ver-diz-morador-de-cha-de-conselho-no-paudalho-participativo","status":"publish","type":"post","link":"https:\/\/www.paudalho.pe.gov.br\/portal\/a-mudanca-esta-ai-palpavel-para-todo-mundo-ver-diz-morador-de-cha-de-conselho-no-paudalho-participativo\/","title":{"rendered":"\u201cA mudan\u00e7a est\u00e1 ai: palp\u00e1vel para todo mundo ver\u201d, diz morador de Ch\u00e3 de Conselho no Paudalho Participativo"},"content":{"rendered":"<p>Mais de 300 pessoas estiveram no Paudalho Participativo, que foi realizado pela Prefeitura do Paudalho, por meio da Secretaria de Governo, nesta quinta-feira (5) em Ch\u00e3 de Conselho. O evento contou com a presen\u00e7a do prefeito do munic\u00edpio, Marcelo Gouveia, e secret\u00e1rios.<\/p>\n<p><strong>Veja no v\u00eddeo:<\/strong><\/p>\n<div style=\"width: 640px;\" class=\"wp-video\"><!--[if lt IE 9]><script>document.createElement('video');<\/script><![endif]-->\n<video class=\"wp-video-shortcode\" id=\"video-1412-1\" width=\"640\" height=\"352\" preload=\"metadata\" controls=\"controls\"><source type=\"video\/mp4\" src=\"http:\/\/www.paudalho.pe.gov.br\/portal\/wp-content\/uploads\/2017\/10\/WhatsApp-Video-2017-10-06-at-14.04.35.mp4?_=1\" \/><a href=\"http:\/\/www.paudalho.pe.gov.br\/portal\/wp-content\/uploads\/2017\/10\/WhatsApp-Video-2017-10-06-at-14.04.35.mp4\">http:\/\/www.paudalho.pe.gov.br\/portal\/wp-content\/uploads\/2017\/10\/WhatsApp-Video-2017-10-06-at-14.04.35.mp4<\/a><\/video><\/div>\n<h2><strong>Paudalho Participativo\u00a0<\/strong><\/h2>\n<p>O programa vai passar pelos bairros de toda a cidade no objetivo de ouvir a popula\u00e7\u00e3o sobre assuntos como: sa\u00fade, educa\u00e7\u00e3o, saneamento b\u00e1sico, obras, entre outros. \u00c9 a Prefeitura do Paudalho, atrav\u00e9s do di\u00e1logo com os paudalhenses, construindo um novo amanh\u00e3. O morador da localidade, Hugo Gon\u00e7alves, pediu melhoras no saneamento b\u00e1sico e agradeceu pela sa\u00fade. \u201cEu vim pessoalmente agradecer pela ambul\u00e2ncia\u201d, disse.<\/p>\n<div id=\"attachment_1414\" style=\"width: 310px\" class=\"wp-caption alignnone\"><img loading=\"lazy\" decoding=\"async\" aria-describedby=\"caption-attachment-1414\" data-attachment-id=\"1414\" data-permalink=\"https:\/\/www.paudalho.pe.gov.br\/portal\/a-mudanca-esta-ai-palpavel-para-todo-mundo-ver-diz-morador-de-cha-de-conselho-no-paudalho-participativo\/6bf04e1f-21c3-4b95-a2a8-9e45eb95a106\/\" data-orig-file=\"https:\/\/www.paudalho.pe.gov.br\/portal\/wp-content\/uploads\/2017\/10\/6bf04e1f-21c3-4b95-a2a8-9e45eb95a106.jpg\" data-orig-size=\"1280,787\" data-comments-opened=\"1\" data-image-meta=\"{&quot;aperture&quot;:&quot;0&quot;,&quot;credit&quot;:&quot;&quot;,&quot;camera&quot;:&quot;&quot;,&quot;caption&quot;:&quot;&quot;,&quot;created_timestamp&quot;:&quot;0&quot;,&quot;copyright&quot;:&quot;&quot;,&quot;focal_length&quot;:&quot;0&quot;,&quot;iso&quot;:&quot;0&quot;,&quot;shutter_speed&quot;:&quot;0&quot;,&quot;title&quot;:&quot;&quot;,&quot;orientation&quot;:&quot;0&quot;}\" data-image-title=\"6bf04e1f-21c3-4b95-a2a8-9e45eb95a106\" data-image-description=\"\" data-image-caption=\"&lt;p&gt;Foto: Isak de Castro\/Comunica\u00e7\u00e3oPrefeituradePaudalho&lt;\/p&gt;\n\" data-medium-file=\"https:\/\/www.paudalho.pe.gov.br\/portal\/wp-content\/uploads\/2017\/10\/6bf04e1f-21c3-4b95-a2a8-9e45eb95a106-350x230.jpg\" data-large-file=\"https:\/\/www.paudalho.pe.gov.br\/portal\/wp-content\/uploads\/2017\/10\/6bf04e1f-21c3-4b95-a2a8-9e45eb95a106-800x450.jpg\" class=\"size-medium wp-image-1414\" src=\"http:\/\/www.paudalho.pe.gov.br\/portal\/wp-content\/uploads\/2017\/10\/6bf04e1f-21c3-4b95-a2a8-9e45eb95a106-350x230.jpg\" alt=\"\" width=\"300\" height=\"197\" \/><p id=\"caption-attachment-1414\" class=\"wp-caption-text\">Foto: Isak de Castro\/Comunica\u00e7\u00e3oPrefeituradePaudalho<\/p><\/div>\n<div id=\"attachment_1415\" style=\"width: 310px\" class=\"wp-caption alignnone\"><img loading=\"lazy\" decoding=\"async\" aria-describedby=\"caption-attachment-1415\" data-attachment-id=\"1415\" data-permalink=\"https:\/\/www.paudalho.pe.gov.br\/portal\/a-mudanca-esta-ai-palpavel-para-todo-mundo-ver-diz-morador-de-cha-de-conselho-no-paudalho-participativo\/57d0466c-b7d7-4498-90f4-ed26d030c794\/\" data-orig-file=\"https:\/\/www.paudalho.pe.gov.br\/portal\/wp-content\/uploads\/2017\/10\/57d0466c-b7d7-4498-90f4-ed26d030c794.jpg\" data-orig-size=\"1280,853\" data-comments-opened=\"1\" data-image-meta=\"{&quot;aperture&quot;:&quot;0&quot;,&quot;credit&quot;:&quot;&quot;,&quot;camera&quot;:&quot;&quot;,&quot;caption&quot;:&quot;&quot;,&quot;created_timestamp&quot;:&quot;0&quot;,&quot;copyright&quot;:&quot;&quot;,&quot;focal_length&quot;:&quot;0&quot;,&quot;iso&quot;:&quot;0&quot;,&quot;shutter_speed&quot;:&quot;0&quot;,&quot;title&quot;:&quot;&quot;,&quot;orientation&quot;:&quot;0&quot;}\" data-image-title=\"57d0466c-b7d7-4498-90f4-ed26d030c794\" data-image-description=\"&lt;p&gt;Foto: Isak de Castro\/Comunica\u00e7\u00e3oPrefeituradePaudalho&lt;\/p&gt;\n\" data-image-caption=\"\" data-medium-file=\"https:\/\/www.paudalho.pe.gov.br\/portal\/wp-content\/uploads\/2017\/10\/57d0466c-b7d7-4498-90f4-ed26d030c794-350x230.jpg\" data-large-file=\"https:\/\/www.paudalho.pe.gov.br\/portal\/wp-content\/uploads\/2017\/10\/57d0466c-b7d7-4498-90f4-ed26d030c794-800x450.jpg\" class=\"wp-image-1415 size-medium\" src=\"http:\/\/www.paudalho.pe.gov.br\/portal\/wp-content\/uploads\/2017\/10\/57d0466c-b7d7-4498-90f4-ed26d030c794-350x230.jpg\" alt=\"\" width=\"300\" height=\"197\" \/><p id=\"caption-attachment-1415\" class=\"wp-caption-text\">Foto: Isak de Castro\/Comunica\u00e7\u00e3oPrefeituradePaudalho<\/p><\/div>\n<div id=\"attachment_1416\" style=\"width: 310px\" class=\"wp-caption alignnone\"><img loading=\"lazy\" decoding=\"async\" aria-describedby=\"caption-attachment-1416\" data-attachment-id=\"1416\" data-permalink=\"https:\/\/www.paudalho.pe.gov.br\/portal\/a-mudanca-esta-ai-palpavel-para-todo-mundo-ver-diz-morador-de-cha-de-conselho-no-paudalho-participativo\/19a07bae-b5bb-4eb2-8506-8d5d85b0aaf9\/\" data-orig-file=\"https:\/\/www.paudalho.pe.gov.br\/portal\/wp-content\/uploads\/2017\/10\/19a07bae-b5bb-4eb2-8506-8d5d85b0aaf9.jpg\" data-orig-size=\"1280,853\" data-comments-opened=\"1\" data-image-meta=\"{&quot;aperture&quot;:&quot;0&quot;,&quot;credit&quot;:&quot;&quot;,&quot;camera&quot;:&quot;&quot;,&quot;caption&quot;:&quot;&quot;,&quot;created_timestamp&quot;:&quot;0&quot;,&quot;copyright&quot;:&quot;&quot;,&quot;focal_length&quot;:&quot;0&quot;,&quot;iso&quot;:&quot;0&quot;,&quot;shutter_speed&quot;:&quot;0&quot;,&quot;title&quot;:&quot;&quot;,&quot;orientation&quot;:&quot;0&quot;}\" data-image-title=\"19a07bae-b5bb-4eb2-8506-8d5d85b0aaf9\" data-image-description=\"\" data-image-caption=\"\" data-medium-file=\"https:\/\/www.paudalho.pe.gov.br\/portal\/wp-content\/uploads\/2017\/10\/19a07bae-b5bb-4eb2-8506-8d5d85b0aaf9-350x230.jpg\" data-large-file=\"https:\/\/www.paudalho.pe.gov.br\/portal\/wp-content\/uploads\/2017\/10\/19a07bae-b5bb-4eb2-8506-8d5d85b0aaf9-800x450.jpg\" class=\"size-medium wp-image-1416\" src=\"http:\/\/www.paudalho.pe.gov.br\/portal\/wp-content\/uploads\/2017\/10\/19a07bae-b5bb-4eb2-8506-8d5d85b0aaf9-350x230.jpg\" alt=\"\" width=\"300\" height=\"197\" \/><p id=\"caption-attachment-1416\" class=\"wp-caption-text\">Foto: Isak de Castro\/Comunica\u00e7\u00e3oPrefeituradePaudalho<\/p><\/div>\n<p>O prefeito Marcelo Gouveia comentou que o Paudalho Participativo vai de encontro a pol\u00edtica que distancia a popula\u00e7\u00e3o e n\u00e3o oferece di\u00e1logos construtivos, tal qual \u00e9 exercida por alguns gestores. \u201cEste realmente \u00e9 o momento de ouvir. O que a gente costuma ver na pol\u00edtica \u00e9 que os pol\u00edticos aparecem no per\u00edodo das elei\u00e7\u00f5es e no resto do mandato deixa voc\u00eas abandonados e a gente est\u00e1 procurando fazer de uma forma diferente e, de fato, ouvir o povo\u201d, esclareceu.<\/p>\n<div id=\"attachment_1417\" style=\"width: 310px\" class=\"wp-caption alignnone\"><img loading=\"lazy\" decoding=\"async\" aria-describedby=\"caption-attachment-1417\" data-attachment-id=\"1417\" data-permalink=\"https:\/\/www.paudalho.pe.gov.br\/portal\/a-mudanca-esta-ai-palpavel-para-todo-mundo-ver-diz-morador-de-cha-de-conselho-no-paudalho-participativo\/fc3db282-f000-4cd4-9320-997be306ab41\/\" data-orig-file=\"https:\/\/www.paudalho.pe.gov.br\/portal\/wp-content\/uploads\/2017\/10\/fc3db282-f000-4cd4-9320-997be306ab41.jpg\" data-orig-size=\"1280,853\" data-comments-opened=\"1\" data-image-meta=\"{&quot;aperture&quot;:&quot;0&quot;,&quot;credit&quot;:&quot;&quot;,&quot;camera&quot;:&quot;&quot;,&quot;caption&quot;:&quot;&quot;,&quot;created_timestamp&quot;:&quot;0&quot;,&quot;copyright&quot;:&quot;&quot;,&quot;focal_length&quot;:&quot;0&quot;,&quot;iso&quot;:&quot;0&quot;,&quot;shutter_speed&quot;:&quot;0&quot;,&quot;title&quot;:&quot;&quot;,&quot;orientation&quot;:&quot;0&quot;}\" data-image-title=\"fc3db282-f000-4cd4-9320-997be306ab41\" data-image-description=\"\" data-image-caption=\"\" data-medium-file=\"https:\/\/www.paudalho.pe.gov.br\/portal\/wp-content\/uploads\/2017\/10\/fc3db282-f000-4cd4-9320-997be306ab41-350x230.jpg\" data-large-file=\"https:\/\/www.paudalho.pe.gov.br\/portal\/wp-content\/uploads\/2017\/10\/fc3db282-f000-4cd4-9320-997be306ab41-800x450.jpg\" class=\"size-medium wp-image-1417\" src=\"http:\/\/www.paudalho.pe.gov.br\/portal\/wp-content\/uploads\/2017\/10\/fc3db282-f000-4cd4-9320-997be306ab41-350x230.jpg\" alt=\"\" width=\"300\" height=\"197\" \/><p id=\"caption-attachment-1417\" class=\"wp-caption-text\">Foto: Isak de Castro\/Comunica\u00e7\u00e3oPrefeituradePaudalho<\/p><\/div>\n<h2><strong>C\u00e9dula de Vota\u00e7\u00e3o<\/strong><\/h2>\n<p>Foi entregue \u00e0 popula\u00e7\u00e3o um question\u00e1rio com 10 \u00e1reas para eles escolherem as cinco mais cr\u00edticas no distrito. O secret\u00e1rio de Governo, Fernando Moreira, detalhou o question\u00e1rio. \u201cA quest\u00e3o da c\u00e9dula de vota\u00e7\u00e3o foi criada como uma diretriz para que as pessoas que participam do Paudalho Participativo possam ter o direito de escolher quais as obras que eles desejam que a gest\u00e3o realize em seu bairro\u201d, explicou.<\/p>\n<div id=\"attachment_1419\" style=\"width: 310px\" class=\"wp-caption alignnone\"><img loading=\"lazy\" decoding=\"async\" aria-describedby=\"caption-attachment-1419\" data-attachment-id=\"1419\" data-permalink=\"https:\/\/www.paudalho.pe.gov.br\/portal\/a-mudanca-esta-ai-palpavel-para-todo-mundo-ver-diz-morador-de-cha-de-conselho-no-paudalho-participativo\/bc1b1c05-c4e9-4c63-9f8f-737ab44abf86\/\" data-orig-file=\"https:\/\/www.paudalho.pe.gov.br\/portal\/wp-content\/uploads\/2017\/10\/bc1b1c05-c4e9-4c63-9f8f-737ab44abf86.jpg\" data-orig-size=\"1280,853\" data-comments-opened=\"1\" data-image-meta=\"{&quot;aperture&quot;:&quot;0&quot;,&quot;credit&quot;:&quot;&quot;,&quot;camera&quot;:&quot;&quot;,&quot;caption&quot;:&quot;&quot;,&quot;created_timestamp&quot;:&quot;0&quot;,&quot;copyright&quot;:&quot;&quot;,&quot;focal_length&quot;:&quot;0&quot;,&quot;iso&quot;:&quot;0&quot;,&quot;shutter_speed&quot;:&quot;0&quot;,&quot;title&quot;:&quot;&quot;,&quot;orientation&quot;:&quot;0&quot;}\" data-image-title=\"bc1b1c05-c4e9-4c63-9f8f-737ab44abf86\" data-image-description=\"\" data-image-caption=\"&lt;p&gt;Foto: Isak de Castro\/Comunica\u00e7\u00e3oPrefeituradePaudalho&lt;\/p&gt;\n\" data-medium-file=\"https:\/\/www.paudalho.pe.gov.br\/portal\/wp-content\/uploads\/2017\/10\/bc1b1c05-c4e9-4c63-9f8f-737ab44abf86-350x230.jpg\" data-large-file=\"https:\/\/www.paudalho.pe.gov.br\/portal\/wp-content\/uploads\/2017\/10\/bc1b1c05-c4e9-4c63-9f8f-737ab44abf86-800x450.jpg\" class=\"size-medium wp-image-1419\" src=\"http:\/\/www.paudalho.pe.gov.br\/portal\/wp-content\/uploads\/2017\/10\/bc1b1c05-c4e9-4c63-9f8f-737ab44abf86-350x230.jpg\" alt=\"\" width=\"300\" height=\"197\" \/><p id=\"caption-attachment-1419\" class=\"wp-caption-text\">Foto: Isak de Castro\/Comunica\u00e7\u00e3oPrefeituradePaudalho<\/p><\/div>\n<p>Mostrando que a popula\u00e7\u00e3o tem vez e voz, o morador Anderson Barbosa pediu pavimenta\u00e7\u00e3o e elogiou as mudan\u00e7as realizadas em t\u00e3o pouco tempo. \u201cA mudan\u00e7a est\u00e1 ai palp\u00e1vel para todo mundo ver\u201d, disse. Sobre a pavimenta\u00e7\u00e3o das ruas, o secret\u00e1rio de Obras e Servi\u00e7os P\u00fablicos, Gustavo Gouveia, realizou uma vota\u00e7\u00e3o com a popula\u00e7\u00e3o \u00a0para o projeto de cal\u00e7amento do local.<\/p>\n<p>Foram apresentadas duas op\u00e7\u00f5es: come\u00e7ar a pavimentar as ruas de dentro do distrito ou a principal, os populares escolherem as obras come\u00e7arem pela principal. Segundo o secret\u00e1rio, o projeto vai ser iniciado ainda este m\u00eas. Ao final da a\u00e7\u00e3o, os cidad\u00e3o de Ch\u00e3 de Conselho votaram nos representantes da comunidade. Foram eleitos Gilson Loiola, Hugo Gon\u00e7alves, Eduardo Henrique e Anderson Barbosa.<\/p>\n<div id=\"attachment_1420\" style=\"width: 310px\" class=\"wp-caption alignnone\"><img loading=\"lazy\" decoding=\"async\" aria-describedby=\"caption-attachment-1420\" data-attachment-id=\"1420\" data-permalink=\"https:\/\/www.paudalho.pe.gov.br\/portal\/a-mudanca-esta-ai-palpavel-para-todo-mundo-ver-diz-morador-de-cha-de-conselho-no-paudalho-participativo\/bbc8b06d-b29d-4a51-8cd3-ba03135a11fc-1\/\" data-orig-file=\"https:\/\/www.paudalho.pe.gov.br\/portal\/wp-content\/uploads\/2017\/10\/bbc8b06d-b29d-4a51-8cd3-ba03135a11fc-1.jpg\" data-orig-size=\"1040,780\" data-comments-opened=\"1\" data-image-meta=\"{&quot;aperture&quot;:&quot;0&quot;,&quot;credit&quot;:&quot;&quot;,&quot;camera&quot;:&quot;&quot;,&quot;caption&quot;:&quot;&quot;,&quot;created_timestamp&quot;:&quot;0&quot;,&quot;copyright&quot;:&quot;&quot;,&quot;focal_length&quot;:&quot;0&quot;,&quot;iso&quot;:&quot;0&quot;,&quot;shutter_speed&quot;:&quot;0&quot;,&quot;title&quot;:&quot;&quot;,&quot;orientation&quot;:&quot;0&quot;}\" data-image-title=\"bbc8b06d-b29d-4a51-8cd3-ba03135a11fc (1)\" data-image-description=\"\" data-image-caption=\"&lt;p&gt;Foto: Thales K\u00edrion\/Comunica\u00e7\u00e3oPrefeituradePaudalho&lt;\/p&gt;\n\" data-medium-file=\"https:\/\/www.paudalho.pe.gov.br\/portal\/wp-content\/uploads\/2017\/10\/bbc8b06d-b29d-4a51-8cd3-ba03135a11fc-1-350x230.jpg\" data-large-file=\"https:\/\/www.paudalho.pe.gov.br\/portal\/wp-content\/uploads\/2017\/10\/bbc8b06d-b29d-4a51-8cd3-ba03135a11fc-1-800x450.jpg\" class=\"size-medium wp-image-1420\" src=\"http:\/\/www.paudalho.pe.gov.br\/portal\/wp-content\/uploads\/2017\/10\/bbc8b06d-b29d-4a51-8cd3-ba03135a11fc-1-350x230.jpg\" alt=\"\" width=\"300\" height=\"197\" \/><p id=\"caption-attachment-1420\" class=\"wp-caption-text\">Foto: Thales K\u00edrion\/Comunica\u00e7\u00e3oPrefeituradePaudalho<\/p><\/div>\n","protected":false},"excerpt":{"rendered":"<p>Mais de 300 pessoas estiveram no Paudalho Participativo, que foi realizado pela Prefeitura do Paudalho, por meio da Secretaria de Governo, nesta quinta-feira (5) em Ch\u00e3 de Conselho. O evento contou com a presen\u00e7a do prefeito do munic\u00edpio, Marcelo Gouveia, e secret\u00e1rios. Veja no v\u00eddeo: Paudalho Participativo\u00a0 O programa vai passar pelos bairros de toda [&hellip;]<\/p>\n","protected":false},"author":4,"featured_media":1413,"comment_status":"open","ping_status":"open","sticky":false,"template":"","format":"standard","meta":{"_jetpack_newsletter_access":"","_jetpack_dont_email_post_to_subs":false,"_jetpack_newsletter_tier_id":0,"_jetpack_memberships_contains_paywalled_content":false,"_jetpack_memberships_contains_paid_content":false,"footnotes":""},"categories":[2,1],"tags":[152,14,133,22],"class_list":["post-1412","post","type-post","status-publish","format-standard","has-post-thumbnail","hentry","category-destaque","category-noticias","tag-cha-de-conselho","tag-paudalho","tag-paudalho-participativo","tag-prefeitura-do-paudalho"],"jetpack_featured_media_url":"https:\/\/www.paudalho.pe.gov.br\/portal\/wp-content\/uploads\/2017\/10\/7baa7852-a9f0-4d48-9d0f-de5b78aaed4d.jpg","jetpack_sharing_enabled":true,"jetpack_shortlink":"https:\/\/wp.me\/p98mS2-mM","_links":{"self":[{"href":"https:\/\/www.paudalho.pe.gov.br\/portal\/wp-json\/wp\/v2\/posts\/1412","targetHints":{"allow":["GET"]}}],"collection":[{"href":"https:\/\/www.paudalho.pe.gov.br\/portal\/wp-json\/wp\/v2\/posts"}],"about":[{"href":"https:\/\/www.paudalho.pe.gov.br\/portal\/wp-json\/wp\/v2\/types\/post"}],"author":[{"embeddable":true,"href":"https:\/\/www.paudalho.pe.gov.br\/portal\/wp-json\/wp\/v2\/users\/4"}],"replies":[{"embeddable":true,"href":"https:\/\/www.paudalho.pe.gov.br\/portal\/wp-json\/wp\/v2\/comments?post=1412"}],"version-history":[{"count":3,"href":"https:\/\/www.paudalho.pe.gov.br\/portal\/wp-json\/wp\/v2\/posts\/1412\/revisions"}],"predecessor-version":[{"id":1423,"href":"https:\/\/www.paudalho.pe.gov.br\/portal\/wp-json\/wp\/v2\/posts\/1412\/revisions\/1423"}],"wp:featuredmedia":[{"embeddable":true,"href":"https:\/\/www.paudalho.pe.gov.br\/portal\/wp-json\/wp\/v2\/media\/1413"}],"wp:attachment":[{"href":"https:\/\/www.paudalho.pe.gov.br\/portal\/wp-json\/wp\/v2\/media?parent=1412"}],"wp:term":[{"taxonomy":"category","embeddable":true,"href":"https:\/\/www.paudalho.pe.gov.br\/portal\/wp-json\/wp\/v2\/categories?post=1412"},{"taxonomy":"post_tag","embeddable":true,"href":"https:\/\/www.paudalho.pe.gov.br\/portal\/wp-json\/wp\/v2\/tags?post=1412"}],"curies":[{"name":"wp","href":"https:\/\/api.w.org\/{rel}","templated":true}]}}