{"id":14109,"date":"2021-03-03T17:44:57","date_gmt":"2021-03-03T20:44:57","guid":{"rendered":"https:\/\/www.paudalho.pe.gov.br\/portal\/?p=14109"},"modified":"2021-10-05T10:05:32","modified_gmt":"2021-10-05T13:05:32","slug":"paudalho-formaliza-adesao-ao-programa-de-regularizacao-fundiaria-moradia-legal-em-solenidade-virtual-realizada-nesta-quarta-feira-03","status":"publish","type":"post","link":"https:\/\/www.paudalho.pe.gov.br\/portal\/paudalho-formaliza-adesao-ao-programa-de-regularizacao-fundiaria-moradia-legal-em-solenidade-virtual-realizada-nesta-quarta-feira-03\/","title":{"rendered":"Paudalho formaliza ades\u00e3o ao programa de regulariza\u00e7\u00e3o fundi\u00e1ria Moradia Legal em solenidade virtual realizada nesta quarta-feira (03)"},"content":{"rendered":"\n<p>Na manh\u00e3 desta quarta-feira (03), uma sess\u00e3o virtual foi realizada pelo Tribunal de Justi\u00e7a do Estado de Pernambuco (TJPE) e pela Corregedoria Geral de Justi\u00e7a de Pernambuco (CGJPE) para a solenidade de ades\u00e3o dos 37 novos munic\u00edpios integrantes do Programa Moradia Legal, iniciativa de regulariza\u00e7\u00e3o fundi\u00e1ria que tem como finalidade proporcionar o direito constitucional \u00e0 moradia plena em todo o Estado. <\/p>\n\n\n\n<p>Com in\u00edcio \u00e0s 10h, a solenidade ocorreu atrav\u00e9s de transmiss\u00e3o ao vivo no <a href=\"https:\/\/www.youtube.com\/watch?v=ZXEs3ZatbNk\">Youtube<\/a> no canal oficial da Ascom TJPE. O evento tamb\u00e9m teve como marco a assinatura do Protocolo de Inten\u00e7\u00f5es pelo CGJPE, pelo TJPE, pela Associa\u00e7\u00e3o de Registradores Imobili\u00e1rios de Pernambuco (Aripe) e pela Universidade Federal de Pernambuco (UFPE).<\/p>\n\n\n\n<figure class=\"wp-block-image size-large\"><img loading=\"lazy\" decoding=\"async\" width=\"800\" height=\"450\" data-attachment-id=\"14115\" data-permalink=\"https:\/\/www.paudalho.pe.gov.br\/portal\/paudalho-formaliza-adesao-ao-programa-de-regularizacao-fundiaria-moradia-legal-em-solenidade-virtual-realizada-nesta-quarta-feira-03\/sessaovirtualtjpe-1\/\" data-orig-file=\"https:\/\/www.paudalho.pe.gov.br\/portal\/wp-content\/uploads\/2021\/03\/sessaovirtualtjpe-1.jpeg\" data-orig-size=\"1155,692\" data-comments-opened=\"1\" data-image-meta=\"{&quot;aperture&quot;:&quot;0&quot;,&quot;credit&quot;:&quot;&quot;,&quot;camera&quot;:&quot;&quot;,&quot;caption&quot;:&quot;&quot;,&quot;created_timestamp&quot;:&quot;0&quot;,&quot;copyright&quot;:&quot;&quot;,&quot;focal_length&quot;:&quot;0&quot;,&quot;iso&quot;:&quot;0&quot;,&quot;shutter_speed&quot;:&quot;0&quot;,&quot;title&quot;:&quot;&quot;,&quot;orientation&quot;:&quot;0&quot;}\" data-image-title=\"sessaovirtualtjpe-1\" data-image-description=\"\" data-image-caption=\"\" data-medium-file=\"https:\/\/www.paudalho.pe.gov.br\/portal\/wp-content\/uploads\/2021\/03\/sessaovirtualtjpe-1-350x230.jpeg\" data-large-file=\"https:\/\/www.paudalho.pe.gov.br\/portal\/wp-content\/uploads\/2021\/03\/sessaovirtualtjpe-1-800x450.jpeg\" src=\"https:\/\/www.paudalho.pe.gov.br\/portal\/wp-content\/uploads\/2021\/03\/sessaovirtualtjpe-1-800x450.jpeg\" alt=\"\" class=\"wp-image-14115\"\/><figcaption><em>A cerim\u00f4nia solene ocorreu por meio de uma videoconfer\u00eancia transmitida ao vivo no canal do Youtube da ASCOM TJPE. Imagem: Prefeitura do Paudalho.<\/em><\/figcaption><\/figure>\n\n\n\n<p>Paudalho foi um dos 37 novos munic\u00edpios que passaram a integrar o quadro da iniciativa. Al\u00e9m dele, foram inclu\u00eddos no programa as cidades de Afogados da Ingazeira, Afr\u00e2nio, Alian\u00e7a, Bodoc\u00f3, Bu\u00edque, Cabrob\u00f3, Cort\u00eas, Cust\u00f3dia, Dormentes, Escada, Exu, Garanhuns, Goiana, Gravat\u00e1, Ibimirim, Igarassu, Ipojuca, Jo\u00e3o Alfredo, Lagoa dos Gatos, Machados, Manari, Panelas, Paulista, Pedra, Petrolina, Riacho das Almas, Salgueiro, Salo\u00e1, Santa Cruz da Baixa Verde, Santa Maria do Cambuc\u00e1, Tacaratu, Tamandar\u00e9, Taquaritinga do Norte, Terra Nova, Tracunha\u00e9m e Vic\u00eancia. Com essa ades\u00e3o, o Moradia Legal atender\u00e1 um total de 87 das 184 cidades do Estado.<\/p>\n\n\n\n<p>A integra\u00e7\u00e3o de Paudalho ao programa \u00e9 um marco para a garantia do direito \u00e0 moradia e do bem estar social. O superintendente de cadastro territorial da Prefeitura do Paudalho, Jos\u00e9 Eduardo Andrade, \u00e9 o respons\u00e1vel pela coordena\u00e7\u00e3o das a\u00e7\u00f5es do Moradia Legal no munic\u00edpio. <\/p>\n\n\n\n<p>O gestor afirma que essa \u00e9 uma forma de unir for\u00e7as para a melhoria da situa\u00e7\u00e3o da popula\u00e7\u00e3o paudalhense. &#8220;Esse programa vem como uma for\u00e7a tarefa (&#8230;) o objetivo final ser\u00e1 a entrega de t\u00edtulos \u00e0s pessoas mais carentes do munic\u00edpio, ou seja, a entrega do direito de propriedade \u00e0 essas pessoas. Elas ter\u00e3o o direito jur\u00eddico sobre a terra onde moram, sobre a casa onde vivem.&#8221;, declara.<\/p>\n\n\n\n<p>O coordenador ainda destaca a import\u00e2ncia da parceria entre os \u00f3rg\u00e3os envolvidos na iniciativa. &#8220;Vimos nesse programa a oportunidade de realizar e dar celeridade a processos que costumam ser complicados e demorados. A grande vantagem \u00e9 a orienta\u00e7\u00e3o que receberemos pelos \u00f3rg\u00e3os parceiros. S\u00e3o atores que realmente fazem a diferen\u00e7a (&#8230;) eles orientam e acompanham os munic\u00edpios&#8221;, explica.<\/p>\n\n\n\n<div class=\"wp-block-image\"><figure class=\"aligncenter size-large\"><img loading=\"lazy\" decoding=\"async\" width=\"512\" height=\"291\" data-attachment-id=\"14112\" data-permalink=\"https:\/\/www.paudalho.pe.gov.br\/portal\/paudalho-formaliza-adesao-ao-programa-de-regularizacao-fundiaria-moradia-legal-em-solenidade-virtual-realizada-nesta-quarta-feira-03\/unnamed\/\" data-orig-file=\"https:\/\/www.paudalho.pe.gov.br\/portal\/wp-content\/uploads\/2021\/03\/unnamed.png\" data-orig-size=\"512,291\" data-comments-opened=\"1\" data-image-meta=\"{&quot;aperture&quot;:&quot;0&quot;,&quot;credit&quot;:&quot;&quot;,&quot;camera&quot;:&quot;&quot;,&quot;caption&quot;:&quot;&quot;,&quot;created_timestamp&quot;:&quot;0&quot;,&quot;copyright&quot;:&quot;&quot;,&quot;focal_length&quot;:&quot;0&quot;,&quot;iso&quot;:&quot;0&quot;,&quot;shutter_speed&quot;:&quot;0&quot;,&quot;title&quot;:&quot;&quot;,&quot;orientation&quot;:&quot;0&quot;}\" data-image-title=\"unnamed\" data-image-description=\"\" data-image-caption=\"\" data-medium-file=\"https:\/\/www.paudalho.pe.gov.br\/portal\/wp-content\/uploads\/2021\/03\/unnamed-350x230.png\" data-large-file=\"https:\/\/www.paudalho.pe.gov.br\/portal\/wp-content\/uploads\/2021\/03\/unnamed.png\" src=\"https:\/\/www.paudalho.pe.gov.br\/portal\/wp-content\/uploads\/2021\/03\/unnamed.png\" alt=\"\" class=\"wp-image-14112\"\/><\/figure><\/div>\n\n\n\n<h3 class=\"wp-block-heading\"><strong>Programa Moradia Legal<\/strong><\/h3>\n\n\n\n<p>Implementado em Pernambuco no ano de 2019, Moradia Legal \u00e9 um programa de regulariza\u00e7\u00e3o fundi\u00e1ria ordenado pelo Poder Judici\u00e1rio do Estado, uma iniciativa da Presid\u00eancia do Tribunal de Justi\u00e7a de Pernambuco (TJPE) e da Corregedoria Geral da Justi\u00e7a de Pernambuco (CGJP). <\/p>\n\n\n\n<p>De acordo com os \u00f3rg\u00e3os, o programa tem como finalidade orientar os entes p\u00fablicos sobre o procedimento de regulariza\u00e7\u00e3o fundi\u00e1ria de n\u00facleos urbanos informais, ocupados por popula\u00e7\u00e3o de baixa renda, nos moldes da Lei 13.465\/2017 e do Decreto 9.310\/2018, e efetivar medidas jur\u00eddicas e administrativas junto aos cart\u00f3rios de registro imobili\u00e1rio.\u00a0<\/p>\n\n\n\n<p>Seu objetivo tamb\u00e9m \u00e9 dar efetividade \u00e0 legisla\u00e7\u00e3o brasileira que garante o direito \u00e0 posse e \u00e0 propriedade plena \u00e0s fam\u00edlias que ocupam \u00e1reas, p\u00fablicas ou privadas, para constru\u00edrem suas resid\u00eancias, assegurando o direito constitucional \u00e0 moradia digna, seguran\u00e7a jur\u00eddica e paz social. <\/p>\n\n\n\n<p>Por meio da iniciativa, as cidades participantes do programa contam com apoio t\u00e9cnico e jur\u00eddico para realizar a regulariza\u00e7\u00e3o fundi\u00e1ria em seus territ\u00f3rios. De acordo com dados do TJPE, at\u00e9 o primeiro semestre de 2021, mais de 8.500 fam\u00edlias pernambucanas ter\u00e3o sido beneficiadas pela a\u00e7\u00e3o.\u00a0<\/p>\n","protected":false},"excerpt":{"rendered":"<p>Na manh\u00e3 desta quarta-feira (03), uma sess\u00e3o virtual foi realizada pelo Tribunal de Justi\u00e7a do Estado de Pernambuco (TJPE) e pela Corregedoria Geral de Justi\u00e7a de Pernambuco (CGJPE) para a solenidade de ades\u00e3o dos 37 novos munic\u00edpios integrantes do Programa Moradia Legal, iniciativa de regulariza\u00e7\u00e3o fundi\u00e1ria que tem como finalidade proporcionar o direito constitucional \u00e0 [&hellip;]<\/p>\n","protected":false},"author":6,"featured_media":14116,"comment_status":"open","ping_status":"open","sticky":false,"template":"","format":"standard","meta":{"_jetpack_newsletter_access":"","_jetpack_dont_email_post_to_subs":false,"_jetpack_newsletter_tier_id":0,"_jetpack_memberships_contains_paywalled_content":false,"_jetpack_memberships_contains_paid_content":false,"footnotes":""},"categories":[2,1,35,588],"tags":[721,719,104,720],"class_list":["post-14109","post","type-post","status-publish","format-standard","has-post-thumbnail","hentry","category-destaque","category-noticias","category-obras","category-projetos-e-programas","tag-cgjpe","tag-moradia-legal","tag-prefeitura-de-paudalho","tag-tjpe"],"jetpack_featured_media_url":"https:\/\/www.paudalho.pe.gov.br\/portal\/wp-content\/uploads\/2021\/03\/prefeituradopaudalho.jpeg","jetpack_sharing_enabled":true,"jetpack_shortlink":"https:\/\/wp.me\/p98mS2-3Fz","_links":{"self":[{"href":"https:\/\/www.paudalho.pe.gov.br\/portal\/wp-json\/wp\/v2\/posts\/14109","targetHints":{"allow":["GET"]}}],"collection":[{"href":"https:\/\/www.paudalho.pe.gov.br\/portal\/wp-json\/wp\/v2\/posts"}],"about":[{"href":"https:\/\/www.paudalho.pe.gov.br\/portal\/wp-json\/wp\/v2\/types\/post"}],"author":[{"embeddable":true,"href":"https:\/\/www.paudalho.pe.gov.br\/portal\/wp-json\/wp\/v2\/users\/6"}],"replies":[{"embeddable":true,"href":"https:\/\/www.paudalho.pe.gov.br\/portal\/wp-json\/wp\/v2\/comments?post=14109"}],"version-history":[{"count":12,"href":"https:\/\/www.paudalho.pe.gov.br\/portal\/wp-json\/wp\/v2\/posts\/14109\/revisions"}],"predecessor-version":[{"id":19000,"href":"https:\/\/www.paudalho.pe.gov.br\/portal\/wp-json\/wp\/v2\/posts\/14109\/revisions\/19000"}],"wp:featuredmedia":[{"embeddable":true,"href":"https:\/\/www.paudalho.pe.gov.br\/portal\/wp-json\/wp\/v2\/media\/14116"}],"wp:attachment":[{"href":"https:\/\/www.paudalho.pe.gov.br\/portal\/wp-json\/wp\/v2\/media?parent=14109"}],"wp:term":[{"taxonomy":"category","embeddable":true,"href":"https:\/\/www.paudalho.pe.gov.br\/portal\/wp-json\/wp\/v2\/categories?post=14109"},{"taxonomy":"post_tag","embeddable":true,"href":"https:\/\/www.paudalho.pe.gov.br\/portal\/wp-json\/wp\/v2\/tags?post=14109"}],"curies":[{"name":"wp","href":"https:\/\/api.w.org\/{rel}","templated":true}]}}