{"id":13968,"date":"2021-02-12T16:31:27","date_gmt":"2021-02-12T19:31:27","guid":{"rendered":"https:\/\/www.paudalho.pe.gov.br\/portal\/?p=13968"},"modified":"2025-01-08T00:39:48","modified_gmt":"2025-01-08T03:39:48","slug":"cerimonia-de-posse-do-primeiro-conselho-de-politica-cultural-do-municipio","status":"publish","type":"post","link":"https:\/\/www.paudalho.pe.gov.br\/portal\/cerimonia-de-posse-do-primeiro-conselho-de-politica-cultural-do-municipio\/","title":{"rendered":"Cerim\u00f4nia de posse do primeiro Conselho de Pol\u00edtica Cultural do munic\u00edpio"},"content":{"rendered":"\n<p>Na tarde da \u00faltima quinta-feira (11), a Prefeitura do Paudalho por meio da Secretaria Municipal de Cultura, Esporte, Juventude, Turismo e Lazer realizou a cerim\u00f4nia de posse do Conselho Municipal de Pol\u00edticas Culturais (CMPC). A solenidade ocorreu na C\u00e2mara Municipal do Paudalho, \u00e0s 14h. Os conselheiros titulares e suplentes empossados ir\u00e3o atuar no per\u00edodo de 2021\/2022. Na ocasi\u00e3o, 32 conselheiros tomaram posse, sendo 16 participantes da sociedade civil e 16 membros do poder p\u00fablico empossados por meio de indica\u00e7\u00e3o.<\/p>\n\n\n\n<figure class=\"wp-block-image size-large\"><img loading=\"lazy\" decoding=\"async\" width=\"800\" height=\"450\" data-attachment-id=\"13972\" data-permalink=\"https:\/\/www.paudalho.pe.gov.br\/portal\/cerimonia-de-posse-do-primeiro-conselho-de-politica-cultural-do-municipio\/whatsapp-image-2021-02-12-at-15-40-47-1\/\" data-orig-file=\"https:\/\/www.paudalho.pe.gov.br\/portal\/wp-content\/uploads\/2021\/02\/WhatsApp-Image-2021-02-12-at-15.40.47-1.jpeg\" data-orig-size=\"1280,960\" data-comments-opened=\"1\" data-image-meta=\"{&quot;aperture&quot;:&quot;0&quot;,&quot;credit&quot;:&quot;&quot;,&quot;camera&quot;:&quot;&quot;,&quot;caption&quot;:&quot;&quot;,&quot;created_timestamp&quot;:&quot;0&quot;,&quot;copyright&quot;:&quot;&quot;,&quot;focal_length&quot;:&quot;0&quot;,&quot;iso&quot;:&quot;0&quot;,&quot;shutter_speed&quot;:&quot;0&quot;,&quot;title&quot;:&quot;&quot;,&quot;orientation&quot;:&quot;0&quot;}\" data-image-title=\"WhatsApp-Image-2021-02-12-at-15.40.47-1\" data-image-description=\"\" data-image-caption=\"\" data-medium-file=\"https:\/\/www.paudalho.pe.gov.br\/portal\/wp-content\/uploads\/2021\/02\/WhatsApp-Image-2021-02-12-at-15.40.47-1-350x230.jpeg\" data-large-file=\"https:\/\/www.paudalho.pe.gov.br\/portal\/wp-content\/uploads\/2021\/02\/WhatsApp-Image-2021-02-12-at-15.40.47-1-800x450.jpeg\" src=\"https:\/\/www.paudalho.pe.gov.br\/portal\/wp-content\/uploads\/2021\/02\/WhatsApp-Image-2021-02-12-at-15.40.47-1-800x450.jpeg\" alt=\"\" class=\"wp-image-13972\"\/><figcaption><em>Foto: Guilherme Ricardo\/PMP<\/em><\/figcaption><\/figure>\n\n\n\n<p><strong>Confira abaixo a lista com os nomes, \u00f3rg\u00e3os e posi\u00e7\u00f5es de cada conselheiro:<\/strong><\/p>\n\n\n\n<figure class=\"wp-block-table\"><table><tbody><tr><td>Jo\u00e3o Ernani Correia de Figueiredo<\/td><td>Cultura Popular<\/td><td>TITULAR<\/td><\/tr><tr><td>Maria Jos\u00e9 Anselmo da Silva<\/td><td>Cultura Popular<\/td><td>SUPLENTE<\/td><\/tr><tr><td>Rosilda Maria de Santana Silva<\/td><td>Cultura Popular<\/td><td>TITULAR<\/td><\/tr><tr><td>Simone Clemente da Silva<\/td><td>Comunidade Tradicional<\/td><td>SUPLENTE<\/td><\/tr><tr><td>Wellignton Lima de Santana<\/td><td>Dan\u00e7a<\/td><td>TITULAR<\/td><\/tr><tr><td>Tiago Monteiro dos Santos<\/td><td>Cultura Popular<\/td><td>SUPLENTE<\/td><\/tr><tr><td>Geiza Maria de Andrade Silva<\/td><td>Teatro<\/td><td>TITULAR<\/td><\/tr><tr><td>Josilene de Oliveira Lima<\/td><td>Cultura Popular<\/td><td>SUPLENTE<\/td><\/tr><tr><td>Edson Luiz Marques<\/td><td>Cultura Popular<\/td><td>TITULAR<\/td><\/tr><tr><td>T\u00falio Pinheiro Nascimento<\/td><td>M\u00fasica<\/td><td>SUPLENTE<\/td><\/tr><tr><td>Luzinete Ferreira de Brito<\/td><td>Cultura Popular<\/td><td>TITULAR<\/td><\/tr><tr><td>Iris Maria de Santana<\/td><td>Cultura Popular<\/td><td>SUPLENTE<\/td><\/tr><tr><td>Lucas Albuquerque Guerra<\/td><td>Cultura Popular<\/td><td>TITULAR<\/td><\/tr><tr><td>Ivana Carla Cardoso da Silva<\/td><td>Cultura Popular<\/td><td>SUPLENTE<\/td><\/tr><tr><td>Maria Deyse da Silva<\/td><td>Comunidade Tradicional<\/td><td>TITULAR<\/td><\/tr><tr><td>Iraquitan Jospe da Silva<\/td><td>Comunidade Tradicional<\/td><td>SUPLENTE<\/td><\/tr><\/tbody><\/table><\/figure>\n\n\n\n<p><strong>Conselheiros membros do poder p\u00fablico:<\/strong><\/p>\n\n\n\n<figure class=\"wp-block-table\"><table><tbody><tr><td>Carolina Ferraz Novaes Gomes Gouveia<\/td><td>Secretaria de Cultura<\/td><td>TITULAR<\/td><\/tr><tr><td>Jo\u00e3o Batista Silvino<\/td><td>Secretaria de Cultura<\/td><td>SUPLENTE<\/td><\/tr><tr><td>Luiz Gustavo Francisco Moreira da<br>Silva<\/td><td>Secretaria de Cultura<\/td><td>TITULAR<\/td><\/tr><tr><td>Elizonete Claudina de Oliveira<\/td><td>Secretaria de Cultura<\/td><td>SUPLENTE<\/td><\/tr><tr><td>Elinaldo Manoel de Andrade Silva<\/td><td>Secretaria de Educa\u00e7\u00e3o<\/td><td>TITULAR<\/td><\/tr><tr><td>Nancy Maria Lopes de Freita<\/td><td>Secretaria de Educa\u00e7\u00e3o<\/td><td>SUPLENTE<\/td><\/tr><tr><td>Angela Maria dos Santos Cah\u00fa<\/td><td>Secretaria de<br>Desenvolvimento e<br>Assist\u00eancia Social<\/td><td>TITULAR<\/td><\/tr><tr><td>Terezinha Maria Bandeira de Melo<br>Fernandes<\/td><td>Secretaria de<br>Desenvolvimento e<br>Assist\u00eancia Social<\/td><td>SUPLENTE<\/td><\/tr><tr><td>Ana Paula Ferreira Battistella<\/td><td>Secretaria Municipal de<br>Administra\u00e7\u00e3o e<br>Finan\u00e7as<\/td><td>TITULAR<\/td><\/tr><tr><td>Igor Carlos Santana Cavalcanti<\/td><td>Secretaria Municipal de<br>Administra\u00e7\u00e3o e<br>Finan\u00e7as<\/td><td>SUPLENTE<\/td><\/tr><tr><td>Thais Cibele Fabricio Soares<\/td><td>Secretaria de Sa\u00fade<\/td><td>TITULAR<\/td><\/tr><tr><td>Jo\u00e3o Pedro Rocha dos Prazeres<\/td><td>Secretaria de Sa\u00fade<\/td><td>SUPLENTE<\/td><\/tr><tr><td>Edmauro Cesar Andrade de Lima<\/td><td>Gabinete do Prefeito<\/td><td>TITULAR<\/td><\/tr><tr><td>Mar\u00edlia Beatriz dos Santos Marinho<br>Gusm\u00e3o<\/td><td>Gabinete do Prefeito<\/td><td>SUPLENTE<\/td><\/tr><tr><td>Alceu Edinardo Gusm\u00e3o Monetiro<\/td><td>C\u00e2mara dos Vereadores<\/td><td>TITULAR<\/td><\/tr><tr><td>Thiago Fernando da Silva<\/td><td>C\u00e2mara dos Vereadores<\/td><td>SUPLENTE<\/td><\/tr><\/tbody><\/table><\/figure>\n\n\n\n<p><strong>Durante a cerim\u00f4nia houve a elei\u00e7\u00e3o para a forma\u00e7\u00e3o da Diretoria Executiva onde foram empossados: <\/strong> <\/p>\n\n\n\n<p>Gustavo Moreira &#8211; Presidente<br>Angela Cah\u00fa &#8211; Vice-Presidente<br>Ely Reis &#8211; Secret\u00e1ria<\/p>\n\n\n\n<figure class=\"wp-block-image size-large\"><img loading=\"lazy\" decoding=\"async\" width=\"800\" height=\"450\" data-attachment-id=\"13971\" data-permalink=\"https:\/\/www.paudalho.pe.gov.br\/portal\/cerimonia-de-posse-do-primeiro-conselho-de-politica-cultural-do-municipio\/whatsapp-image-2021-02-12-at-15-40-48\/\" data-orig-file=\"https:\/\/www.paudalho.pe.gov.br\/portal\/wp-content\/uploads\/2021\/02\/WhatsApp-Image-2021-02-12-at-15.40.48.jpeg\" data-orig-size=\"1280,960\" data-comments-opened=\"1\" data-image-meta=\"{&quot;aperture&quot;:&quot;0&quot;,&quot;credit&quot;:&quot;&quot;,&quot;camera&quot;:&quot;&quot;,&quot;caption&quot;:&quot;&quot;,&quot;created_timestamp&quot;:&quot;0&quot;,&quot;copyright&quot;:&quot;&quot;,&quot;focal_length&quot;:&quot;0&quot;,&quot;iso&quot;:&quot;0&quot;,&quot;shutter_speed&quot;:&quot;0&quot;,&quot;title&quot;:&quot;&quot;,&quot;orientation&quot;:&quot;0&quot;}\" data-image-title=\"WhatsApp-Image-2021-02-12-at-15.40.48\" data-image-description=\"\" data-image-caption=\"\" data-medium-file=\"https:\/\/www.paudalho.pe.gov.br\/portal\/wp-content\/uploads\/2021\/02\/WhatsApp-Image-2021-02-12-at-15.40.48-350x230.jpeg\" data-large-file=\"https:\/\/www.paudalho.pe.gov.br\/portal\/wp-content\/uploads\/2021\/02\/WhatsApp-Image-2021-02-12-at-15.40.48-800x450.jpeg\" src=\"https:\/\/www.paudalho.pe.gov.br\/portal\/wp-content\/uploads\/2021\/02\/WhatsApp-Image-2021-02-12-at-15.40.48-800x450.jpeg\" alt=\"\" class=\"wp-image-13971\"\/><figcaption><em>Foto: Guilherme Ricardo\/PMP<\/em><\/figcaption><\/figure>\n","protected":false},"excerpt":{"rendered":"<p>Na tarde da \u00faltima quinta-feira (11), a Prefeitura do Paudalho por meio da Secretaria Municipal de Cultura, Esporte, Juventude, Turismo e Lazer realizou a cerim\u00f4nia de posse do Conselho Municipal de Pol\u00edticas Culturais (CMPC). A solenidade ocorreu na C\u00e2mara Municipal do Paudalho, \u00e0s 14h. Os conselheiros titulares e suplentes empossados ir\u00e3o atuar no per\u00edodo de [&hellip;]<\/p>\n","protected":false},"author":2,"featured_media":13970,"comment_status":"open","ping_status":"open","sticky":false,"template":"","format":"standard","meta":{"_jetpack_newsletter_access":"","_jetpack_dont_email_post_to_subs":false,"_jetpack_newsletter_tier_id":0,"_jetpack_memberships_contains_paywalled_content":false,"_jetpack_memberships_contains_paid_content":false,"footnotes":""},"categories":[6,2,1],"tags":[519,68,14,460],"class_list":["post-13968","post","type-post","status-publish","format-standard","has-post-thumbnail","hentry","category-cultura","category-destaque","category-noticias","tag-brasil","tag-cultura","tag-paudalho","tag-pernambuco"],"jetpack_featured_media_url":"https:\/\/www.paudalho.pe.gov.br\/portal\/wp-content\/uploads\/2021\/02\/WhatsApp-Image-2021-02-12-at-15.40.47.jpeg","jetpack_sharing_enabled":true,"jetpack_shortlink":"https:\/\/wp.me\/p98mS2-3Di","_links":{"self":[{"href":"https:\/\/www.paudalho.pe.gov.br\/portal\/wp-json\/wp\/v2\/posts\/13968","targetHints":{"allow":["GET"]}}],"collection":[{"href":"https:\/\/www.paudalho.pe.gov.br\/portal\/wp-json\/wp\/v2\/posts"}],"about":[{"href":"https:\/\/www.paudalho.pe.gov.br\/portal\/wp-json\/wp\/v2\/types\/post"}],"author":[{"embeddable":true,"href":"https:\/\/www.paudalho.pe.gov.br\/portal\/wp-json\/wp\/v2\/users\/2"}],"replies":[{"embeddable":true,"href":"https:\/\/www.paudalho.pe.gov.br\/portal\/wp-json\/wp\/v2\/comments?post=13968"}],"version-history":[{"count":10,"href":"https:\/\/www.paudalho.pe.gov.br\/portal\/wp-json\/wp\/v2\/posts\/13968\/revisions"}],"predecessor-version":[{"id":15501,"href":"https:\/\/www.paudalho.pe.gov.br\/portal\/wp-json\/wp\/v2\/posts\/13968\/revisions\/15501"}],"wp:featuredmedia":[{"embeddable":true,"href":"https:\/\/www.paudalho.pe.gov.br\/portal\/wp-json\/wp\/v2\/media\/13970"}],"wp:attachment":[{"href":"https:\/\/www.paudalho.pe.gov.br\/portal\/wp-json\/wp\/v2\/media?parent=13968"}],"wp:term":[{"taxonomy":"category","embeddable":true,"href":"https:\/\/www.paudalho.pe.gov.br\/portal\/wp-json\/wp\/v2\/categories?post=13968"},{"taxonomy":"post_tag","embeddable":true,"href":"https:\/\/www.paudalho.pe.gov.br\/portal\/wp-json\/wp\/v2\/tags?post=13968"}],"curies":[{"name":"wp","href":"https:\/\/api.w.org\/{rel}","templated":true}]}}