{"id":13821,"date":"2021-02-05T12:13:31","date_gmt":"2021-02-05T15:13:31","guid":{"rendered":"https:\/\/www.paudalho.pe.gov.br\/portal\/?p=13821"},"modified":"2025-01-08T00:39:48","modified_gmt":"2025-01-08T03:39:48","slug":"cerimonia-solene-marca-posse-de-novos-membros-de-tres-conselhos-municipais","status":"publish","type":"post","link":"https:\/\/www.paudalho.pe.gov.br\/portal\/cerimonia-solene-marca-posse-de-novos-membros-de-tres-conselhos-municipais\/","title":{"rendered":"Cerim\u00f4nia solene marca posse de novos membros de tr\u00eas Conselhos Municipais"},"content":{"rendered":"\n<p>Na manh\u00e3 de ontem (04), a Prefeitura do Paudalho realizou a solenidade de posse para os novos membros do Conselho Municipal dos Direitos da Mulher, do Conselho Municipal dos Direitos da Pessoa com Defici\u00eancia e do Conselho Municipal dos Direitos da Popula\u00e7\u00e3o LGBT. A cerim\u00f4nia teve in\u00edcio \u00e0s 9h e foi realizada na sede do Sindicato dos Trabalhadores Rurais de Paudalho, localizada no Centro da cidade. <\/p>\n\n\n\n<p>Os conselheiros titulares e suplentes empossados atuar\u00e3o durante o bi\u00eanio 2021\/2022. Como parte do car\u00e1ter democr\u00e1tico do \u00f3rg\u00e3o, os conselhos s\u00e3o formados por representantes da sociedade civil e do poder governamental. Ambos atuam em conjunto para acompanhar, assegurar e fiscalizar as pol\u00edticas p\u00fablicas destinadas para os grupos aos quais defendem: as mulheres, as pessoas portadoras de defici\u00eancias e a popula\u00e7\u00e3o LGBT. <\/p>\n\n\n\n<figure class=\"wp-block-image size-large\"><img loading=\"lazy\" decoding=\"async\" width=\"800\" height=\"450\" data-attachment-id=\"13822\" data-permalink=\"https:\/\/www.paudalho.pe.gov.br\/portal\/cerimonia-solene-marca-posse-de-novos-membros-de-tres-conselhos-municipais\/20210204_104547\/\" data-orig-file=\"https:\/\/www.paudalho.pe.gov.br\/portal\/wp-content\/uploads\/2021\/02\/20210204_104547-scaled.jpg\" data-orig-size=\"2560,1152\" data-comments-opened=\"1\" data-image-meta=\"{&quot;aperture&quot;:&quot;2&quot;,&quot;credit&quot;:&quot;&quot;,&quot;camera&quot;:&quot;SM-A515F&quot;,&quot;caption&quot;:&quot;&quot;,&quot;created_timestamp&quot;:&quot;1612435547&quot;,&quot;copyright&quot;:&quot;&quot;,&quot;focal_length&quot;:&quot;4.6&quot;,&quot;iso&quot;:&quot;320&quot;,&quot;shutter_speed&quot;:&quot;0.033333333333333&quot;,&quot;title&quot;:&quot;&quot;,&quot;orientation&quot;:&quot;1&quot;}\" data-image-title=\"20210204_104547\" data-image-description=\"\" data-image-caption=\"\" data-medium-file=\"https:\/\/www.paudalho.pe.gov.br\/portal\/wp-content\/uploads\/2021\/02\/20210204_104547-350x230.jpg\" data-large-file=\"https:\/\/www.paudalho.pe.gov.br\/portal\/wp-content\/uploads\/2021\/02\/20210204_104547-800x450.jpg\" src=\"https:\/\/www.paudalho.pe.gov.br\/portal\/wp-content\/uploads\/2021\/02\/20210204_104547-800x450.jpg\" alt=\"\" class=\"wp-image-13822\"\/><figcaption><em>Da esquerda para direita: secret\u00e1ria Paula Marinho, coordenadora Otenilda Oliveira, secret\u00e1ria Valqu\u00edria Marinho e presidente do sindicato Luiz Carlos Machado. Foto: Maria Clara Carneiro\/PMP.<\/em><\/figcaption><\/figure>\n\n\n\n<p>Durante a solenidade, compuseram a mesa a secret\u00e1ria municipal de Desenvolvimento e Assist\u00eancia Social Valqu\u00edria Marinho, a coordenadora da Mata Norte da Secretaria da Mulher de Pernambuco Otenilda Oliveira, a secret\u00e1ria municipal de Educa\u00e7\u00e3o Paula Marinho, e o presidente do Sindicato dos Trabalhadores Rurais de Paudalho Luiz Carlos Machado. <\/p>\n\n\n\n<p><strong>Confira abaixo a lista com os nomes, \u00f3rg\u00e3os e posi\u00e7\u00f5es de cada novo (a) conselheiro <strong>(a)<\/strong> eleito (a): <\/strong><\/p>\n\n\n\n<figure class=\"wp-block-image size-large\"><img loading=\"lazy\" decoding=\"async\" width=\"800\" height=\"450\" data-attachment-id=\"13852\" data-permalink=\"https:\/\/www.paudalho.pe.gov.br\/portal\/cerimonia-solene-marca-posse-de-novos-membros-de-tres-conselhos-municipais\/20210205_113351\/\" data-orig-file=\"https:\/\/www.paudalho.pe.gov.br\/portal\/wp-content\/uploads\/2021\/02\/20210205_113351-scaled.jpg\" data-orig-size=\"2560,1265\" data-comments-opened=\"1\" data-image-meta=\"{&quot;aperture&quot;:&quot;2&quot;,&quot;credit&quot;:&quot;&quot;,&quot;camera&quot;:&quot;SM-A515F&quot;,&quot;caption&quot;:&quot;&quot;,&quot;created_timestamp&quot;:&quot;1612435845&quot;,&quot;copyright&quot;:&quot;&quot;,&quot;focal_length&quot;:&quot;4.6&quot;,&quot;iso&quot;:&quot;320&quot;,&quot;shutter_speed&quot;:&quot;0.025&quot;,&quot;title&quot;:&quot;&quot;,&quot;orientation&quot;:&quot;0&quot;}\" data-image-title=\"20210205_113351\" data-image-description=\"\" data-image-caption=\"\" data-medium-file=\"https:\/\/www.paudalho.pe.gov.br\/portal\/wp-content\/uploads\/2021\/02\/20210205_113351-350x230.jpg\" data-large-file=\"https:\/\/www.paudalho.pe.gov.br\/portal\/wp-content\/uploads\/2021\/02\/20210205_113351-800x450.jpg\" src=\"https:\/\/www.paudalho.pe.gov.br\/portal\/wp-content\/uploads\/2021\/02\/20210205_113351-800x450.jpg\" alt=\"\" class=\"wp-image-13852\"\/><figcaption><em>Conselheiros empossados do Conselho Municipal dos Direitos da Pessoa com Defici\u00eancia. Foto: Maria Clara Carneiro\/PMP.<\/em><\/figcaption><\/figure>\n\n\n\n<div class=\"wp-block-file\"><a href=\"https:\/\/www.paudalho.pe.gov.br\/portal\/wp-content\/uploads\/2021\/02\/Conselho-Municipal-dos-Direitos-da-Pessoa-com-Deficiencia-Bienio-2021_2022.pdf\"><strong>Conselho Municipal dos Direitos da Pessoa com Defici\u00eancia &#8211; Bi\u00eanio 2021\/2022<\/strong><\/a><a href=\"https:\/\/www.paudalho.pe.gov.br\/portal\/wp-content\/uploads\/2021\/02\/Conselho-Municipal-dos-Direitos-da-Pessoa-com-Deficiencia-Bienio-2021_2022.pdf\" class=\"wp-block-file__button\" download>Baixar<\/a><\/div>\n\n\n\n<figure class=\"wp-block-image size-large\"><img loading=\"lazy\" decoding=\"async\" width=\"800\" height=\"450\" data-attachment-id=\"13850\" data-permalink=\"https:\/\/www.paudalho.pe.gov.br\/portal\/cerimonia-solene-marca-posse-de-novos-membros-de-tres-conselhos-municipais\/20210205_113636\/\" data-orig-file=\"https:\/\/www.paudalho.pe.gov.br\/portal\/wp-content\/uploads\/2021\/02\/20210205_113636-scaled.jpg\" data-orig-size=\"2560,1198\" data-comments-opened=\"1\" data-image-meta=\"{&quot;aperture&quot;:&quot;2&quot;,&quot;credit&quot;:&quot;&quot;,&quot;camera&quot;:&quot;SM-A515F&quot;,&quot;caption&quot;:&quot;&quot;,&quot;created_timestamp&quot;:&quot;1612435680&quot;,&quot;copyright&quot;:&quot;&quot;,&quot;focal_length&quot;:&quot;4.6&quot;,&quot;iso&quot;:&quot;320&quot;,&quot;shutter_speed&quot;:&quot;0.016666666666667&quot;,&quot;title&quot;:&quot;&quot;,&quot;orientation&quot;:&quot;0&quot;}\" data-image-title=\"20210205_113636\" data-image-description=\"\" data-image-caption=\"\" data-medium-file=\"https:\/\/www.paudalho.pe.gov.br\/portal\/wp-content\/uploads\/2021\/02\/20210205_113636-350x230.jpg\" data-large-file=\"https:\/\/www.paudalho.pe.gov.br\/portal\/wp-content\/uploads\/2021\/02\/20210205_113636-800x450.jpg\" src=\"https:\/\/www.paudalho.pe.gov.br\/portal\/wp-content\/uploads\/2021\/02\/20210205_113636-800x450.jpg\" alt=\"\" class=\"wp-image-13850\"\/><figcaption><em>Novos membros do Conselho Municipal dos Direitos da Mulher. Foto: Maria Clara Carneiro\/PMP.<\/em><\/figcaption><\/figure>\n\n\n\n<div class=\"wp-block-file\"><a href=\"https:\/\/www.paudalho.pe.gov.br\/portal\/wp-content\/uploads\/2021\/02\/Conselho-Municipal-dos-Direitos-da-Mulher-Bienio-2021_2022.pdf\"><strong>Conselho Municipal dos Direitos da Mulher &#8211; Bi\u00eanio 2021\/2022<\/strong><\/a><a href=\"https:\/\/www.paudalho.pe.gov.br\/portal\/wp-content\/uploads\/2021\/02\/Conselho-Municipal-dos-Direitos-da-Mulher-Bienio-2021_2022.pdf\" class=\"wp-block-file__button\" download>Baixar<\/a><\/div>\n\n\n\n<figure class=\"wp-block-image size-large\"><img loading=\"lazy\" decoding=\"async\" width=\"800\" height=\"450\" data-attachment-id=\"13851\" data-permalink=\"https:\/\/www.paudalho.pe.gov.br\/portal\/cerimonia-solene-marca-posse-de-novos-membros-de-tres-conselhos-municipais\/20210205_113524\/\" data-orig-file=\"https:\/\/www.paudalho.pe.gov.br\/portal\/wp-content\/uploads\/2021\/02\/20210205_113524-scaled.jpg\" data-orig-size=\"2560,1269\" data-comments-opened=\"1\" data-image-meta=\"{&quot;aperture&quot;:&quot;2&quot;,&quot;credit&quot;:&quot;&quot;,&quot;camera&quot;:&quot;SM-A515F&quot;,&quot;caption&quot;:&quot;&quot;,&quot;created_timestamp&quot;:&quot;1612435758&quot;,&quot;copyright&quot;:&quot;&quot;,&quot;focal_length&quot;:&quot;4.6&quot;,&quot;iso&quot;:&quot;250&quot;,&quot;shutter_speed&quot;:&quot;0.016666666666667&quot;,&quot;title&quot;:&quot;&quot;,&quot;orientation&quot;:&quot;0&quot;}\" data-image-title=\"20210205_113524\" data-image-description=\"\" data-image-caption=\"\" data-medium-file=\"https:\/\/www.paudalho.pe.gov.br\/portal\/wp-content\/uploads\/2021\/02\/20210205_113524-350x230.jpg\" data-large-file=\"https:\/\/www.paudalho.pe.gov.br\/portal\/wp-content\/uploads\/2021\/02\/20210205_113524-800x450.jpg\" src=\"https:\/\/www.paudalho.pe.gov.br\/portal\/wp-content\/uploads\/2021\/02\/20210205_113524-800x450.jpg\" alt=\"\" class=\"wp-image-13851\"\/><figcaption><em>Novos conselheiros do Conselho Municipal dos Direitos da Pessoa com Defici\u00eancia. Foto: Maria Clara Carneiro\/PMP<\/em><\/figcaption><\/figure>\n\n\n\n<div class=\"wp-block-file\"><a href=\"https:\/\/www.paudalho.pe.gov.br\/portal\/wp-content\/uploads\/2021\/02\/Conselho-Municipal-dos-Direitos-da-Populacao-LGBT-Bienio-2021_2022.pdf\"><strong>Conselho Municipal dos Direitos da Popula\u00e7\u00e3o LGBT &#8211; Bi\u00eanio 2021\/2022<\/strong><\/a><a href=\"https:\/\/www.paudalho.pe.gov.br\/portal\/wp-content\/uploads\/2021\/02\/Conselho-Municipal-dos-Direitos-da-Populacao-LGBT-Bienio-2021_2022.pdf\" class=\"wp-block-file__button\" download>Baixar<\/a><\/div>\n","protected":false},"excerpt":{"rendered":"<p>Na manh\u00e3 de ontem (04), a Prefeitura do Paudalho realizou a solenidade de posse para os novos membros do Conselho Municipal dos Direitos da Mulher, do Conselho Municipal dos Direitos da Pessoa com Defici\u00eancia e do Conselho Municipal dos Direitos da Popula\u00e7\u00e3o LGBT. A cerim\u00f4nia teve in\u00edcio \u00e0s 9h e foi realizada na sede do Sindicato dos Trabalhadores Rurais de Paudalho, localizada no Centro da cidade. <\/p>\n","protected":false},"author":6,"featured_media":13861,"comment_status":"open","ping_status":"open","sticky":false,"template":"","format":"standard","meta":{"_jetpack_newsletter_access":"","_jetpack_dont_email_post_to_subs":false,"_jetpack_newsletter_tier_id":0,"_jetpack_memberships_contains_paywalled_content":false,"_jetpack_memberships_contains_paid_content":false,"footnotes":""},"categories":[2,1],"tags":[708,700,717],"class_list":["post-13821","post","type-post","status-publish","format-standard","has-post-thumbnail","hentry","category-destaque","category-noticias","tag-cerimonia-de-posse","tag-conselho-municipal","tag-solenidade"],"jetpack_featured_media_url":"https:\/\/www.paudalho.pe.gov.br\/portal\/wp-content\/uploads\/2021\/02\/20210205_113742-scaled.jpg","jetpack_sharing_enabled":true,"jetpack_shortlink":"https:\/\/wp.me\/p98mS2-3AV","_links":{"self":[{"href":"https:\/\/www.paudalho.pe.gov.br\/portal\/wp-json\/wp\/v2\/posts\/13821","targetHints":{"allow":["GET"]}}],"collection":[{"href":"https:\/\/www.paudalho.pe.gov.br\/portal\/wp-json\/wp\/v2\/posts"}],"about":[{"href":"https:\/\/www.paudalho.pe.gov.br\/portal\/wp-json\/wp\/v2\/types\/post"}],"author":[{"embeddable":true,"href":"https:\/\/www.paudalho.pe.gov.br\/portal\/wp-json\/wp\/v2\/users\/6"}],"replies":[{"embeddable":true,"href":"https:\/\/www.paudalho.pe.gov.br\/portal\/wp-json\/wp\/v2\/comments?post=13821"}],"version-history":[{"count":24,"href":"https:\/\/www.paudalho.pe.gov.br\/portal\/wp-json\/wp\/v2\/posts\/13821\/revisions"}],"predecessor-version":[{"id":13865,"href":"https:\/\/www.paudalho.pe.gov.br\/portal\/wp-json\/wp\/v2\/posts\/13821\/revisions\/13865"}],"wp:featuredmedia":[{"embeddable":true,"href":"https:\/\/www.paudalho.pe.gov.br\/portal\/wp-json\/wp\/v2\/media\/13861"}],"wp:attachment":[{"href":"https:\/\/www.paudalho.pe.gov.br\/portal\/wp-json\/wp\/v2\/media?parent=13821"}],"wp:term":[{"taxonomy":"category","embeddable":true,"href":"https:\/\/www.paudalho.pe.gov.br\/portal\/wp-json\/wp\/v2\/categories?post=13821"},{"taxonomy":"post_tag","embeddable":true,"href":"https:\/\/www.paudalho.pe.gov.br\/portal\/wp-json\/wp\/v2\/tags?post=13821"}],"curies":[{"name":"wp","href":"https:\/\/api.w.org\/{rel}","templated":true}]}}