{"id":13652,"date":"2021-01-28T13:40:53","date_gmt":"2021-01-28T16:40:53","guid":{"rendered":"https:\/\/www.paudalho.pe.gov.br\/portal\/?p=13652"},"modified":"2025-01-08T00:39:48","modified_gmt":"2025-01-08T03:39:48","slug":"paudalho-inicia-amanha-29-a-vacinacao-contra-a-covid-19-em-idosos-a-partir-de-85-anos","status":"publish","type":"post","link":"https:\/\/www.paudalho.pe.gov.br\/portal\/paudalho-inicia-amanha-29-a-vacinacao-contra-a-covid-19-em-idosos-a-partir-de-85-anos\/","title":{"rendered":"Paudalho inicia amanh\u00e3 (29) a vacina\u00e7\u00e3o contra a covid-19 em idosos a partir de 85 anos"},"content":{"rendered":"\n<p>Para dar continuidade a campanha de vacina\u00e7\u00e3o iniciada no munic\u00edpio de Paudalho no dia 19 de janeiro, uma nova remessa com 360 vacinas contra o covid-19 foi recebida pela Secretaria Municipal de Sa\u00fade durante a tarde desta quinta-feira (28). As doses ser\u00e3o destinadas para os idosos com 85 anos ou mais de idade. A imuniza\u00e7\u00e3o come\u00e7ar\u00e1 a ser realizada amanh\u00e3 (29) com base no n\u00famero de pessoas pr\u00e9-cadastradas nas Unidades B\u00e1sicas de Sa\u00fade (UBS).\u00a0 Al\u00e9m desse grupo priorit\u00e1rio, a Prefeitura tamb\u00e9m j\u00e1 deu in\u00edcio ao pr\u00e9-cadastro dos idosos a partir dos 60 anos.\u00a0<\/p>\n\n\n\n<p>Para realizar o pr\u00e9-cadastro \u00e9 necess\u00e1rio que algum membro da fam\u00edlia respons\u00e1vel pelo idoso dirija-se at\u00e9 a Unidade B\u00e1sica de Sa\u00fade (UBS) mais pr\u00f3xima de sua comunidade. Uma vez no local, ser\u00e1 preciso repassar o nome completo do idoso, a idade, a data de nascimento, o n\u00famero do CPF, o endere\u00e7o e um n\u00famero de telefone para que o agente comunit\u00e1rio de sa\u00fade (ACS) realize o registro. A vacina\u00e7\u00e3o ocorrer\u00e1 de acordo com o cronograma estabelecido pela Secretaria de Sa\u00fade e pela Coordena\u00e7\u00e3o do Programa Nacional de Imuniza\u00e7\u00f5es (PNI). A imuniza\u00e7\u00e3o tamb\u00e9m poder\u00e1 ser realizada na sede da Secretaria, no Centro da cidade, por meio de agendamento.<\/p>\n\n\n\n<p>Assim como em outros locais do pa\u00eds, o primeiro grupo a ser imunizado em Paudalho foram os profissionais de sa\u00fade na linha de frente da luta contra a doen\u00e7a. Seguindo o Plano de Vacina\u00e7\u00e3o do Governo Estadual, na \u00faltima ter\u00e7a-feira (26), a Secretaria de Sa\u00fade aplicou as doses da vacina nos idosos residentes do Abrigo Pinheiro Filho e nos profissionais que atuam na institui\u00e7\u00e3o. A imuniza\u00e7\u00e3o dos demais p\u00fablicos-alvo ser\u00e1 iniciada \u00e0 medida que novas doses da vacina sejam repassadas ao munic\u00edpio pelo Governo do Estado de Pernambuco.<\/p>\n","protected":false},"excerpt":{"rendered":"<p>Na tarde desta quinta-feira (28), a Prefeitura do Paudalho inicia a vacina\u00e7\u00e3o contra a covid-19 em idosos a partir de 85 anos e realiza o pr\u00e9-cadastro de pessoas com 60 anos ou mais de idade.<\/p>\n","protected":false},"author":6,"featured_media":13611,"comment_status":"open","ping_status":"open","sticky":false,"template":"","format":"standard","meta":{"_jetpack_newsletter_access":"","_jetpack_dont_email_post_to_subs":false,"_jetpack_newsletter_tier_id":0,"_jetpack_memberships_contains_paywalled_content":false,"_jetpack_memberships_contains_paid_content":false,"footnotes":""},"categories":[2,1,3],"tags":[648,622,104,168],"class_list":["post-13652","post","type-post","status-publish","format-standard","has-post-thumbnail","hentry","category-destaque","category-noticias","category-saude","tag-campanha-de-vacinacao","tag-covid-19","tag-prefeitura-de-paudalho","tag-secretaria-de-saude"],"jetpack_featured_media_url":"https:\/\/www.paudalho.pe.gov.br\/portal\/wp-content\/uploads\/2021\/01\/WhatsApp-Image-2021-01-26-at-16.16.43-3.jpeg","jetpack_sharing_enabled":true,"jetpack_shortlink":"https:\/\/wp.me\/p98mS2-3yc","_links":{"self":[{"href":"https:\/\/www.paudalho.pe.gov.br\/portal\/wp-json\/wp\/v2\/posts\/13652","targetHints":{"allow":["GET"]}}],"collection":[{"href":"https:\/\/www.paudalho.pe.gov.br\/portal\/wp-json\/wp\/v2\/posts"}],"about":[{"href":"https:\/\/www.paudalho.pe.gov.br\/portal\/wp-json\/wp\/v2\/types\/post"}],"author":[{"embeddable":true,"href":"https:\/\/www.paudalho.pe.gov.br\/portal\/wp-json\/wp\/v2\/users\/6"}],"replies":[{"embeddable":true,"href":"https:\/\/www.paudalho.pe.gov.br\/portal\/wp-json\/wp\/v2\/comments?post=13652"}],"version-history":[{"count":8,"href":"https:\/\/www.paudalho.pe.gov.br\/portal\/wp-json\/wp\/v2\/posts\/13652\/revisions"}],"predecessor-version":[{"id":13700,"href":"https:\/\/www.paudalho.pe.gov.br\/portal\/wp-json\/wp\/v2\/posts\/13652\/revisions\/13700"}],"wp:featuredmedia":[{"embeddable":true,"href":"https:\/\/www.paudalho.pe.gov.br\/portal\/wp-json\/wp\/v2\/media\/13611"}],"wp:attachment":[{"href":"https:\/\/www.paudalho.pe.gov.br\/portal\/wp-json\/wp\/v2\/media?parent=13652"}],"wp:term":[{"taxonomy":"category","embeddable":true,"href":"https:\/\/www.paudalho.pe.gov.br\/portal\/wp-json\/wp\/v2\/categories?post=13652"},{"taxonomy":"post_tag","embeddable":true,"href":"https:\/\/www.paudalho.pe.gov.br\/portal\/wp-json\/wp\/v2\/tags?post=13652"}],"curies":[{"name":"wp","href":"https:\/\/api.w.org\/{rel}","templated":true}]}}