{"id":1365,"date":"2017-09-29T23:33:05","date_gmt":"2017-09-30T02:33:05","guid":{"rendered":"http:\/\/www.paudalho.pe.gov.br\/portal\/?p=1365"},"modified":"2017-09-29T23:33:05","modified_gmt":"2017-09-30T02:33:05","slug":"eu-nem-acreditava-que-chegaria-ate-aqui-diz-escritora-que-lancou-livro-com-apoio-da-prefeitura","status":"publish","type":"post","link":"https:\/\/www.paudalho.pe.gov.br\/portal\/eu-nem-acreditava-que-chegaria-ate-aqui-diz-escritora-que-lancou-livro-com-apoio-da-prefeitura\/","title":{"rendered":"\u201cEu nem acreditava que chegaria at\u00e9 aqui\u201d, diz escritora que lan\u00e7ou livro com apoio da Prefeitura"},"content":{"rendered":"<p>Muita felicidade marcou o lan\u00e7amento do livro \u201cQuem S\u00e3o os Nossos Verdadeiros Amigos Nas Horas Dif\u00edceis\u201d da escritora Regina Celi, de 18 anos, nesta sexta-feira (29). A obra foi lan\u00e7ada em sess\u00e3o de aut\u00f3grafos na sede da Prefeitura com a participa\u00e7\u00e3o de amigos, admiradores, familiares e o prefeito Marcelo Gouveia. \u00c9 a gest\u00e3o investindo nos sonhos dos paudalhenses.<\/p>\n<div id=\"attachment_1367\" style=\"width: 310px\" class=\"wp-caption alignnone\"><img loading=\"lazy\" decoding=\"async\" aria-describedby=\"caption-attachment-1367\" data-attachment-id=\"1367\" data-permalink=\"https:\/\/www.paudalho.pe.gov.br\/portal\/eu-nem-acreditava-que-chegaria-ate-aqui-diz-escritora-que-lancou-livro-com-apoio-da-prefeitura\/8f460c36-1652-4e17-9904-b6ba77c5565f\/\" data-orig-file=\"https:\/\/www.paudalho.pe.gov.br\/portal\/wp-content\/uploads\/2017\/09\/8f460c36-1652-4e17-9904-b6ba77c5565f.jpg\" data-orig-size=\"1006,1280\" data-comments-opened=\"1\" data-image-meta=\"{&quot;aperture&quot;:&quot;0&quot;,&quot;credit&quot;:&quot;&quot;,&quot;camera&quot;:&quot;&quot;,&quot;caption&quot;:&quot;&quot;,&quot;created_timestamp&quot;:&quot;0&quot;,&quot;copyright&quot;:&quot;&quot;,&quot;focal_length&quot;:&quot;0&quot;,&quot;iso&quot;:&quot;0&quot;,&quot;shutter_speed&quot;:&quot;0&quot;,&quot;title&quot;:&quot;&quot;,&quot;orientation&quot;:&quot;0&quot;}\" data-image-title=\"8f460c36-1652-4e17-9904-b6ba77c5565f\" data-image-description=\"\" data-image-caption=\"&lt;p&gt;Foto: Isak de Castro\/Comunica\u00e7\u00e3oPrefeituradePaudalho&lt;\/p&gt;\n\" data-medium-file=\"https:\/\/www.paudalho.pe.gov.br\/portal\/wp-content\/uploads\/2017\/09\/8f460c36-1652-4e17-9904-b6ba77c5565f-350x230.jpg\" data-large-file=\"https:\/\/www.paudalho.pe.gov.br\/portal\/wp-content\/uploads\/2017\/09\/8f460c36-1652-4e17-9904-b6ba77c5565f-800x450.jpg\" class=\"size-medium wp-image-1367\" src=\"http:\/\/www.paudalho.pe.gov.br\/portal\/wp-content\/uploads\/2017\/09\/8f460c36-1652-4e17-9904-b6ba77c5565f-350x230.jpg\" alt=\"\" width=\"300\" height=\"197\" \/><p id=\"caption-attachment-1367\" class=\"wp-caption-text\">Foto: Isak de Castro\/Comunica\u00e7\u00e3oPrefeituradePaudalho<\/p><\/div>\n<div id=\"attachment_1368\" style=\"width: 310px\" class=\"wp-caption alignnone\"><img loading=\"lazy\" decoding=\"async\" aria-describedby=\"caption-attachment-1368\" data-attachment-id=\"1368\" data-permalink=\"https:\/\/www.paudalho.pe.gov.br\/portal\/eu-nem-acreditava-que-chegaria-ate-aqui-diz-escritora-que-lancou-livro-com-apoio-da-prefeitura\/dd4a17f1-cf25-4fc4-938c-b06b53196bfd\/\" data-orig-file=\"https:\/\/www.paudalho.pe.gov.br\/portal\/wp-content\/uploads\/2017\/09\/dd4a17f1-cf25-4fc4-938c-b06b53196bfd.jpg\" data-orig-size=\"1280,853\" data-comments-opened=\"1\" data-image-meta=\"{&quot;aperture&quot;:&quot;0&quot;,&quot;credit&quot;:&quot;&quot;,&quot;camera&quot;:&quot;&quot;,&quot;caption&quot;:&quot;&quot;,&quot;created_timestamp&quot;:&quot;0&quot;,&quot;copyright&quot;:&quot;&quot;,&quot;focal_length&quot;:&quot;0&quot;,&quot;iso&quot;:&quot;0&quot;,&quot;shutter_speed&quot;:&quot;0&quot;,&quot;title&quot;:&quot;&quot;,&quot;orientation&quot;:&quot;0&quot;}\" data-image-title=\"dd4a17f1-cf25-4fc4-938c-b06b53196bfd\" data-image-description=\"\" data-image-caption=\"&lt;p&gt;Foto: Isak de Castro\/Comunica\u00e7\u00e3oPrefeituradePaudalho&lt;\/p&gt;\n\" data-medium-file=\"https:\/\/www.paudalho.pe.gov.br\/portal\/wp-content\/uploads\/2017\/09\/dd4a17f1-cf25-4fc4-938c-b06b53196bfd-350x230.jpg\" data-large-file=\"https:\/\/www.paudalho.pe.gov.br\/portal\/wp-content\/uploads\/2017\/09\/dd4a17f1-cf25-4fc4-938c-b06b53196bfd-800x450.jpg\" class=\"size-medium wp-image-1368\" src=\"http:\/\/www.paudalho.pe.gov.br\/portal\/wp-content\/uploads\/2017\/09\/dd4a17f1-cf25-4fc4-938c-b06b53196bfd-350x230.jpg\" alt=\"\" width=\"300\" height=\"197\" \/><p id=\"caption-attachment-1368\" class=\"wp-caption-text\">Foto: Isak de Castro\/Comunica\u00e7\u00e3oPrefeituradePaudalho<\/p><\/div>\n<div id=\"attachment_1371\" style=\"width: 310px\" class=\"wp-caption alignnone\"><img loading=\"lazy\" decoding=\"async\" aria-describedby=\"caption-attachment-1371\" data-attachment-id=\"1371\" data-permalink=\"https:\/\/www.paudalho.pe.gov.br\/portal\/eu-nem-acreditava-que-chegaria-ate-aqui-diz-escritora-que-lancou-livro-com-apoio-da-prefeitura\/72b35de6-2b88-4a3f-a7fe-5727fc141c4f\/\" data-orig-file=\"https:\/\/www.paudalho.pe.gov.br\/portal\/wp-content\/uploads\/2017\/09\/72b35de6-2b88-4a3f-a7fe-5727fc141c4f.jpg\" data-orig-size=\"1280,853\" data-comments-opened=\"1\" data-image-meta=\"{&quot;aperture&quot;:&quot;0&quot;,&quot;credit&quot;:&quot;&quot;,&quot;camera&quot;:&quot;&quot;,&quot;caption&quot;:&quot;&quot;,&quot;created_timestamp&quot;:&quot;0&quot;,&quot;copyright&quot;:&quot;&quot;,&quot;focal_length&quot;:&quot;0&quot;,&quot;iso&quot;:&quot;0&quot;,&quot;shutter_speed&quot;:&quot;0&quot;,&quot;title&quot;:&quot;&quot;,&quot;orientation&quot;:&quot;0&quot;}\" data-image-title=\"72b35de6-2b88-4a3f-a7fe-5727fc141c4f\" data-image-description=\"\" data-image-caption=\"&lt;p&gt;Foto: Isak de Castro\/Comunica\u00e7\u00e3oPrefeituradePaudalho&lt;\/p&gt;\n\" data-medium-file=\"https:\/\/www.paudalho.pe.gov.br\/portal\/wp-content\/uploads\/2017\/09\/72b35de6-2b88-4a3f-a7fe-5727fc141c4f-350x230.jpg\" data-large-file=\"https:\/\/www.paudalho.pe.gov.br\/portal\/wp-content\/uploads\/2017\/09\/72b35de6-2b88-4a3f-a7fe-5727fc141c4f-800x450.jpg\" class=\"size-medium wp-image-1371\" src=\"http:\/\/www.paudalho.pe.gov.br\/portal\/wp-content\/uploads\/2017\/09\/72b35de6-2b88-4a3f-a7fe-5727fc141c4f-350x230.jpg\" alt=\"\" width=\"300\" height=\"197\" \/><p id=\"caption-attachment-1371\" class=\"wp-caption-text\">Foto: Isak de Castro\/Comunica\u00e7\u00e3oPrefeituradePaudalho<\/p><\/div>\n<div id=\"attachment_1369\" style=\"width: 310px\" class=\"wp-caption alignnone\"><img loading=\"lazy\" decoding=\"async\" aria-describedby=\"caption-attachment-1369\" data-attachment-id=\"1369\" data-permalink=\"https:\/\/www.paudalho.pe.gov.br\/portal\/eu-nem-acreditava-que-chegaria-ate-aqui-diz-escritora-que-lancou-livro-com-apoio-da-prefeitura\/08a989e5-07e1-4354-b393-ee446104e43e\/\" data-orig-file=\"https:\/\/www.paudalho.pe.gov.br\/portal\/wp-content\/uploads\/2017\/09\/08a989e5-07e1-4354-b393-ee446104e43e.jpg\" data-orig-size=\"1280,803\" data-comments-opened=\"1\" data-image-meta=\"{&quot;aperture&quot;:&quot;0&quot;,&quot;credit&quot;:&quot;&quot;,&quot;camera&quot;:&quot;&quot;,&quot;caption&quot;:&quot;&quot;,&quot;created_timestamp&quot;:&quot;0&quot;,&quot;copyright&quot;:&quot;&quot;,&quot;focal_length&quot;:&quot;0&quot;,&quot;iso&quot;:&quot;0&quot;,&quot;shutter_speed&quot;:&quot;0&quot;,&quot;title&quot;:&quot;&quot;,&quot;orientation&quot;:&quot;0&quot;}\" data-image-title=\"08a989e5-07e1-4354-b393-ee446104e43e\" data-image-description=\"\" data-image-caption=\"&lt;p&gt;Foto: Isak de Castro\/Comunica\u00e7\u00e3oPrefeituradePaudalho&lt;\/p&gt;\n\" data-medium-file=\"https:\/\/www.paudalho.pe.gov.br\/portal\/wp-content\/uploads\/2017\/09\/08a989e5-07e1-4354-b393-ee446104e43e-350x230.jpg\" data-large-file=\"https:\/\/www.paudalho.pe.gov.br\/portal\/wp-content\/uploads\/2017\/09\/08a989e5-07e1-4354-b393-ee446104e43e-800x450.jpg\" class=\"size-medium wp-image-1369\" src=\"http:\/\/www.paudalho.pe.gov.br\/portal\/wp-content\/uploads\/2017\/09\/08a989e5-07e1-4354-b393-ee446104e43e-350x230.jpg\" alt=\"\" width=\"300\" height=\"197\" \/><p id=\"caption-attachment-1369\" class=\"wp-caption-text\">Foto: Isak de Castro\/Comunica\u00e7\u00e3oPrefeituradePaudalho<\/p><\/div>\n<h2><strong>A obra<\/strong><\/h2>\n<p>O livro retrata, de forma reflexiva, o tema da amizade. No lan\u00e7amento, Regina Celi comentou que a obra \u00e9 uma das miss\u00f5es da vida dela: \u201cEle foi uma miss\u00e3o na minha vida. Eu pedi a Deus para ajudar as pessoas e ele mandou esse dom para eu escrever um livro, para ajudar ao pr\u00f3ximo e ajudar os adolescentes da minha idade\u201d, disse.<\/p>\n<p>&#8220;A vida ela \u00e9 uma viagem onde somos viajantes. Nessa jornada devemos ter muita sabedoria e valorizar aquelas pessoas que nos fazem bem&#8221; (Trecho do Livro)<\/p>\n<p>A jovem comentou que pensou que n\u00e3o iria conseguir, mas agradeceu o apoio que recebeu da Prefeitura do Paudalho. \u201cEu precisava de uma ajuda em dinheiro e eles me ajudaram com o valor que eu precisava\u201d, esclareceu.<\/p>\n<div id=\"attachment_1372\" style=\"width: 310px\" class=\"wp-caption alignnone\"><img loading=\"lazy\" decoding=\"async\" aria-describedby=\"caption-attachment-1372\" data-attachment-id=\"1372\" data-permalink=\"https:\/\/www.paudalho.pe.gov.br\/portal\/eu-nem-acreditava-que-chegaria-ate-aqui-diz-escritora-que-lancou-livro-com-apoio-da-prefeitura\/79d84525-d673-4575-a03c-9e2e6b1585f2\/\" data-orig-file=\"https:\/\/www.paudalho.pe.gov.br\/portal\/wp-content\/uploads\/2017\/09\/79d84525-d673-4575-a03c-9e2e6b1585f2.jpg\" data-orig-size=\"1280,853\" data-comments-opened=\"1\" data-image-meta=\"{&quot;aperture&quot;:&quot;0&quot;,&quot;credit&quot;:&quot;&quot;,&quot;camera&quot;:&quot;&quot;,&quot;caption&quot;:&quot;&quot;,&quot;created_timestamp&quot;:&quot;0&quot;,&quot;copyright&quot;:&quot;&quot;,&quot;focal_length&quot;:&quot;0&quot;,&quot;iso&quot;:&quot;0&quot;,&quot;shutter_speed&quot;:&quot;0&quot;,&quot;title&quot;:&quot;&quot;,&quot;orientation&quot;:&quot;0&quot;}\" data-image-title=\"79d84525-d673-4575-a03c-9e2e6b1585f2\" data-image-description=\"\" data-image-caption=\"\" data-medium-file=\"https:\/\/www.paudalho.pe.gov.br\/portal\/wp-content\/uploads\/2017\/09\/79d84525-d673-4575-a03c-9e2e6b1585f2-350x230.jpg\" data-large-file=\"https:\/\/www.paudalho.pe.gov.br\/portal\/wp-content\/uploads\/2017\/09\/79d84525-d673-4575-a03c-9e2e6b1585f2-800x450.jpg\" class=\"size-medium wp-image-1372\" src=\"http:\/\/www.paudalho.pe.gov.br\/portal\/wp-content\/uploads\/2017\/09\/79d84525-d673-4575-a03c-9e2e6b1585f2-350x230.jpg\" alt=\"\" width=\"300\" height=\"197\" \/><p id=\"caption-attachment-1372\" class=\"wp-caption-text\">Foto: Isak de Castro\/Comunica\u00e7\u00e3oPrefeituradePaudalho<\/p><\/div>\n<h2><strong>Onde comprar?<\/strong><\/h2>\n<p>A obra est\u00e1 dispon\u00edvel para compra no site da Editora EducaBooks, nas livrarias Cultura e Saraiva e na Amazon, vers\u00e3o eletr\u00f4nica.<br \/>\n<strong>Ou\u00e7a os detalhes na mat\u00e9ria de Thales K\u00edrion:<\/strong><\/p>\n<!--[if lt IE 9]><script>document.createElement('audio');<\/script><![endif]-->\n<audio class=\"wp-audio-shortcode\" id=\"audio-1365-1\" preload=\"none\" style=\"width: 100%;\" controls=\"controls\"><source type=\"audio\/mpeg\" src=\"http:\/\/www.paudalho.pe.gov.br\/portal\/wp-content\/uploads\/2017\/09\/MAT\u00c9RIA-LAN\u00c7AMENTO-LIVRO-R\u00c1DIO-29-online-audio-converter.com-1.mp3?_=1\" \/><a href=\"http:\/\/www.paudalho.pe.gov.br\/portal\/wp-content\/uploads\/2017\/09\/MAT\u00c9RIA-LAN\u00c7AMENTO-LIVRO-R\u00c1DIO-29-online-audio-converter.com-1.mp3\">http:\/\/www.paudalho.pe.gov.br\/portal\/wp-content\/uploads\/2017\/09\/MAT\u00c9RIA-LAN\u00c7AMENTO-LIVRO-R\u00c1DIO-29-online-audio-converter.com-1.mp3<\/a><\/audio>\n","protected":false},"excerpt":{"rendered":"<p>Muita felicidade marcou o lan\u00e7amento do livro \u201cQuem S\u00e3o os Nossos Verdadeiros Amigos Nas Horas Dif\u00edceis\u201d da escritora Regina Celi, de 18 anos, nesta sexta-feira (29). A obra foi lan\u00e7ada em sess\u00e3o de aut\u00f3grafos na sede da Prefeitura com a participa\u00e7\u00e3o de amigos, admiradores, familiares e o prefeito Marcelo Gouveia. \u00c9 a gest\u00e3o investindo nos [&hellip;]<\/p>\n","protected":false},"author":4,"featured_media":1370,"comment_status":"open","ping_status":"open","sticky":false,"template":"","format":"standard","meta":{"_jetpack_newsletter_access":"","_jetpack_dont_email_post_to_subs":false,"_jetpack_newsletter_tier_id":0,"_jetpack_memberships_contains_paywalled_content":false,"_jetpack_memberships_contains_paid_content":false,"footnotes":""},"categories":[2,1],"tags":[149,150,22],"class_list":["post-1365","post","type-post","status-publish","format-standard","has-post-thumbnail","hentry","category-destaque","category-noticias","tag-lancamento","tag-livro","tag-prefeitura-do-paudalho"],"jetpack_featured_media_url":"https:\/\/www.paudalho.pe.gov.br\/portal\/wp-content\/uploads\/2017\/09\/77e10978-02e6-42eb-80e9-53cfd60e1cb2.jpg","jetpack_sharing_enabled":true,"jetpack_shortlink":"https:\/\/wp.me\/p98mS2-m1","_links":{"self":[{"href":"https:\/\/www.paudalho.pe.gov.br\/portal\/wp-json\/wp\/v2\/posts\/1365","targetHints":{"allow":["GET"]}}],"collection":[{"href":"https:\/\/www.paudalho.pe.gov.br\/portal\/wp-json\/wp\/v2\/posts"}],"about":[{"href":"https:\/\/www.paudalho.pe.gov.br\/portal\/wp-json\/wp\/v2\/types\/post"}],"author":[{"embeddable":true,"href":"https:\/\/www.paudalho.pe.gov.br\/portal\/wp-json\/wp\/v2\/users\/4"}],"replies":[{"embeddable":true,"href":"https:\/\/www.paudalho.pe.gov.br\/portal\/wp-json\/wp\/v2\/comments?post=1365"}],"version-history":[{"count":3,"href":"https:\/\/www.paudalho.pe.gov.br\/portal\/wp-json\/wp\/v2\/posts\/1365\/revisions"}],"predecessor-version":[{"id":1375,"href":"https:\/\/www.paudalho.pe.gov.br\/portal\/wp-json\/wp\/v2\/posts\/1365\/revisions\/1375"}],"wp:featuredmedia":[{"embeddable":true,"href":"https:\/\/www.paudalho.pe.gov.br\/portal\/wp-json\/wp\/v2\/media\/1370"}],"wp:attachment":[{"href":"https:\/\/www.paudalho.pe.gov.br\/portal\/wp-json\/wp\/v2\/media?parent=1365"}],"wp:term":[{"taxonomy":"category","embeddable":true,"href":"https:\/\/www.paudalho.pe.gov.br\/portal\/wp-json\/wp\/v2\/categories?post=1365"},{"taxonomy":"post_tag","embeddable":true,"href":"https:\/\/www.paudalho.pe.gov.br\/portal\/wp-json\/wp\/v2\/tags?post=1365"}],"curies":[{"name":"wp","href":"https:\/\/api.w.org\/{rel}","templated":true}]}}