{"id":1348,"date":"2017-09-29T11:02:17","date_gmt":"2017-09-29T14:02:17","guid":{"rendered":"http:\/\/www.paudalho.pe.gov.br\/portal\/?p=1348"},"modified":"2017-09-29T13:03:19","modified_gmt":"2017-09-29T16:03:19","slug":"com-apoio-da-prefeitura-jovem-lanca-livro-nesta-sexta-feira","status":"publish","type":"post","link":"https:\/\/www.paudalho.pe.gov.br\/portal\/com-apoio-da-prefeitura-jovem-lanca-livro-nesta-sexta-feira\/","title":{"rendered":"Com apoio da Prefeitura, jovem lan\u00e7a livro nesta sexta-feira"},"content":{"rendered":"<p>\u201cEscrever \u00e9 procurar entender, \u00e9 procurar reproduzir o irreproduz\u00edvel, \u00e9 sentir at\u00e9 o \u00faltimo fim o sentimento que permaneceria apenas vago e sufocado\u201d (Clarice Lispector)<\/p>\n<p>Com apoio da Prefeitura do Paudalho, a escritora Regina Celi, de 18 anos, lan\u00e7a seu primeiro livro nesta sexta-feira (29), no pr\u00e9dio da Prefeitura que fica no centro da cidade. A obra \u201cQuem S\u00e3o os Nossos Verdadeiros Amigos Nas Horas Dif\u00edceis\u201d foi escrita por Regina quando ela tinha 17 anos e mostra, de forma reflexiva, o tema da amizade. \u201cEle (o livro) far\u00e1 as pessoas refletirem sobre as coisas boas da vida e que devemos sempre amar a Deus sobre todas as coisas\u201d, comentou.<\/p>\n<p>A literatura sempre esteve presente na vida da paudalhense que desde cedo mostrou talento para escrever. \u201cSempre gostei de ler e escrever; os livros fazem parte do meu mundo\u201d, esclareceu. A gest\u00e3o continua avan\u00e7ando no compromisso de incentivar os sonhos do povo e proporcionar o bem-estar da popula\u00e7\u00e3o.<\/p>\n<p>&nbsp;<\/p>\n<p><img loading=\"lazy\" decoding=\"async\" data-attachment-id=\"1350\" data-permalink=\"https:\/\/www.paudalho.pe.gov.br\/portal\/com-apoio-da-prefeitura-jovem-lanca-livro-nesta-sexta-feira\/a874ca0f-5759-4f5b-bf67-b982207ed3df-1\/\" data-orig-file=\"https:\/\/www.paudalho.pe.gov.br\/portal\/wp-content\/uploads\/2017\/09\/a874ca0f-5759-4f5b-bf67-b982207ed3df-1.jpg\" data-orig-size=\"720,882\" data-comments-opened=\"1\" data-image-meta=\"{&quot;aperture&quot;:&quot;0&quot;,&quot;credit&quot;:&quot;&quot;,&quot;camera&quot;:&quot;&quot;,&quot;caption&quot;:&quot;&quot;,&quot;created_timestamp&quot;:&quot;0&quot;,&quot;copyright&quot;:&quot;&quot;,&quot;focal_length&quot;:&quot;0&quot;,&quot;iso&quot;:&quot;0&quot;,&quot;shutter_speed&quot;:&quot;0&quot;,&quot;title&quot;:&quot;&quot;,&quot;orientation&quot;:&quot;0&quot;}\" data-image-title=\"a874ca0f-5759-4f5b-bf67-b982207ed3df (1)\" data-image-description=\"\" data-image-caption=\"\" data-medium-file=\"https:\/\/www.paudalho.pe.gov.br\/portal\/wp-content\/uploads\/2017\/09\/a874ca0f-5759-4f5b-bf67-b982207ed3df-1-350x230.jpg\" data-large-file=\"https:\/\/www.paudalho.pe.gov.br\/portal\/wp-content\/uploads\/2017\/09\/a874ca0f-5759-4f5b-bf67-b982207ed3df-1-720x450.jpg\" class=\"alignnone size-medium wp-image-1350\" src=\"http:\/\/www.paudalho.pe.gov.br\/portal\/wp-content\/uploads\/2017\/09\/a874ca0f-5759-4f5b-bf67-b982207ed3df-1-350x230.jpg\" alt=\"\" width=\"300\" height=\"197\" \/><\/p>\n<p><strong>A escritora Regina Celi fala sobre a obra. Ou\u00e7a no \u00e1udio:<\/strong><\/p>\n<!--[if lt IE 9]><script>document.createElement('audio');<\/script><![endif]-->\n<audio class=\"wp-audio-shortcode\" id=\"audio-1348-1\" preload=\"none\" style=\"width: 100%;\" controls=\"controls\"><source type=\"audio\/mpeg\" src=\"http:\/\/www.paudalho.pe.gov.br\/portal\/wp-content\/uploads\/2017\/09\/PRESTA-ATEN\u00c7\u00c3O-.mp3?_=1\" \/><a href=\"http:\/\/www.paudalho.pe.gov.br\/portal\/wp-content\/uploads\/2017\/09\/PRESTA-ATEN\u00c7\u00c3O-.mp3\">http:\/\/www.paudalho.pe.gov.br\/portal\/wp-content\/uploads\/2017\/09\/PRESTA-ATEN\u00c7\u00c3O-.mp3<\/a><\/audio>\n<h2><strong>Paudalho: Celeiro liter\u00e1rio\u00a0<\/strong><\/h2>\n<p>N\u00e3o \u00e9 de hoje que nomes de escritores s\u00e3o revelados na cidade: em 1990, Severino Soares de Ara\u00fajo marcava a hist\u00f3ria do munic\u00edpio com a obra \u201cPaudalho Terra dos Engenhos\u201d. O livro retrata a origem, forma\u00e7\u00e3o pol\u00edtica e social, al\u00e9m de apresentar contos e lendas populares da cidade. Pela sua contribui\u00e7\u00e3o liter\u00e1ria, em 2012, a Lei Municipal 674\/2012 deu o nome do escritor \u00e0 Biblioteca P\u00fablica da cidade, criada em 1980, que funciona com acervo de aproximadamente 5 mil livros. Ficou curioso para saber a hist\u00f3ria do livro? H\u00e1 exemplares dispon\u00edveis em algumas bibliotecas do munic\u00edpio.<\/p>\n<p><img loading=\"lazy\" decoding=\"async\" data-attachment-id=\"1360\" data-permalink=\"https:\/\/www.paudalho.pe.gov.br\/portal\/com-apoio-da-prefeitura-jovem-lanca-livro-nesta-sexta-feira\/paudalho_1320283003b\/\" data-orig-file=\"https:\/\/www.paudalho.pe.gov.br\/portal\/wp-content\/uploads\/2017\/09\/PAUDALHO_1320283003B.jpg\" data-orig-size=\"200,287\" data-comments-opened=\"1\" data-image-meta=\"{&quot;aperture&quot;:&quot;0&quot;,&quot;credit&quot;:&quot;&quot;,&quot;camera&quot;:&quot;&quot;,&quot;caption&quot;:&quot;&quot;,&quot;created_timestamp&quot;:&quot;0&quot;,&quot;copyright&quot;:&quot;&quot;,&quot;focal_length&quot;:&quot;0&quot;,&quot;iso&quot;:&quot;0&quot;,&quot;shutter_speed&quot;:&quot;0&quot;,&quot;title&quot;:&quot;&quot;,&quot;orientation&quot;:&quot;0&quot;}\" data-image-title=\"PAUDALHO_1320283003B\" data-image-description=\"\" data-image-caption=\"\" data-medium-file=\"https:\/\/www.paudalho.pe.gov.br\/portal\/wp-content\/uploads\/2017\/09\/PAUDALHO_1320283003B-200x230.jpg\" data-large-file=\"https:\/\/www.paudalho.pe.gov.br\/portal\/wp-content\/uploads\/2017\/09\/PAUDALHO_1320283003B.jpg\" class=\"alignnone size-medium wp-image-1360\" src=\"http:\/\/www.paudalho.pe.gov.br\/portal\/wp-content\/uploads\/2017\/09\/PAUDALHO_1320283003B-200x230.jpg\" alt=\"\" width=\"200\" height=\"230\" \/><\/p>\n<h2><strong>Servi\u00e7o<\/strong><\/h2>\n<p>Sess\u00e3o de Aut\u00f3grafo: Livro Quem S\u00e3o Nossos Verdadeiros Amigos nas Horas Dif\u00edceis<\/p>\n<p>Local: Prefeitura do Paudalho<\/p>\n<p>Hor\u00e1rio: 15h<\/p>\n<p>Valor do Livro: R$36,00<\/p>\n<p>&nbsp;<\/p>\n<p>&nbsp;<\/p>\n<p>&nbsp;<\/p>\n","protected":false},"excerpt":{"rendered":"<p>\u201cEscrever \u00e9 procurar entender, \u00e9 procurar reproduzir o irreproduz\u00edvel, \u00e9 sentir at\u00e9 o \u00faltimo fim o sentimento que permaneceria apenas vago e sufocado\u201d (Clarice Lispector) Com apoio da Prefeitura do Paudalho, a escritora Regina Celi, de 18 anos, lan\u00e7a seu primeiro livro nesta sexta-feira (29), no pr\u00e9dio da Prefeitura que fica no centro da cidade. [&hellip;]<\/p>\n","protected":false},"author":4,"featured_media":1354,"comment_status":"open","ping_status":"open","sticky":false,"template":"","format":"standard","meta":{"_jetpack_newsletter_access":"","_jetpack_dont_email_post_to_subs":false,"_jetpack_newsletter_tier_id":0,"_jetpack_memberships_contains_paywalled_content":false,"_jetpack_memberships_contains_paid_content":false,"footnotes":""},"categories":[2,1],"tags":[149,22],"class_list":["post-1348","post","type-post","status-publish","format-standard","has-post-thumbnail","hentry","category-destaque","category-noticias","tag-lancamento","tag-prefeitura-do-paudalho"],"jetpack_featured_media_url":"https:\/\/www.paudalho.pe.gov.br\/portal\/wp-content\/uploads\/2017\/09\/home-prefeitura.jpg","jetpack_sharing_enabled":true,"jetpack_shortlink":"https:\/\/wp.me\/p98mS2-lK","_links":{"self":[{"href":"https:\/\/www.paudalho.pe.gov.br\/portal\/wp-json\/wp\/v2\/posts\/1348","targetHints":{"allow":["GET"]}}],"collection":[{"href":"https:\/\/www.paudalho.pe.gov.br\/portal\/wp-json\/wp\/v2\/posts"}],"about":[{"href":"https:\/\/www.paudalho.pe.gov.br\/portal\/wp-json\/wp\/v2\/types\/post"}],"author":[{"embeddable":true,"href":"https:\/\/www.paudalho.pe.gov.br\/portal\/wp-json\/wp\/v2\/users\/4"}],"replies":[{"embeddable":true,"href":"https:\/\/www.paudalho.pe.gov.br\/portal\/wp-json\/wp\/v2\/comments?post=1348"}],"version-history":[{"count":10,"href":"https:\/\/www.paudalho.pe.gov.br\/portal\/wp-json\/wp\/v2\/posts\/1348\/revisions"}],"predecessor-version":[{"id":1364,"href":"https:\/\/www.paudalho.pe.gov.br\/portal\/wp-json\/wp\/v2\/posts\/1348\/revisions\/1364"}],"wp:featuredmedia":[{"embeddable":true,"href":"https:\/\/www.paudalho.pe.gov.br\/portal\/wp-json\/wp\/v2\/media\/1354"}],"wp:attachment":[{"href":"https:\/\/www.paudalho.pe.gov.br\/portal\/wp-json\/wp\/v2\/media?parent=1348"}],"wp:term":[{"taxonomy":"category","embeddable":true,"href":"https:\/\/www.paudalho.pe.gov.br\/portal\/wp-json\/wp\/v2\/categories?post=1348"},{"taxonomy":"post_tag","embeddable":true,"href":"https:\/\/www.paudalho.pe.gov.br\/portal\/wp-json\/wp\/v2\/tags?post=1348"}],"curies":[{"name":"wp","href":"https:\/\/api.w.org\/{rel}","templated":true}]}}