{"id":1341,"date":"2017-09-29T02:11:53","date_gmt":"2017-09-29T05:11:53","guid":{"rendered":"http:\/\/www.paudalho.pe.gov.br\/portal\/?p=1341"},"modified":"2017-09-29T02:39:46","modified_gmt":"2017-09-29T05:39:46","slug":"prefeito-marcelo-gouveia-vai-a-brasilia-em-busca-de-recursos-para-educaca","status":"publish","type":"post","link":"https:\/\/www.paudalho.pe.gov.br\/portal\/prefeito-marcelo-gouveia-vai-a-brasilia-em-busca-de-recursos-para-educaca\/","title":{"rendered":"Prefeito Marcelo Gouveia vai a Bras\u00edlia em busca de recursos para Educa\u00e7\u00e3o"},"content":{"rendered":"<p>O prefeito Marcelo Gouveia retornou hoje (28) de Bras\u00edlia onde foi buscar recursos para a Educa\u00e7\u00e3o do munic\u00edpio. Al\u00e9m do prefeito, uma comitiva composta pelos gestores Cl\u00e9ber Chaparral (PSD), de Orob\u00f3; Danilson (PSD), de Feira Nova; Z\u00e9 de Veva (PMDB), de Salgadinho, desembarcou no Distrito Federal nesta ter\u00e7a-feira (26). Segundo informa\u00e7\u00f5es, o encontro com o Ministro da Educa\u00e7\u00e3o, Mendon\u00e7a Filho, foi bastante proveitoso.<\/p>\n<p>Em nove meses, a gest\u00e3o tem mostrado compet\u00eancia e mudado a hist\u00f3ria do povo paudalhense. Relembre algumas conquistas alcan\u00e7adas neste ano:<\/p>\n<p><a href=\"http:\/\/www.paudalho.pe.gov.br\/portal\/reforma-do-colegio-municipal-de-guadalajara-segue-a-todo-vapor\/\" target=\"_blank\" rel=\"noopener\"><strong>Reforma do Col\u00e9gio Municipal de Guadalajara segue a todo vapor<\/strong><\/a><\/p>\n<p><strong><a href=\"http:\/\/www.paudalho.pe.gov.br\/portal\/mais-290-alunos-de-paudalho-recebem-curso-de-empreendedorismo\/\" target=\"_blank\" rel=\"noopener\">Mais 290 alunos de Paudalho recebem curso de empreendedorismo<\/a><\/strong><\/p>\n<p><a href=\"http:\/\/www.paudalho.pe.gov.br\/portal\/paudalho-participativo-reune-mais-de-100-moradores-de-desterro-e-rosarinho-e-promove-contato-direto-com-a-gestao\/\" target=\"_blank\" rel=\"noopener\"><strong>Sucesso: Paudalho Participativo re\u00fane mais de 100 moradores de Desterro e Rosarinho<\/strong><\/a><\/p>\n<p><strong><a href=\"http:\/\/www.paudalho.pe.gov.br\/portal\/prefeito-marcelo-gouveia-divulga-comeco-de-obras-do-minha-casa-minha-vida-em-paudalho\/\" target=\"_blank\" rel=\"noopener\">Prefeito Marcelo Gouveia divulga come\u00e7o de obras do Minha Casa Minha Vida em Paudalho<\/a><\/strong><\/p>\n<p><a href=\"http:\/\/www.paudalho.pe.gov.br\/portal\/secretaria-de-saude-equipe-de-saude-bucal-estreia-peca-em-escola-e-distribui-mais-de-500-kits-de-escovacao\/\" target=\"_blank\" rel=\"noopener\"><strong>Secretaria de Sa\u00fade: equipe de Sa\u00fade Bucal estreia pe\u00e7a em escola e distribui mais de 500 kits<\/strong><\/a><\/p>\n<p><strong><a href=\"http:\/\/www.paudalho.pe.gov.br\/portal\/uma-maravilha-diz-moradora-de-guadalajara-sobre-desfile-civico\/\" target=\"_blank\" rel=\"noopener\">\u201cUma maravilha\u201d, diz moradora de Guadalajara sobre Desfile C\u00edvico<\/a><\/strong><\/p>\n<p><a href=\"http:\/\/www.paudalho.pe.gov.br\/portal\/o-valeu-a-pena-comenta-moradora-sobre-reforma-na-escola-municipal-do-paudalho\/\" target=\"_blank\" rel=\"noopener\"><strong>\u201cValeu a pena\u201d, comenta moradora sobre reforma na Escola Municipal de Guadalajara<\/strong><\/a><\/p>\n<p><a href=\"http:\/\/www.paudalho.pe.gov.br\/portal\/qualidade-de-vida-para-os-alunos-diz-secretario-de-obras-sobre-reinauguracao-da-escola-municipal-de-guadalajara\/\" target=\"_blank\" rel=\"noopener\"><strong>\u201cQualidade de vida para os alunos\u201d, diz secret\u00e1rio de Obras sobre reinaugura\u00e7\u00e3o da Escola Municipal de Guadalajara<\/strong><\/a><\/p>\n<p><a href=\"http:\/\/www.paudalho.pe.gov.br\/portal\/cidadania-em-acao-supera-as-expectativas-e-realiza-quase-2-400-atendimentos-em-cha-de-cruz\/\" target=\"_blank\" rel=\"noopener\"><strong>Cidadania em A\u00e7\u00e3o supera as expectativas e realiza quase 2.400 atendimentos em Ch\u00e3 de Cruz<\/strong><\/a><\/p>\n<p><a href=\"http:\/\/www.paudalho.pe.gov.br\/portal\/secretaria-de-obras-supera-obstaculos-e-recupera-13-escolas-e-oito-postos-de-saude\/\" target=\"_blank\" rel=\"noopener\"><strong>Secretaria de Obras supera obst\u00e1culos e recupera 13 postos de sa\u00fade e oito escolas<\/strong><\/a><\/p>\n<p><strong><a href=\"http:\/\/www.paudalho.pe.gov.br\/portal\/superou-as-expectativas-diz-coordenador-do-laboratorio-municipal-sobre-teste-do-pezinho\/\" target=\"_blank\" rel=\"noopener\">\u201cSuperou as expectativas\u201d, diz coordenador do Laborat\u00f3rio Municipal sobre Teste do Pezinho<\/a><\/strong><\/p>\n<p>&nbsp;<\/p>\n","protected":false},"excerpt":{"rendered":"<p>O prefeito Marcelo Gouveia retornou hoje (28) de Bras\u00edlia onde foi buscar recursos para a Educa\u00e7\u00e3o do munic\u00edpio. Al\u00e9m do prefeito, uma comitiva composta pelos gestores Cl\u00e9ber Chaparral (PSD), de Orob\u00f3; Danilson (PSD), de Feira Nova; Z\u00e9 de Veva (PMDB), de Salgadinho, desembarcou no Distrito Federal nesta ter\u00e7a-feira (26). Segundo informa\u00e7\u00f5es, o encontro com o [&hellip;]<\/p>\n","protected":false},"author":4,"featured_media":1342,"comment_status":"open","ping_status":"open","sticky":false,"template":"","format":"standard","meta":{"_jetpack_newsletter_access":"","_jetpack_dont_email_post_to_subs":false,"_jetpack_newsletter_tier_id":0,"_jetpack_memberships_contains_paywalled_content":false,"_jetpack_memberships_contains_paid_content":false,"footnotes":""},"categories":[2,1],"tags":[104],"class_list":["post-1341","post","type-post","status-publish","format-standard","has-post-thumbnail","hentry","category-destaque","category-noticias","tag-prefeitura-de-paudalho"],"jetpack_featured_media_url":"https:\/\/www.paudalho.pe.gov.br\/portal\/wp-content\/uploads\/2017\/09\/d46af72b-16ab-4391-bdf2-70e900b860fd.jpg","jetpack_sharing_enabled":true,"jetpack_shortlink":"https:\/\/wp.me\/p98mS2-lD","_links":{"self":[{"href":"https:\/\/www.paudalho.pe.gov.br\/portal\/wp-json\/wp\/v2\/posts\/1341","targetHints":{"allow":["GET"]}}],"collection":[{"href":"https:\/\/www.paudalho.pe.gov.br\/portal\/wp-json\/wp\/v2\/posts"}],"about":[{"href":"https:\/\/www.paudalho.pe.gov.br\/portal\/wp-json\/wp\/v2\/types\/post"}],"author":[{"embeddable":true,"href":"https:\/\/www.paudalho.pe.gov.br\/portal\/wp-json\/wp\/v2\/users\/4"}],"replies":[{"embeddable":true,"href":"https:\/\/www.paudalho.pe.gov.br\/portal\/wp-json\/wp\/v2\/comments?post=1341"}],"version-history":[{"count":5,"href":"https:\/\/www.paudalho.pe.gov.br\/portal\/wp-json\/wp\/v2\/posts\/1341\/revisions"}],"predecessor-version":[{"id":1347,"href":"https:\/\/www.paudalho.pe.gov.br\/portal\/wp-json\/wp\/v2\/posts\/1341\/revisions\/1347"}],"wp:featuredmedia":[{"embeddable":true,"href":"https:\/\/www.paudalho.pe.gov.br\/portal\/wp-json\/wp\/v2\/media\/1342"}],"wp:attachment":[{"href":"https:\/\/www.paudalho.pe.gov.br\/portal\/wp-json\/wp\/v2\/media?parent=1341"}],"wp:term":[{"taxonomy":"category","embeddable":true,"href":"https:\/\/www.paudalho.pe.gov.br\/portal\/wp-json\/wp\/v2\/categories?post=1341"},{"taxonomy":"post_tag","embeddable":true,"href":"https:\/\/www.paudalho.pe.gov.br\/portal\/wp-json\/wp\/v2\/tags?post=1341"}],"curies":[{"name":"wp","href":"https:\/\/api.w.org\/{rel}","templated":true}]}}