{"id":13382,"date":"2021-01-22T13:12:10","date_gmt":"2021-01-22T16:12:10","guid":{"rendered":"https:\/\/www.paudalho.pe.gov.br\/portal\/?p=13382"},"modified":"2025-01-08T00:39:49","modified_gmt":"2025-01-08T03:39:49","slug":"paudalho-realiza-a-primeira-eleicao-de-membros-da-sociedade-civil-para-o-cmpc","status":"publish","type":"post","link":"https:\/\/www.paudalho.pe.gov.br\/portal\/paudalho-realiza-a-primeira-eleicao-de-membros-da-sociedade-civil-para-o-cmpc\/","title":{"rendered":"Paudalho realiza a primeira elei\u00e7\u00e3o de membros da sociedade civil para o CMPC"},"content":{"rendered":"\n<p>Na noite da \u00faltima ter\u00e7a-feira (19), um evento hist\u00f3rico para a cultura local ocorreu no munic\u00edpio de Paudalho. A Secretaria Municipal de Cultura, Esporte, Juventude, Turismo e Lazer realizou uma cerim\u00f4nia solene para a primeira elei\u00e7\u00e3o de componentes da sociedade civil para o Conselho Municipal de Pol\u00edtica Cultural (CMPC). A reuni\u00e3o teve in\u00edcio \u00e0s 19h e ocorreu no tradicional Clube Estrela do Paudalho, localizado no Centro da cidade. O processo eleitoral teve como objetivo a sele\u00e7\u00e3o de representantes que ir\u00e3o atuar durante o bi\u00eanio 2021\/2022.<\/p>\n\n\n\n<p>Na ocasi\u00e3o foram eleitos 16 conselheiros, sendo oito deles titulares e oito suplentes. Como estabelecido na Lei Municipal N\u00ba 951\/2020, os mun\u00edcipes puderam se candidatar na elei\u00e7\u00e3o por meio de um <a rel=\"noreferrer noopener\" href=\"https:\/\/www.paudalho.pe.gov.br\/portal\/prefeitura-divulga-edital-para-selecao-do-conselho-municipal-de-politica-cultural-do-paudalho\/\" target=\"_blank\">edital de chamamento<\/a>. Os principais crit\u00e9rios para participa\u00e7\u00e3o no processo eleitoral foram: ter 18 anos ou mais, ser residente e domiciliado no munic\u00edpio e ter experi\u00eancia na \u00e1rea cultural h\u00e1 mais de dois anos.\u00a0<\/p>\n\n\n\n<p>Outros 16 conselheiros membros do poder p\u00fablico foram empossados por meio de indica\u00e7\u00e3o. Eles s\u00e3o participantes da Secretaria de Cultura; da Secretaria de Educa\u00e7\u00e3o (SEDUC); da Secretaria de Desenvolvimento e Assist\u00eancia Social (SEDAS); da Secretaria Municipal de Administra\u00e7\u00e3o e Finan\u00e7as; da Secretaria de Sa\u00fade; do Gabinete do Prefeito e da C\u00e2mara dos Vereadores.<\/p>\n\n\n\n<figure class=\"wp-block-image size-large\"><img loading=\"lazy\" decoding=\"async\" width=\"800\" height=\"450\" data-attachment-id=\"13407\" data-permalink=\"https:\/\/www.paudalho.pe.gov.br\/portal\/paudalho-realiza-a-primeira-eleicao-de-membros-da-sociedade-civil-para-o-cmpc\/compartilhada-do-lightroom-mobile-4\/\" data-orig-file=\"https:\/\/www.paudalho.pe.gov.br\/portal\/wp-content\/uploads\/2021\/01\/Compartilhada-do-Lightroom-mobile-4.jpg\" data-orig-size=\"2048,1536\" data-comments-opened=\"1\" data-image-meta=\"{&quot;aperture&quot;:&quot;0&quot;,&quot;credit&quot;:&quot;&quot;,&quot;camera&quot;:&quot;&quot;,&quot;caption&quot;:&quot;&quot;,&quot;created_timestamp&quot;:&quot;0&quot;,&quot;copyright&quot;:&quot;&quot;,&quot;focal_length&quot;:&quot;0&quot;,&quot;iso&quot;:&quot;0&quot;,&quot;shutter_speed&quot;:&quot;0&quot;,&quot;title&quot;:&quot;&quot;,&quot;orientation&quot;:&quot;0&quot;}\" data-image-title=\"Compartilhada do Lightroom mobile\" data-image-description=\"\" data-image-caption=\"&lt;p&gt;Foto: Guilherme Ricardo\/PMP.&lt;\/p&gt;\n\" data-medium-file=\"https:\/\/www.paudalho.pe.gov.br\/portal\/wp-content\/uploads\/2021\/01\/Compartilhada-do-Lightroom-mobile-4-350x230.jpg\" data-large-file=\"https:\/\/www.paudalho.pe.gov.br\/portal\/wp-content\/uploads\/2021\/01\/Compartilhada-do-Lightroom-mobile-4-800x450.jpg\" src=\"https:\/\/www.paudalho.pe.gov.br\/portal\/wp-content\/uploads\/2021\/01\/Compartilhada-do-Lightroom-mobile-4-800x450.jpg\" alt=\"\" class=\"wp-image-13407\"\/><figcaption><em>Foto: Guilherme Ricardo\/PMP.<\/em><\/figcaption><\/figure>\n\n\n\n<p>A secret\u00e1ria de Cultura, Esporte, Juventude, Turismo e Lazer, Carolina Ferraz, deu in\u00edcio a cerim\u00f4nia com um breve discurso. A gestora refor\u00e7ou a relev\u00e2ncia do evento: &#8220;Este \u00e9 um momento muito importante na cultura, \u00e9 um momento inicial onde n\u00f3s podemos estreitar os la\u00e7os&#8221;, declarou. A presidente da Comiss\u00e3o Eleitoral, Nancy Lopes, tamb\u00e9m trocou algumas palavras com os presentes: &#8220;Estamos dando um pontap\u00e9 maravilhoso com esse momento que nunca vimos na hist\u00f3ria de Paudalho&#8221;. <\/p>\n\n\n\n<p>Para exaltar a cultura paudalhense, dois artistas locais fizeram apresenta\u00e7\u00f5es ao longo da solenidade. O cantor Iran foi o primeiro a subir ao palco, ele fez uma performance do Coco de Lu. Em seguida, o p\u00fablico p\u00f4de prestigiar uma ciranda com o m\u00fasico Jo\u00e3o Ernani.  Ambos mostraram-se contentes com a oportunidade e falaram sobre a import\u00e2ncia da valoriza\u00e7\u00e3o da arte, dos artistas e da cultura caracter\u00edstica do munic\u00edpio.<\/p>\n\n\n\n<h3 class=\"wp-block-heading\">Instrumento de poder popular<\/h3>\n\n\n\n<p>O Conselho Municipal de Pol\u00edtica Cultural (CMPC) \u00e9 um \u00f3rg\u00e3o colegiado deliberativo, consultivo e normativo, integrante da estrutura b\u00e1sica da Secretaria de Cultura, Esporte, Juventude, Turismo e Lazer. Ele tem composi\u00e7\u00e3o parit\u00e1ria entre o poder p\u00fablico e a sociedade civil e \u00e9 o principal espa\u00e7o de participa\u00e7\u00e3o social de car\u00e1ter permanente na estrutura do Sistema Municipal de Cultura.<\/p>\n\n\n\n<p><strong>Confira abaixo as listas com os nomes, posi\u00e7\u00f5es, \u00f3rg\u00e3os ou <strong>segmentos<\/strong> dos eleitos: <\/strong><\/p>\n\n\n\n<h4 class=\"has-text-align-center wp-block-heading\"><strong>LISTA DE CONSELHEIROS MEMBROS DA SOCIEDADE CIVIL<\/strong><\/h4>\n\n\n\n<figure class=\"wp-block-table is-style-stripes\"><table><tbody><tr><td><strong>NOME<\/strong><\/td><td><strong>SEGMENTO<\/strong><\/td><td><strong>POSI\u00c7\u00c3O<\/strong><\/td><\/tr><tr><td>Jo\u00e3o Ernani Correia de Figueiredo<\/td><td>Cultura Popular<\/td><td>TITULAR<\/td><\/tr><tr><td>Maria Jos\u00e9 Anselmo da Silva<\/td><td>Cultura Popular<\/td><td>SUPLENTE<\/td><\/tr><tr><td>Rosilda Maria de Santana Silva<\/td><td>Cultura Popular<\/td><td>TITULAR<\/td><\/tr><tr><td>Simone Clemente da Silva<\/td><td>Comunidade Tradicional<\/td><td>SUPLENTE<\/td><\/tr><tr><td>Wellignton Lima de Santana<\/td><td>Dan\u00e7a<\/td><td>TITULAR<\/td><\/tr><tr><td>Tiago Monteiro dos Santos<\/td><td>Cultura Popular<\/td><td>SUPLENTE<\/td><\/tr><tr><td>Geiza Maria de Andrade Silva<\/td><td>Teatro<\/td><td>TITULAR<\/td><\/tr><tr><td>Josilene de Oliveira Lima<\/td><td>Cultura Popular<\/td><td>SUPLENTE<\/td><\/tr><tr><td>Edson Luiz Marques<\/td><td>Cultura Popular<\/td><td>TITULAR<\/td><\/tr><tr><td>T\u00falio Pinheiro Nascimento<\/td><td>M\u00fasica<\/td><td>SUPLENTE<\/td><\/tr><tr><td>Luzinete Ferreira de Brito<\/td><td>Cultura Popular<\/td><td>TITULAR<\/td><\/tr><tr><td>Iris Maria de Santana<\/td><td>Cultura Popular<\/td><td>SUPLENTE<\/td><\/tr><tr><td>Lucas Albuquerque Guerra<\/td><td>Cultura Popular<\/td><td>TITULAR<\/td><\/tr><tr><td>Ivana Carla Cardoso da Silva<\/td><td>Cultura Popular<\/td><td>SUPLENTE<\/td><\/tr><tr><td>Maria Deyse da Silva<\/td><td>Comunidade Tradicional<\/td><td>TITULAR<\/td><\/tr><tr><td>Iraquitan Jospe da Silva<\/td><td>Comunidade Tradicional<\/td><td>SUPLENTE<\/td><\/tr><\/tbody><\/table><\/figure>\n\n\n\n<p><\/p>\n\n\n\n<h4 class=\"has-text-align-center wp-block-heading\"><strong>LISTA DE CONSELHEIROS MEMBROS DO PODER P\u00daBLICO<\/strong><\/h4>\n\n\n\n<figure class=\"wp-block-table is-style-stripes\"><table><tbody><tr><td><strong>NOME<\/strong><\/td><td><strong>\u00d3RG\u00c3O<\/strong><\/td><td><strong>POSI\u00c7\u00c3O<\/strong><\/td><\/tr><tr><td>Luiz Gustavo Francisco Moreira da<br>Silva<\/td><td>Secretaria de Cultura<\/td><td>TITULAR<\/td><\/tr><tr><td>Jo\u00e3o Batista Silvino<\/td><td>Secretaria de Cultura<\/td><td>SUPLENTE<\/td><\/tr><tr><td>Elizonete Claudina de Oliveira<\/td><td>Secretaria de Cultura<\/td><td>TITULAR<\/td><\/tr><tr><td>Geisa Maria da Silva<\/td><td>Secretaria de Cultura<\/td><td>SUPLENTE<\/td><\/tr><tr><td>Elinaldo Manoel de Andrade Silva<\/td><td>Secretaria de Educa\u00e7\u00e3o<\/td><td>TITULAR<\/td><\/tr><tr><td>Nancy Maria Lopes de Freita<\/td><td>Secretaria de Educa\u00e7\u00e3o<\/td><td>SUPLENTE<\/td><\/tr><tr><td>Angela Maria dos Santos Cah\u00fa<\/td><td>Secretaria de<br>Desenvolvimento e<br>Assist\u00eancia Social<\/td><td>TITULAR<\/td><\/tr><tr><td>Terezinha Maria Bandeira de Melo<br>Fernandes<\/td><td>Secretaria de<br>Desenvolvimento e<br>Assist\u00eancia Social<\/td><td>SUPLENTE<\/td><\/tr><tr><td>Ana Paula Ferreira Battistella<\/td><td>Secretaria Municipal de<br>Administra\u00e7\u00e3o e<br>Finan\u00e7as<\/td><td>TITULAR<\/td><\/tr><tr><td>Igor Carlos Santana Cavalcanti<\/td><td>Secretaria Municipal de<br>Administra\u00e7\u00e3o e<br>Finan\u00e7as<\/td><td>SUPLENTE<\/td><\/tr><tr><td>Thais Cibele Fabricio Soares<\/td><td>Secretaria de Sa\u00fade<\/td><td>TITULAR<\/td><\/tr><tr><td>Jo\u00e3o Pedro Rocha dos Prazeres <\/td><td>Secretaria de Sa\u00fade<\/td><td>SUPLENTE<\/td><\/tr><tr><td>Edmauro Cesar Andrade de Lima<\/td><td>Gabinete do Prefeito<\/td><td>TITULAR<\/td><\/tr><tr><td>Mar\u00edlia Beatriz dos Santos Marinho<br>Gusm\u00e3o<\/td><td>Gabinete do Prefeito<\/td><td>SUPLENTE<\/td><\/tr><tr><td>Alceu Edinardo Gusm\u00e3o Monetiro<\/td><td>C\u00e2mara dos Vereadores<\/td><td>TITULAR<\/td><\/tr><tr><td>Thiago Fernando da Silva<\/td><td>C\u00e2mara dos Vereadores<\/td><td>SUPLENTE<\/td><\/tr><\/tbody><\/table><\/figure>\n","protected":false},"excerpt":{"rendered":"<p>Na noite da \u00faltima ter\u00e7a-feira (19), a Secretaria Municipal de Cultura, Esporte, Juventude, Turismo e Lazer realizou uma cerim\u00f4nia solene para a 1\u00aa elei\u00e7\u00e3o de componentes da sociedade civil para o Conselho Municipal de Pol\u00edtica Cultural do Paudalho (CMPC). Durante a ocasi\u00e3o foram eleitos 16 conselheiros, sendo oito deles titulares e oito suplentes. <\/p>\n","protected":false},"author":6,"featured_media":13408,"comment_status":"open","ping_status":"open","sticky":false,"template":"","format":"standard","meta":{"_jetpack_newsletter_access":"","_jetpack_dont_email_post_to_subs":false,"_jetpack_newsletter_tier_id":0,"_jetpack_memberships_contains_paywalled_content":false,"_jetpack_memberships_contains_paid_content":false,"footnotes":""},"categories":[6,2,1],"tags":[714,712,68,713],"class_list":["post-13382","post","type-post","status-publish","format-standard","has-post-thumbnail","hentry","category-cultura","category-destaque","category-noticias","tag-apresentacoes-artisticas","tag-cmpc","tag-cultura","tag-secretaria-municipal-de-cultura-esporte-juventude-turismo-e-lazer"],"jetpack_featured_media_url":"https:\/\/www.paudalho.pe.gov.br\/portal\/wp-content\/uploads\/2021\/01\/Compartilhada-do-Lightroom-mobile-1-2.jpg","jetpack_sharing_enabled":true,"jetpack_shortlink":"https:\/\/wp.me\/p98mS2-3tQ","_links":{"self":[{"href":"https:\/\/www.paudalho.pe.gov.br\/portal\/wp-json\/wp\/v2\/posts\/13382","targetHints":{"allow":["GET"]}}],"collection":[{"href":"https:\/\/www.paudalho.pe.gov.br\/portal\/wp-json\/wp\/v2\/posts"}],"about":[{"href":"https:\/\/www.paudalho.pe.gov.br\/portal\/wp-json\/wp\/v2\/types\/post"}],"author":[{"embeddable":true,"href":"https:\/\/www.paudalho.pe.gov.br\/portal\/wp-json\/wp\/v2\/users\/6"}],"replies":[{"embeddable":true,"href":"https:\/\/www.paudalho.pe.gov.br\/portal\/wp-json\/wp\/v2\/comments?post=13382"}],"version-history":[{"count":47,"href":"https:\/\/www.paudalho.pe.gov.br\/portal\/wp-json\/wp\/v2\/posts\/13382\/revisions"}],"predecessor-version":[{"id":18998,"href":"https:\/\/www.paudalho.pe.gov.br\/portal\/wp-json\/wp\/v2\/posts\/13382\/revisions\/18998"}],"wp:featuredmedia":[{"embeddable":true,"href":"https:\/\/www.paudalho.pe.gov.br\/portal\/wp-json\/wp\/v2\/media\/13408"}],"wp:attachment":[{"href":"https:\/\/www.paudalho.pe.gov.br\/portal\/wp-json\/wp\/v2\/media?parent=13382"}],"wp:term":[{"taxonomy":"category","embeddable":true,"href":"https:\/\/www.paudalho.pe.gov.br\/portal\/wp-json\/wp\/v2\/categories?post=13382"},{"taxonomy":"post_tag","embeddable":true,"href":"https:\/\/www.paudalho.pe.gov.br\/portal\/wp-json\/wp\/v2\/tags?post=13382"}],"curies":[{"name":"wp","href":"https:\/\/api.w.org\/{rel}","templated":true}]}}