{"id":13307,"date":"2021-01-21T09:56:56","date_gmt":"2021-01-21T12:56:56","guid":{"rendered":"https:\/\/www.paudalho.pe.gov.br\/portal\/?p=13307"},"modified":"2025-01-08T00:39:49","modified_gmt":"2025-01-08T03:39:49","slug":"paudalho-recebe-primeiro-lote-com-323-doses-da-vacina-contra-a-covid-19","status":"publish","type":"post","link":"https:\/\/www.paudalho.pe.gov.br\/portal\/paudalho-recebe-primeiro-lote-com-323-doses-da-vacina-contra-a-covid-19\/","title":{"rendered":"Paudalho recebe primeiro lote com 323 doses da vacina contra a covid-19"},"content":{"rendered":"\n<p>Na \u00faltima ter\u00e7a-feira (19), o primeiro lote de vacinas contra a covid-19 foi recebido no munic\u00edpio de Paudalho. O Governo do Estado de Pernambuco enviou \u00e0 Secretaria Municipal de Sa\u00fade 323 doses da CoronaVac, vacina criada pelo Instituto Butant\u00e3 em parceria com o laborat\u00f3rio Sinovac Biotech. Durante a primeira etapa da campanha de vacina\u00e7\u00e3o, a prioridade ser\u00e1 dos profissionais da \u00e1rea de sa\u00fade que atuam na linha de frente na luta contra a covid-19. As doses ser\u00e3o destinadas \u00e0queles que atendem na Unidade de Pronto Atendimento Laura Bandeira de Melo (UPA Paudalho), no Centro de Parto, no Laborat\u00f3rio Municipal e na Aten\u00e7\u00e3o B\u00e1sica.<\/p>\n\n\n\n<p>De acordo com a Secretaria Municipal de Sa\u00fade, a quantidade de doses recebidas leva em considera\u00e7\u00e3o o n\u00famero de profissionais em atendimento nas unidades listadas. A campanha de vacina\u00e7\u00e3o foi iniciada no mesmo dia do recebimento das vacinas. O primeiro cidad\u00e3o a ser imunizado foi o motorista do Servi\u00e7o de Atendimento M\u00f3vel de Urg\u00eancia (SAMU) Itamar Jos\u00e9 Gomes, de 56 anos. Itamar atua h\u00e1 oito anos no cargo e se diz honrado pela oportunidade. \u201c\u00c9 uma honra ser o primeiro a ser imunizado, estou muito feliz\u201d, declarou o paudalhense.&nbsp;<\/p>\n\n\n\n<p>Na segunda fase da campanha, as doses ser\u00e3o aplicadas em idosos com mais de 80 anos, conforme estabelecido no Plano de Vacina\u00e7\u00e3o contra a Covid-19 do Governo do Estado. No atual momento, a Secretaria Municipal de Sa\u00fade est\u00e1 realizando uma listagem dos abrigos em funcionamento na cidade. &#8220;Estamos na fase de levantamento da quantidade de idosos com mais de 80 anos no munic\u00edpio e de profissionais que s\u00e3o cuidadores. A estrat\u00e9gia que adotaremos na segunda fase \u00e9 a vacina\u00e7\u00e3o em domic\u00edlio&#8221;, afirma a secret\u00e1ria de sa\u00fade L\u00facia Matias. A gestora tamb\u00e9m destaca a import\u00e2ncia do cadastro desses cidad\u00e3os nas Unidades de Sa\u00fade municipais.<\/p>\n\n\n\n<p>A Prefeitura do Paudalho informa que ainda n\u00e3o h\u00e1 previs\u00e3o para o in\u00edcio das etapas seguintes, visto que as datas para a imuniza\u00e7\u00e3o s\u00f3 poder\u00e3o ser estabelecidas a partir do envio de novas doses pelo Governo do Estado de Pernambuco.<\/p>\n","protected":false},"excerpt":{"rendered":"<p>A primeira fase da vacina\u00e7\u00e3o ser\u00e1 destinada para os profissionais da \u00e1rea de sa\u00fade do Paudalho que est\u00e3o na linha de frente na luta contra o covid-19. <\/p>\n","protected":false},"author":6,"featured_media":13314,"comment_status":"open","ping_status":"open","sticky":false,"template":"","format":"standard","meta":{"_jetpack_newsletter_access":"","_jetpack_dont_email_post_to_subs":false,"_jetpack_newsletter_tier_id":0,"_jetpack_memberships_contains_paywalled_content":false,"_jetpack_memberships_contains_paid_content":false,"footnotes":""},"categories":[2,1,3],"tags":[621,711,22,168,314],"class_list":["post-13307","post","type-post","status-publish","format-standard","has-post-thumbnail","hentry","category-destaque","category-noticias","category-saude","tag-coronavirus","tag-covid19","tag-prefeitura-do-paudalho","tag-secretaria-de-saude","tag-vacinacao"],"jetpack_featured_media_url":"https:\/\/www.paudalho.pe.gov.br\/portal\/wp-content\/uploads\/2021\/01\/vacinasarscovidpaudalho.jpeg","jetpack_sharing_enabled":true,"jetpack_shortlink":"https:\/\/wp.me\/p98mS2-3sD","_links":{"self":[{"href":"https:\/\/www.paudalho.pe.gov.br\/portal\/wp-json\/wp\/v2\/posts\/13307","targetHints":{"allow":["GET"]}}],"collection":[{"href":"https:\/\/www.paudalho.pe.gov.br\/portal\/wp-json\/wp\/v2\/posts"}],"about":[{"href":"https:\/\/www.paudalho.pe.gov.br\/portal\/wp-json\/wp\/v2\/types\/post"}],"author":[{"embeddable":true,"href":"https:\/\/www.paudalho.pe.gov.br\/portal\/wp-json\/wp\/v2\/users\/6"}],"replies":[{"embeddable":true,"href":"https:\/\/www.paudalho.pe.gov.br\/portal\/wp-json\/wp\/v2\/comments?post=13307"}],"version-history":[{"count":10,"href":"https:\/\/www.paudalho.pe.gov.br\/portal\/wp-json\/wp\/v2\/posts\/13307\/revisions"}],"predecessor-version":[{"id":13381,"href":"https:\/\/www.paudalho.pe.gov.br\/portal\/wp-json\/wp\/v2\/posts\/13307\/revisions\/13381"}],"wp:featuredmedia":[{"embeddable":true,"href":"https:\/\/www.paudalho.pe.gov.br\/portal\/wp-json\/wp\/v2\/media\/13314"}],"wp:attachment":[{"href":"https:\/\/www.paudalho.pe.gov.br\/portal\/wp-json\/wp\/v2\/media?parent=13307"}],"wp:term":[{"taxonomy":"category","embeddable":true,"href":"https:\/\/www.paudalho.pe.gov.br\/portal\/wp-json\/wp\/v2\/categories?post=13307"},{"taxonomy":"post_tag","embeddable":true,"href":"https:\/\/www.paudalho.pe.gov.br\/portal\/wp-json\/wp\/v2\/tags?post=13307"}],"curies":[{"name":"wp","href":"https:\/\/api.w.org\/{rel}","templated":true}]}}