{"id":1318,"date":"2017-09-27T13:58:09","date_gmt":"2017-09-27T16:58:09","guid":{"rendered":"http:\/\/www.paudalho.pe.gov.br\/portal\/?p=1318"},"modified":"2018-09-10T16:40:45","modified_gmt":"2018-09-10T19:40:45","slug":"depois-de-audiencia-publica-plano-plurianual-segue-para-camara-dos-vereadores","status":"publish","type":"post","link":"https:\/\/www.paudalho.pe.gov.br\/portal\/depois-de-audiencia-publica-plano-plurianual-segue-para-camara-dos-vereadores\/","title":{"rendered":"Depois de Audi\u00eancia P\u00fablica, Plano Plurianual segue para C\u00e2mara dos Vereadores"},"content":{"rendered":"<p>A Prefeitura do Paudalho por meio da Secretaria de Administra\u00e7\u00e3o e Finan\u00e7as realizou nesta quarta-feira (27) uma Audi\u00eancia P\u00fablica para an\u00e1lise do Plano Plurianual (PPA) 2018-2021 de Paudalho. O PPA prev\u00ea todas as receitas e despesas que o munic\u00edpio pretende executar nos pr\u00f3ximos quatro anos e segue para vota\u00e7\u00e3o na C\u00e2mara dos Vereadores.<\/p>\n<div id=\"attachment_1320\" style=\"width: 310px\" class=\"wp-caption alignnone\"><img loading=\"lazy\" decoding=\"async\" aria-describedby=\"caption-attachment-1320\" data-attachment-id=\"1320\" data-permalink=\"https:\/\/www.paudalho.pe.gov.br\/portal\/depois-de-audiencia-publica-plano-plurianual-segue-para-camara-dos-vereadores\/1210baf0-cc3d-41ba-aa0f-4e094fcd6014\/\" data-orig-file=\"https:\/\/www.paudalho.pe.gov.br\/portal\/wp-content\/uploads\/2017\/09\/1210baf0-cc3d-41ba-aa0f-4e094fcd6014.jpg\" data-orig-size=\"1280,853\" data-comments-opened=\"1\" data-image-meta=\"{&quot;aperture&quot;:&quot;0&quot;,&quot;credit&quot;:&quot;&quot;,&quot;camera&quot;:&quot;&quot;,&quot;caption&quot;:&quot;&quot;,&quot;created_timestamp&quot;:&quot;0&quot;,&quot;copyright&quot;:&quot;&quot;,&quot;focal_length&quot;:&quot;0&quot;,&quot;iso&quot;:&quot;0&quot;,&quot;shutter_speed&quot;:&quot;0&quot;,&quot;title&quot;:&quot;&quot;,&quot;orientation&quot;:&quot;0&quot;}\" data-image-title=\"1210baf0-cc3d-41ba-aa0f-4e094fcd6014\" data-image-description=\"\" data-image-caption=\"&lt;p&gt;Foto: Isak de Castro\/Comunica\u00e7\u00e3oPrefeituradePaudalho&lt;\/p&gt;\n\" data-medium-file=\"https:\/\/www.paudalho.pe.gov.br\/portal\/wp-content\/uploads\/2017\/09\/1210baf0-cc3d-41ba-aa0f-4e094fcd6014-350x230.jpg\" data-large-file=\"https:\/\/www.paudalho.pe.gov.br\/portal\/wp-content\/uploads\/2017\/09\/1210baf0-cc3d-41ba-aa0f-4e094fcd6014-800x450.jpg\" class=\"size-medium wp-image-1320\" src=\"http:\/\/www.paudalho.pe.gov.br\/portal\/wp-content\/uploads\/2017\/09\/1210baf0-cc3d-41ba-aa0f-4e094fcd6014-350x230.jpg\" alt=\"\" width=\"300\" height=\"197\" \/><p id=\"caption-attachment-1320\" class=\"wp-caption-text\">Foto: Isak de Castro\/Comunica\u00e7\u00e3oPrefeituradePaudalho<\/p><\/div>\n<h2>Entendendo o processo<\/h2>\n<p>O Plano deve ser analisado e votado na C\u00e2mara dos Vereadores da cidade at\u00e9 o dia cinco de dezembro. Em seguida, ele ser\u00e1 sancionado pelo executivo. O contador do munic\u00edpio do Paudalho, Tadeu Sande, detalhou que a audi\u00eancia teve o objetivo de ouvir a popula\u00e7\u00e3o para a constru\u00e7\u00e3o das diversas a\u00e7\u00f5es que a Prefeitura do Paudalho pretende realizar.\u00a0\u00a0A partir de Janeiro de 2018, o prefeito come\u00e7a a executar o PPA e a popula\u00e7\u00e3o pode ter acesso ao planejamento no Portal da Transpar\u00eancia do Paudalho.<\/p>\n<p><strong>Ou\u00e7a os detalhes na entrevista com Tadeu Sande:<\/strong><\/p>\n<!--[if lt IE 9]><script>document.createElement('audio');<\/script><![endif]-->\n<audio class=\"wp-audio-shortcode\" id=\"audio-1318-1\" preload=\"none\" style=\"width: 100%;\" controls=\"controls\"><source type=\"audio\/mpeg\" src=\"http:\/\/www.paudalho.pe.gov.br\/portal\/wp-content\/uploads\/2017\/09\/ESSA-DAQUI-GRAVAR-online-audio-converter.com_.mp3?_=1\" \/><a href=\"http:\/\/www.paudalho.pe.gov.br\/portal\/wp-content\/uploads\/2017\/09\/ESSA-DAQUI-GRAVAR-online-audio-converter.com_.mp3\">http:\/\/www.paudalho.pe.gov.br\/portal\/wp-content\/uploads\/2017\/09\/ESSA-DAQUI-GRAVAR-online-audio-converter.com_.mp3<\/a><\/audio>\n<p>&nbsp;<\/p>\n<p><strong>Leia mais: \u00a0<\/strong><a href=\"http:\/\/www.paudalho.pe.gov.br\/portal\/reforma-do-colegio-municipal-de-guadalajara-segue-a-todo-vapor\/\" target=\"_blank\" rel=\"noopener\">Reforma do Col\u00e9gio Municipal de Guadalajara segue a todo vapor<\/a><\/p>\n<p><a href=\"http:\/\/www.paudalho.pe.gov.br\/portal\/paudalho-recebe-um-dia-social-com-deus\/\" target=\"_blank\" rel=\"noopener\">\u00a0Paudalho recebe \u201cUm dia Social com Deus\u201d<\/a><\/p>\n<p><a href=\"http:\/\/www.paudalho.pe.gov.br\/portal\/1o-canta-paudalho-oferece-premiacao-e-gravacao-de-musica\/\" target=\"_blank\" rel=\"noopener\">\u00a01\u00ba Canta Paudalho oferece premia\u00e7\u00e3o e grava\u00e7\u00e3o de m\u00fasica<\/a><\/p>\n","protected":false},"excerpt":{"rendered":"<p>A Prefeitura do Paudalho por meio da Secretaria de Administra\u00e7\u00e3o e Finan\u00e7as realizou nesta quarta-feira (27) uma Audi\u00eancia P\u00fablica para an\u00e1lise do Plano Plurianual (PPA) 2018-2021 de Paudalho. O PPA prev\u00ea todas as receitas e despesas que o munic\u00edpio pretende executar nos pr\u00f3ximos quatro anos e segue para vota\u00e7\u00e3o na C\u00e2mara dos Vereadores. Entendendo o [&hellip;]<\/p>\n","protected":false},"author":4,"featured_media":1321,"comment_status":"open","ping_status":"open","sticky":false,"template":"","format":"standard","meta":{"_jetpack_newsletter_access":"","_jetpack_dont_email_post_to_subs":false,"_jetpack_newsletter_tier_id":0,"_jetpack_memberships_contains_paywalled_content":false,"_jetpack_memberships_contains_paid_content":false,"footnotes":""},"categories":[43,2,1],"tags":[45,146,14,145,137],"class_list":["post-1318","post","type-post","status-publish","format-standard","has-post-thumbnail","hentry","category-audiencia-publica","category-destaque","category-noticias","tag-audiencia-publica","tag-orcamento","tag-paudalho","tag-plano-plurianu","tag-plano-plurianual"],"jetpack_featured_media_url":"https:\/\/www.paudalho.pe.gov.br\/portal\/wp-content\/uploads\/2017\/09\/be601120-006f-40fc-b7ee-d93c89e12156.jpg","jetpack_sharing_enabled":true,"jetpack_shortlink":"https:\/\/wp.me\/p98mS2-lg","_links":{"self":[{"href":"https:\/\/www.paudalho.pe.gov.br\/portal\/wp-json\/wp\/v2\/posts\/1318","targetHints":{"allow":["GET"]}}],"collection":[{"href":"https:\/\/www.paudalho.pe.gov.br\/portal\/wp-json\/wp\/v2\/posts"}],"about":[{"href":"https:\/\/www.paudalho.pe.gov.br\/portal\/wp-json\/wp\/v2\/types\/post"}],"author":[{"embeddable":true,"href":"https:\/\/www.paudalho.pe.gov.br\/portal\/wp-json\/wp\/v2\/users\/4"}],"replies":[{"embeddable":true,"href":"https:\/\/www.paudalho.pe.gov.br\/portal\/wp-json\/wp\/v2\/comments?post=1318"}],"version-history":[{"count":9,"href":"https:\/\/www.paudalho.pe.gov.br\/portal\/wp-json\/wp\/v2\/posts\/1318\/revisions"}],"predecessor-version":[{"id":3848,"href":"https:\/\/www.paudalho.pe.gov.br\/portal\/wp-json\/wp\/v2\/posts\/1318\/revisions\/3848"}],"wp:featuredmedia":[{"embeddable":true,"href":"https:\/\/www.paudalho.pe.gov.br\/portal\/wp-json\/wp\/v2\/media\/1321"}],"wp:attachment":[{"href":"https:\/\/www.paudalho.pe.gov.br\/portal\/wp-json\/wp\/v2\/media?parent=1318"}],"wp:term":[{"taxonomy":"category","embeddable":true,"href":"https:\/\/www.paudalho.pe.gov.br\/portal\/wp-json\/wp\/v2\/categories?post=1318"},{"taxonomy":"post_tag","embeddable":true,"href":"https:\/\/www.paudalho.pe.gov.br\/portal\/wp-json\/wp\/v2\/tags?post=1318"}],"curies":[{"name":"wp","href":"https:\/\/api.w.org\/{rel}","templated":true}]}}