{"id":13134,"date":"2021-01-12T16:17:11","date_gmt":"2021-01-12T19:17:11","guid":{"rendered":"https:\/\/www.paudalho.pe.gov.br\/portal\/?p=13134"},"modified":"2025-01-08T00:39:49","modified_gmt":"2025-01-08T03:39:49","slug":"em-paudalho-conselheiros-do-comdica-assumiram-mandato-nesta-terca-feira-12","status":"publish","type":"post","link":"https:\/\/www.paudalho.pe.gov.br\/portal\/em-paudalho-conselheiros-do-comdica-assumiram-mandato-nesta-terca-feira-12\/","title":{"rendered":"Em Paudalho, conselheiros do COMDICA assumiram mandato nesta ter\u00e7a-feira (12)"},"content":{"rendered":"\n<p>Na manh\u00e3 desta ter\u00e7a-feira (12), a Prefeitura do Paudalho realizou a cerim\u00f4nia de posse do Conselho Municipal dos Direitos da Crian\u00e7a e do Adolescente (COMDICA). A solenidade teve in\u00edcio \u00e0s 10h e ocorreu na sede do Sindicato dos Trabalhadores Rurais de Paudalho, localizada no Centro da cidade. Durante a ocasi\u00e3o, como institu\u00eddo na Lei Municipal N\u00ba\u00a0494\/2011, dez conselheiros titulares e dez suplentes assumiram o mandato para o quadri\u00eanio 2021\/2024.  Em um segundo momento da cerim\u00f4nia, os conselheiros realizaram uma vota\u00e7\u00e3o fechada para presidente e vice-presidente do COMDICA. As candidatas selecionadas foram \u00cdaci Maria da Silva e \u00c2ngela Maria Evaristo, respectivamente.<\/p>\n\n\n\n<p>Os conselheiros titulares e suplentes empossados fazem parte de institui\u00e7\u00f5es da sociedade civil e de \u00f3rg\u00e3os governamentais. No grupo das entidades da sociedade civil est\u00e3o participantes da Associa\u00e7\u00e3o Herculano Bandeira de Melo Filho de Desenvolvimento e Apoio a Fam\u00edlia, do Centro Socioeducativo Santa Cruz, da Sociedade de A\u00e7\u00e3o Comunit\u00e1ria, da Pastoral da Crian\u00e7a e da Igreja Adventista do S\u00e9timo Dia. \u00a0J\u00e1 os representantes governamentais s\u00e3o membros da Secretaria de Desenvolvimento e Assist\u00eancia Social (SEDAS); da Secretaria de Governo; da Secretaria de Educa\u00e7\u00e3o (SEDUC); da Secretaria de Administra\u00e7\u00e3o e Finan\u00e7as e da Secretaria de Sa\u00fade.<\/p>\n\n\n\n<h3 class=\"wp-block-heading\">Confira abaixo os registros da ocasi\u00e3o:<\/h3>\n\n\n\n<figure class=\"wp-block-gallery columns-3 is-cropped wp-block-gallery-1 is-layout-flex wp-block-gallery-is-layout-flex\"><ul class=\"blocks-gallery-grid\"><li class=\"blocks-gallery-item\"><figure><img loading=\"lazy\" decoding=\"async\" width=\"2048\" height=\"922\" data-attachment-id=\"13196\" data-permalink=\"https:\/\/www.paudalho.pe.gov.br\/portal\/em-paudalho-conselheiros-do-comdica-assumiram-mandato-nesta-terca-feira-12\/comdica2\/\" data-orig-file=\"https:\/\/www.paudalho.pe.gov.br\/portal\/wp-content\/uploads\/2021\/01\/comdica2.jpg\" data-orig-size=\"2048,922\" data-comments-opened=\"1\" data-image-meta=\"{&quot;aperture&quot;:&quot;2&quot;,&quot;credit&quot;:&quot;&quot;,&quot;camera&quot;:&quot;SM-A515F&quot;,&quot;caption&quot;:&quot;&quot;,&quot;created_timestamp&quot;:&quot;0&quot;,&quot;copyright&quot;:&quot;&quot;,&quot;focal_length&quot;:&quot;4.6&quot;,&quot;iso&quot;:&quot;320&quot;,&quot;shutter_speed&quot;:&quot;0.025&quot;,&quot;title&quot;:&quot;&quot;,&quot;orientation&quot;:&quot;0&quot;}\" data-image-title=\"comdica2\" data-image-description=\"\" data-image-caption=\"\" data-medium-file=\"https:\/\/www.paudalho.pe.gov.br\/portal\/wp-content\/uploads\/2021\/01\/comdica2-350x230.jpg\" data-large-file=\"https:\/\/www.paudalho.pe.gov.br\/portal\/wp-content\/uploads\/2021\/01\/comdica2-800x450.jpg\" src=\"https:\/\/i0.wp.com\/www.paudalho.pe.gov.br\/portal\/wp-content\/uploads\/2021\/01\/comdica2.jpg?resize=800%2C450&amp;ssl=1\" alt=\"\" data-id=\"13196\" data-full-url=\"https:\/\/i0.wp.com\/www.paudalho.pe.gov.br\/portal\/wp-content\/uploads\/2021\/01\/comdica2.jpg?fit=2048%2C922&amp;ssl=1\" data-link=\"https:\/\/www.paudalho.pe.gov.br\/portal\/?attachment_id=13196\" class=\"wp-image-13196\" srcset=\"https:\/\/www.paudalho.pe.gov.br\/portal\/wp-content\/uploads\/2021\/01\/comdica2.jpg 2048w, https:\/\/www.paudalho.pe.gov.br\/portal\/wp-content\/uploads\/2021\/01\/comdica2-768x346.jpg 768w, https:\/\/www.paudalho.pe.gov.br\/portal\/wp-content\/uploads\/2021\/01\/comdica2-1536x692.jpg 1536w\" sizes=\"auto, (max-width: 2048px) 100vw, 2048px\" \/><\/figure><\/li><li class=\"blocks-gallery-item\"><figure><img loading=\"lazy\" decoding=\"async\" width=\"2048\" height=\"2048\" data-attachment-id=\"13195\" data-permalink=\"https:\/\/www.paudalho.pe.gov.br\/portal\/em-paudalho-conselheiros-do-comdica-assumiram-mandato-nesta-terca-feira-12\/comdica1\/\" data-orig-file=\"https:\/\/www.paudalho.pe.gov.br\/portal\/wp-content\/uploads\/2021\/01\/comdica1.jpg\" data-orig-size=\"2048,2048\" data-comments-opened=\"1\" data-image-meta=\"{&quot;aperture&quot;:&quot;2&quot;,&quot;credit&quot;:&quot;&quot;,&quot;camera&quot;:&quot;SM-A515F&quot;,&quot;caption&quot;:&quot;&quot;,&quot;created_timestamp&quot;:&quot;0&quot;,&quot;copyright&quot;:&quot;&quot;,&quot;focal_length&quot;:&quot;4.6&quot;,&quot;iso&quot;:&quot;320&quot;,&quot;shutter_speed&quot;:&quot;0.016666666666667&quot;,&quot;title&quot;:&quot;&quot;,&quot;orientation&quot;:&quot;0&quot;}\" data-image-title=\"comdica1\" data-image-description=\"\" data-image-caption=\"\" data-medium-file=\"https:\/\/www.paudalho.pe.gov.br\/portal\/wp-content\/uploads\/2021\/01\/comdica1-350x230.jpg\" data-large-file=\"https:\/\/www.paudalho.pe.gov.br\/portal\/wp-content\/uploads\/2021\/01\/comdica1-800x450.jpg\" src=\"https:\/\/i1.wp.com\/www.paudalho.pe.gov.br\/portal\/wp-content\/uploads\/2021\/01\/comdica1.jpg?resize=800%2C450&amp;ssl=1\" alt=\"\" data-id=\"13195\" data-full-url=\"https:\/\/i1.wp.com\/www.paudalho.pe.gov.br\/portal\/wp-content\/uploads\/2021\/01\/comdica1.jpg?fit=2048%2C2048&amp;ssl=1\" data-link=\"https:\/\/www.paudalho.pe.gov.br\/portal\/?attachment_id=13195\" class=\"wp-image-13195\" srcset=\"https:\/\/www.paudalho.pe.gov.br\/portal\/wp-content\/uploads\/2021\/01\/comdica1.jpg 2048w, https:\/\/www.paudalho.pe.gov.br\/portal\/wp-content\/uploads\/2021\/01\/comdica1-768x768.jpg 768w, https:\/\/www.paudalho.pe.gov.br\/portal\/wp-content\/uploads\/2021\/01\/comdica1-1536x1536.jpg 1536w\" sizes=\"auto, (max-width: 2048px) 100vw, 2048px\" \/><\/figure><\/li><li class=\"blocks-gallery-item\"><figure><img loading=\"lazy\" decoding=\"async\" width=\"2048\" height=\"922\" data-attachment-id=\"13197\" data-permalink=\"https:\/\/www.paudalho.pe.gov.br\/portal\/em-paudalho-conselheiros-do-comdica-assumiram-mandato-nesta-terca-feira-12\/compartilhada-do-lightroom-mobile-1-1\/\" data-orig-file=\"https:\/\/www.paudalho.pe.gov.br\/portal\/wp-content\/uploads\/2021\/01\/Compartilhada-do-Lightroom-mobile-1-1.jpg\" data-orig-size=\"2048,922\" data-comments-opened=\"1\" data-image-meta=\"{&quot;aperture&quot;:&quot;2&quot;,&quot;credit&quot;:&quot;&quot;,&quot;camera&quot;:&quot;SM-A515F&quot;,&quot;caption&quot;:&quot;&quot;,&quot;created_timestamp&quot;:&quot;0&quot;,&quot;copyright&quot;:&quot;&quot;,&quot;focal_length&quot;:&quot;4.6&quot;,&quot;iso&quot;:&quot;400&quot;,&quot;shutter_speed&quot;:&quot;0.033333333333333&quot;,&quot;title&quot;:&quot;&quot;,&quot;orientation&quot;:&quot;0&quot;}\" data-image-title=\"Compartilhada-do-Lightroom-mobile-1-1\" data-image-description=\"\" data-image-caption=\"\" data-medium-file=\"https:\/\/www.paudalho.pe.gov.br\/portal\/wp-content\/uploads\/2021\/01\/Compartilhada-do-Lightroom-mobile-1-1-350x230.jpg\" data-large-file=\"https:\/\/www.paudalho.pe.gov.br\/portal\/wp-content\/uploads\/2021\/01\/Compartilhada-do-Lightroom-mobile-1-1-800x450.jpg\" src=\"https:\/\/i1.wp.com\/www.paudalho.pe.gov.br\/portal\/wp-content\/uploads\/2021\/01\/Compartilhada-do-Lightroom-mobile-1-1.jpg?resize=800%2C450&amp;ssl=1\" alt=\"\" data-id=\"13197\" data-full-url=\"https:\/\/i1.wp.com\/www.paudalho.pe.gov.br\/portal\/wp-content\/uploads\/2021\/01\/Compartilhada-do-Lightroom-mobile-1-1.jpg?fit=2048%2C922&amp;ssl=1\" data-link=\"https:\/\/www.paudalho.pe.gov.br\/portal\/?attachment_id=13197\" class=\"wp-image-13197\" srcset=\"https:\/\/www.paudalho.pe.gov.br\/portal\/wp-content\/uploads\/2021\/01\/Compartilhada-do-Lightroom-mobile-1-1.jpg 2048w, https:\/\/www.paudalho.pe.gov.br\/portal\/wp-content\/uploads\/2021\/01\/Compartilhada-do-Lightroom-mobile-1-1-768x346.jpg 768w, https:\/\/www.paudalho.pe.gov.br\/portal\/wp-content\/uploads\/2021\/01\/Compartilhada-do-Lightroom-mobile-1-1-1536x692.jpg 1536w\" sizes=\"auto, (max-width: 2048px) 100vw, 2048px\" \/><\/figure><\/li><li class=\"blocks-gallery-item\"><figure><img loading=\"lazy\" decoding=\"async\" width=\"2048\" height=\"922\" data-attachment-id=\"13199\" data-permalink=\"https:\/\/www.paudalho.pe.gov.br\/portal\/em-paudalho-conselheiros-do-comdica-assumiram-mandato-nesta-terca-feira-12\/compartilhada-do-lightroom-mobile-3\/\" data-orig-file=\"https:\/\/www.paudalho.pe.gov.br\/portal\/wp-content\/uploads\/2021\/01\/Compartilhada-do-Lightroom-mobile-3.jpg\" data-orig-size=\"2048,922\" data-comments-opened=\"1\" data-image-meta=\"{&quot;aperture&quot;:&quot;2.2&quot;,&quot;credit&quot;:&quot;&quot;,&quot;camera&quot;:&quot;SM-A515F&quot;,&quot;caption&quot;:&quot;&quot;,&quot;created_timestamp&quot;:&quot;0&quot;,&quot;copyright&quot;:&quot;&quot;,&quot;focal_length&quot;:&quot;1.74&quot;,&quot;iso&quot;:&quot;200&quot;,&quot;shutter_speed&quot;:&quot;0.04&quot;,&quot;title&quot;:&quot;&quot;,&quot;orientation&quot;:&quot;0&quot;}\" data-image-title=\"Compartilhada-do-Lightroom-mobile-3\" data-image-description=\"\" data-image-caption=\"\" data-medium-file=\"https:\/\/www.paudalho.pe.gov.br\/portal\/wp-content\/uploads\/2021\/01\/Compartilhada-do-Lightroom-mobile-3-350x230.jpg\" data-large-file=\"https:\/\/www.paudalho.pe.gov.br\/portal\/wp-content\/uploads\/2021\/01\/Compartilhada-do-Lightroom-mobile-3-800x450.jpg\" src=\"https:\/\/i0.wp.com\/www.paudalho.pe.gov.br\/portal\/wp-content\/uploads\/2021\/01\/Compartilhada-do-Lightroom-mobile-3.jpg?resize=800%2C450&amp;ssl=1\" alt=\"\" data-id=\"13199\" data-full-url=\"https:\/\/i0.wp.com\/www.paudalho.pe.gov.br\/portal\/wp-content\/uploads\/2021\/01\/Compartilhada-do-Lightroom-mobile-3.jpg?fit=2048%2C922&amp;ssl=1\" data-link=\"https:\/\/www.paudalho.pe.gov.br\/portal\/?attachment_id=13199\" class=\"wp-image-13199\" srcset=\"https:\/\/www.paudalho.pe.gov.br\/portal\/wp-content\/uploads\/2021\/01\/Compartilhada-do-Lightroom-mobile-3.jpg 2048w, https:\/\/www.paudalho.pe.gov.br\/portal\/wp-content\/uploads\/2021\/01\/Compartilhada-do-Lightroom-mobile-3-768x346.jpg 768w, https:\/\/www.paudalho.pe.gov.br\/portal\/wp-content\/uploads\/2021\/01\/Compartilhada-do-Lightroom-mobile-3-1536x692.jpg 1536w\" sizes=\"auto, (max-width: 2048px) 100vw, 2048px\" \/><\/figure><\/li><li class=\"blocks-gallery-item\"><figure><img loading=\"lazy\" decoding=\"async\" width=\"2048\" height=\"2048\" data-attachment-id=\"13200\" data-permalink=\"https:\/\/www.paudalho.pe.gov.br\/portal\/em-paudalho-conselheiros-do-comdica-assumiram-mandato-nesta-terca-feira-12\/compartilhada-do-lightroom-mobile\/\" data-orig-file=\"https:\/\/www.paudalho.pe.gov.br\/portal\/wp-content\/uploads\/2021\/01\/Compartilhada-do-Lightroom-mobile.jpg\" data-orig-size=\"2048,2048\" data-comments-opened=\"1\" data-image-meta=\"{&quot;aperture&quot;:&quot;2&quot;,&quot;credit&quot;:&quot;&quot;,&quot;camera&quot;:&quot;SM-A515F&quot;,&quot;caption&quot;:&quot;&quot;,&quot;created_timestamp&quot;:&quot;0&quot;,&quot;copyright&quot;:&quot;&quot;,&quot;focal_length&quot;:&quot;4.6&quot;,&quot;iso&quot;:&quot;320&quot;,&quot;shutter_speed&quot;:&quot;0.033333333333333&quot;,&quot;title&quot;:&quot;&quot;,&quot;orientation&quot;:&quot;0&quot;}\" data-image-title=\"Compartilhada-do-Lightroom-mobile\" data-image-description=\"\" data-image-caption=\"\" data-medium-file=\"https:\/\/www.paudalho.pe.gov.br\/portal\/wp-content\/uploads\/2021\/01\/Compartilhada-do-Lightroom-mobile-350x230.jpg\" data-large-file=\"https:\/\/www.paudalho.pe.gov.br\/portal\/wp-content\/uploads\/2021\/01\/Compartilhada-do-Lightroom-mobile-800x450.jpg\" src=\"https:\/\/i2.wp.com\/www.paudalho.pe.gov.br\/portal\/wp-content\/uploads\/2021\/01\/Compartilhada-do-Lightroom-mobile.jpg?resize=800%2C450&amp;ssl=1\" alt=\"\" data-id=\"13200\" data-full-url=\"https:\/\/i2.wp.com\/www.paudalho.pe.gov.br\/portal\/wp-content\/uploads\/2021\/01\/Compartilhada-do-Lightroom-mobile.jpg?fit=2048%2C2048&amp;ssl=1\" data-link=\"https:\/\/www.paudalho.pe.gov.br\/portal\/?attachment_id=13200\" class=\"wp-image-13200\" srcset=\"https:\/\/www.paudalho.pe.gov.br\/portal\/wp-content\/uploads\/2021\/01\/Compartilhada-do-Lightroom-mobile.jpg 2048w, https:\/\/www.paudalho.pe.gov.br\/portal\/wp-content\/uploads\/2021\/01\/Compartilhada-do-Lightroom-mobile-768x768.jpg 768w, https:\/\/www.paudalho.pe.gov.br\/portal\/wp-content\/uploads\/2021\/01\/Compartilhada-do-Lightroom-mobile-1536x1536.jpg 1536w\" sizes=\"auto, (max-width: 2048px) 100vw, 2048px\" \/><\/figure><\/li><li class=\"blocks-gallery-item\"><figure><img loading=\"lazy\" decoding=\"async\" width=\"922\" height=\"2048\" data-attachment-id=\"13184\" data-permalink=\"https:\/\/www.paudalho.pe.gov.br\/portal\/em-paudalho-conselheiros-do-comdica-assumiram-mandato-nesta-terca-feira-12\/20210112_102335\/\" data-orig-file=\"https:\/\/www.paudalho.pe.gov.br\/portal\/wp-content\/uploads\/2021\/01\/20210112_102335.jpg\" data-orig-size=\"922,2048\" data-comments-opened=\"1\" data-image-meta=\"{&quot;aperture&quot;:&quot;2&quot;,&quot;credit&quot;:&quot;&quot;,&quot;camera&quot;:&quot;SM-A515F&quot;,&quot;caption&quot;:&quot;&quot;,&quot;created_timestamp&quot;:&quot;0&quot;,&quot;copyright&quot;:&quot;&quot;,&quot;focal_length&quot;:&quot;4.6&quot;,&quot;iso&quot;:&quot;320&quot;,&quot;shutter_speed&quot;:&quot;0.04&quot;,&quot;title&quot;:&quot;&quot;,&quot;orientation&quot;:&quot;0&quot;}\" data-image-title=\"20210112_102335\" data-image-description=\"\" data-image-caption=\"\" data-medium-file=\"https:\/\/www.paudalho.pe.gov.br\/portal\/wp-content\/uploads\/2021\/01\/20210112_102335-350x230.jpg\" data-large-file=\"https:\/\/www.paudalho.pe.gov.br\/portal\/wp-content\/uploads\/2021\/01\/20210112_102335-800x450.jpg\" src=\"https:\/\/i0.wp.com\/www.paudalho.pe.gov.br\/portal\/wp-content\/uploads\/2021\/01\/20210112_102335.jpg?resize=800%2C450&amp;ssl=1\" alt=\"\" data-id=\"13184\" data-full-url=\"https:\/\/i0.wp.com\/www.paudalho.pe.gov.br\/portal\/wp-content\/uploads\/2021\/01\/20210112_102335.jpg?fit=922%2C2048&amp;ssl=1\" data-link=\"https:\/\/www.paudalho.pe.gov.br\/portal\/?attachment_id=13184\" class=\"wp-image-13184\" srcset=\"https:\/\/www.paudalho.pe.gov.br\/portal\/wp-content\/uploads\/2021\/01\/20210112_102335.jpg 922w, https:\/\/www.paudalho.pe.gov.br\/portal\/wp-content\/uploads\/2021\/01\/20210112_102335-768x1706.jpg 768w, https:\/\/www.paudalho.pe.gov.br\/portal\/wp-content\/uploads\/2021\/01\/20210112_102335-692x1536.jpg 692w\" sizes=\"auto, (max-width: 922px) 100vw, 922px\" \/><\/figure><\/li><li class=\"blocks-gallery-item\"><figure><img loading=\"lazy\" decoding=\"async\" width=\"922\" height=\"2048\" data-attachment-id=\"13186\" data-permalink=\"https:\/\/www.paudalho.pe.gov.br\/portal\/em-paudalho-conselheiros-do-comdica-assumiram-mandato-nesta-terca-feira-12\/20210112_102407\/\" data-orig-file=\"https:\/\/www.paudalho.pe.gov.br\/portal\/wp-content\/uploads\/2021\/01\/20210112_102407.jpg\" data-orig-size=\"922,2048\" data-comments-opened=\"1\" data-image-meta=\"{&quot;aperture&quot;:&quot;2&quot;,&quot;credit&quot;:&quot;&quot;,&quot;camera&quot;:&quot;SM-A515F&quot;,&quot;caption&quot;:&quot;&quot;,&quot;created_timestamp&quot;:&quot;0&quot;,&quot;copyright&quot;:&quot;&quot;,&quot;focal_length&quot;:&quot;4.6&quot;,&quot;iso&quot;:&quot;250&quot;,&quot;shutter_speed&quot;:&quot;0.033333333333333&quot;,&quot;title&quot;:&quot;&quot;,&quot;orientation&quot;:&quot;0&quot;}\" data-image-title=\"20210112_102407\" data-image-description=\"\" data-image-caption=\"\" data-medium-file=\"https:\/\/www.paudalho.pe.gov.br\/portal\/wp-content\/uploads\/2021\/01\/20210112_102407-350x230.jpg\" data-large-file=\"https:\/\/www.paudalho.pe.gov.br\/portal\/wp-content\/uploads\/2021\/01\/20210112_102407-800x450.jpg\" src=\"https:\/\/i1.wp.com\/www.paudalho.pe.gov.br\/portal\/wp-content\/uploads\/2021\/01\/20210112_102407.jpg?resize=800%2C450&amp;ssl=1\" alt=\"\" data-id=\"13186\" data-full-url=\"https:\/\/i1.wp.com\/www.paudalho.pe.gov.br\/portal\/wp-content\/uploads\/2021\/01\/20210112_102407.jpg?fit=922%2C2048&amp;ssl=1\" data-link=\"https:\/\/www.paudalho.pe.gov.br\/portal\/?attachment_id=13186\" class=\"wp-image-13186\" srcset=\"https:\/\/www.paudalho.pe.gov.br\/portal\/wp-content\/uploads\/2021\/01\/20210112_102407.jpg 922w, https:\/\/www.paudalho.pe.gov.br\/portal\/wp-content\/uploads\/2021\/01\/20210112_102407-768x1706.jpg 768w, https:\/\/www.paudalho.pe.gov.br\/portal\/wp-content\/uploads\/2021\/01\/20210112_102407-692x1536.jpg 692w\" sizes=\"auto, (max-width: 922px) 100vw, 922px\" \/><\/figure><\/li><li class=\"blocks-gallery-item\"><figure><img loading=\"lazy\" decoding=\"async\" width=\"922\" height=\"2048\" data-attachment-id=\"13187\" data-permalink=\"https:\/\/www.paudalho.pe.gov.br\/portal\/em-paudalho-conselheiros-do-comdica-assumiram-mandato-nesta-terca-feira-12\/20210112_102421\/\" data-orig-file=\"https:\/\/www.paudalho.pe.gov.br\/portal\/wp-content\/uploads\/2021\/01\/20210112_102421.jpg\" data-orig-size=\"922,2048\" data-comments-opened=\"1\" data-image-meta=\"{&quot;aperture&quot;:&quot;2&quot;,&quot;credit&quot;:&quot;&quot;,&quot;camera&quot;:&quot;SM-A515F&quot;,&quot;caption&quot;:&quot;&quot;,&quot;created_timestamp&quot;:&quot;0&quot;,&quot;copyright&quot;:&quot;&quot;,&quot;focal_length&quot;:&quot;4.6&quot;,&quot;iso&quot;:&quot;320&quot;,&quot;shutter_speed&quot;:&quot;0.033333333333333&quot;,&quot;title&quot;:&quot;&quot;,&quot;orientation&quot;:&quot;0&quot;}\" data-image-title=\"20210112_102421\" data-image-description=\"\" data-image-caption=\"\" data-medium-file=\"https:\/\/www.paudalho.pe.gov.br\/portal\/wp-content\/uploads\/2021\/01\/20210112_102421-350x230.jpg\" data-large-file=\"https:\/\/www.paudalho.pe.gov.br\/portal\/wp-content\/uploads\/2021\/01\/20210112_102421-800x450.jpg\" src=\"https:\/\/i0.wp.com\/www.paudalho.pe.gov.br\/portal\/wp-content\/uploads\/2021\/01\/20210112_102421.jpg?resize=800%2C450&amp;ssl=1\" alt=\"\" data-id=\"13187\" data-full-url=\"https:\/\/i0.wp.com\/www.paudalho.pe.gov.br\/portal\/wp-content\/uploads\/2021\/01\/20210112_102421.jpg?fit=922%2C2048&amp;ssl=1\" data-link=\"https:\/\/www.paudalho.pe.gov.br\/portal\/?attachment_id=13187\" class=\"wp-image-13187\" srcset=\"https:\/\/www.paudalho.pe.gov.br\/portal\/wp-content\/uploads\/2021\/01\/20210112_102421.jpg 922w, https:\/\/www.paudalho.pe.gov.br\/portal\/wp-content\/uploads\/2021\/01\/20210112_102421-768x1706.jpg 768w, https:\/\/www.paudalho.pe.gov.br\/portal\/wp-content\/uploads\/2021\/01\/20210112_102421-692x1536.jpg 692w\" sizes=\"auto, (max-width: 922px) 100vw, 922px\" \/><\/figure><\/li><li class=\"blocks-gallery-item\"><figure><img loading=\"lazy\" decoding=\"async\" width=\"922\" height=\"2048\" data-attachment-id=\"13185\" data-permalink=\"https:\/\/www.paudalho.pe.gov.br\/portal\/em-paudalho-conselheiros-do-comdica-assumiram-mandato-nesta-terca-feira-12\/20210112_102347\/\" data-orig-file=\"https:\/\/www.paudalho.pe.gov.br\/portal\/wp-content\/uploads\/2021\/01\/20210112_102347.jpg\" data-orig-size=\"922,2048\" data-comments-opened=\"1\" data-image-meta=\"{&quot;aperture&quot;:&quot;2&quot;,&quot;credit&quot;:&quot;&quot;,&quot;camera&quot;:&quot;SM-A515F&quot;,&quot;caption&quot;:&quot;&quot;,&quot;created_timestamp&quot;:&quot;0&quot;,&quot;copyright&quot;:&quot;&quot;,&quot;focal_length&quot;:&quot;4.6&quot;,&quot;iso&quot;:&quot;500&quot;,&quot;shutter_speed&quot;:&quot;0.04&quot;,&quot;title&quot;:&quot;&quot;,&quot;orientation&quot;:&quot;0&quot;}\" data-image-title=\"20210112_102347\" data-image-description=\"\" data-image-caption=\"\" data-medium-file=\"https:\/\/www.paudalho.pe.gov.br\/portal\/wp-content\/uploads\/2021\/01\/20210112_102347-350x230.jpg\" data-large-file=\"https:\/\/www.paudalho.pe.gov.br\/portal\/wp-content\/uploads\/2021\/01\/20210112_102347-800x450.jpg\" src=\"https:\/\/i1.wp.com\/www.paudalho.pe.gov.br\/portal\/wp-content\/uploads\/2021\/01\/20210112_102347.jpg?resize=800%2C450&amp;ssl=1\" alt=\"\" data-id=\"13185\" data-full-url=\"https:\/\/i1.wp.com\/www.paudalho.pe.gov.br\/portal\/wp-content\/uploads\/2021\/01\/20210112_102347.jpg?fit=922%2C2048&amp;ssl=1\" data-link=\"https:\/\/www.paudalho.pe.gov.br\/portal\/?attachment_id=13185\" class=\"wp-image-13185\" srcset=\"https:\/\/www.paudalho.pe.gov.br\/portal\/wp-content\/uploads\/2021\/01\/20210112_102347.jpg 922w, https:\/\/www.paudalho.pe.gov.br\/portal\/wp-content\/uploads\/2021\/01\/20210112_102347-768x1706.jpg 768w, https:\/\/www.paudalho.pe.gov.br\/portal\/wp-content\/uploads\/2021\/01\/20210112_102347-692x1536.jpg 692w\" sizes=\"auto, (max-width: 922px) 100vw, 922px\" \/><\/figure><\/li><li class=\"blocks-gallery-item\"><figure><img loading=\"lazy\" decoding=\"async\" width=\"922\" height=\"2048\" data-attachment-id=\"13188\" data-permalink=\"https:\/\/www.paudalho.pe.gov.br\/portal\/em-paudalho-conselheiros-do-comdica-assumiram-mandato-nesta-terca-feira-12\/20210112_102441\/\" data-orig-file=\"https:\/\/www.paudalho.pe.gov.br\/portal\/wp-content\/uploads\/2021\/01\/20210112_102441.jpg\" data-orig-size=\"922,2048\" data-comments-opened=\"1\" data-image-meta=\"{&quot;aperture&quot;:&quot;2&quot;,&quot;credit&quot;:&quot;&quot;,&quot;camera&quot;:&quot;SM-A515F&quot;,&quot;caption&quot;:&quot;&quot;,&quot;created_timestamp&quot;:&quot;0&quot;,&quot;copyright&quot;:&quot;&quot;,&quot;focal_length&quot;:&quot;4.6&quot;,&quot;iso&quot;:&quot;320&quot;,&quot;shutter_speed&quot;:&quot;0.033333333333333&quot;,&quot;title&quot;:&quot;&quot;,&quot;orientation&quot;:&quot;0&quot;}\" data-image-title=\"20210112_102441\" data-image-description=\"\" data-image-caption=\"\" data-medium-file=\"https:\/\/www.paudalho.pe.gov.br\/portal\/wp-content\/uploads\/2021\/01\/20210112_102441-350x230.jpg\" data-large-file=\"https:\/\/www.paudalho.pe.gov.br\/portal\/wp-content\/uploads\/2021\/01\/20210112_102441-800x450.jpg\" src=\"https:\/\/i2.wp.com\/www.paudalho.pe.gov.br\/portal\/wp-content\/uploads\/2021\/01\/20210112_102441.jpg?resize=800%2C450&amp;ssl=1\" alt=\"\" data-id=\"13188\" data-full-url=\"https:\/\/i2.wp.com\/www.paudalho.pe.gov.br\/portal\/wp-content\/uploads\/2021\/01\/20210112_102441.jpg?fit=922%2C2048&amp;ssl=1\" data-link=\"https:\/\/www.paudalho.pe.gov.br\/portal\/?attachment_id=13188\" class=\"wp-image-13188\" srcset=\"https:\/\/www.paudalho.pe.gov.br\/portal\/wp-content\/uploads\/2021\/01\/20210112_102441.jpg 922w, https:\/\/www.paudalho.pe.gov.br\/portal\/wp-content\/uploads\/2021\/01\/20210112_102441-768x1706.jpg 768w, https:\/\/www.paudalho.pe.gov.br\/portal\/wp-content\/uploads\/2021\/01\/20210112_102441-692x1536.jpg 692w\" sizes=\"auto, (max-width: 922px) 100vw, 922px\" \/><\/figure><\/li><li class=\"blocks-gallery-item\"><figure><img loading=\"lazy\" decoding=\"async\" width=\"922\" height=\"2048\" data-attachment-id=\"13193\" data-permalink=\"https:\/\/www.paudalho.pe.gov.br\/portal\/em-paudalho-conselheiros-do-comdica-assumiram-mandato-nesta-terca-feira-12\/20210112_102621\/\" data-orig-file=\"https:\/\/www.paudalho.pe.gov.br\/portal\/wp-content\/uploads\/2021\/01\/20210112_102621.jpg\" data-orig-size=\"922,2048\" data-comments-opened=\"1\" data-image-meta=\"{&quot;aperture&quot;:&quot;2&quot;,&quot;credit&quot;:&quot;&quot;,&quot;camera&quot;:&quot;SM-A515F&quot;,&quot;caption&quot;:&quot;&quot;,&quot;created_timestamp&quot;:&quot;0&quot;,&quot;copyright&quot;:&quot;&quot;,&quot;focal_length&quot;:&quot;4.6&quot;,&quot;iso&quot;:&quot;400&quot;,&quot;shutter_speed&quot;:&quot;0.033333333333333&quot;,&quot;title&quot;:&quot;&quot;,&quot;orientation&quot;:&quot;0&quot;}\" data-image-title=\"20210112_102621\" data-image-description=\"\" data-image-caption=\"\" data-medium-file=\"https:\/\/www.paudalho.pe.gov.br\/portal\/wp-content\/uploads\/2021\/01\/20210112_102621-350x230.jpg\" data-large-file=\"https:\/\/www.paudalho.pe.gov.br\/portal\/wp-content\/uploads\/2021\/01\/20210112_102621-800x450.jpg\" src=\"https:\/\/i2.wp.com\/www.paudalho.pe.gov.br\/portal\/wp-content\/uploads\/2021\/01\/20210112_102621.jpg?resize=800%2C450&amp;ssl=1\" alt=\"\" data-id=\"13193\" data-full-url=\"https:\/\/i2.wp.com\/www.paudalho.pe.gov.br\/portal\/wp-content\/uploads\/2021\/01\/20210112_102621.jpg?fit=922%2C2048&amp;ssl=1\" data-link=\"https:\/\/www.paudalho.pe.gov.br\/portal\/?attachment_id=13193\" class=\"wp-image-13193\" srcset=\"https:\/\/www.paudalho.pe.gov.br\/portal\/wp-content\/uploads\/2021\/01\/20210112_102621.jpg 922w, https:\/\/www.paudalho.pe.gov.br\/portal\/wp-content\/uploads\/2021\/01\/20210112_102621-768x1706.jpg 768w, https:\/\/www.paudalho.pe.gov.br\/portal\/wp-content\/uploads\/2021\/01\/20210112_102621-692x1536.jpg 692w\" sizes=\"auto, (max-width: 922px) 100vw, 922px\" \/><\/figure><\/li><li class=\"blocks-gallery-item\"><figure><img loading=\"lazy\" decoding=\"async\" width=\"922\" height=\"2048\" data-attachment-id=\"13189\" data-permalink=\"https:\/\/www.paudalho.pe.gov.br\/portal\/em-paudalho-conselheiros-do-comdica-assumiram-mandato-nesta-terca-feira-12\/20210112_102516\/\" data-orig-file=\"https:\/\/www.paudalho.pe.gov.br\/portal\/wp-content\/uploads\/2021\/01\/20210112_102516.jpg\" data-orig-size=\"922,2048\" data-comments-opened=\"1\" data-image-meta=\"{&quot;aperture&quot;:&quot;2&quot;,&quot;credit&quot;:&quot;&quot;,&quot;camera&quot;:&quot;SM-A515F&quot;,&quot;caption&quot;:&quot;&quot;,&quot;created_timestamp&quot;:&quot;0&quot;,&quot;copyright&quot;:&quot;&quot;,&quot;focal_length&quot;:&quot;4.6&quot;,&quot;iso&quot;:&quot;320&quot;,&quot;shutter_speed&quot;:&quot;0.025&quot;,&quot;title&quot;:&quot;&quot;,&quot;orientation&quot;:&quot;0&quot;}\" data-image-title=\"20210112_102516\" data-image-description=\"\" data-image-caption=\"\" data-medium-file=\"https:\/\/www.paudalho.pe.gov.br\/portal\/wp-content\/uploads\/2021\/01\/20210112_102516-350x230.jpg\" data-large-file=\"https:\/\/www.paudalho.pe.gov.br\/portal\/wp-content\/uploads\/2021\/01\/20210112_102516-800x450.jpg\" src=\"https:\/\/i0.wp.com\/www.paudalho.pe.gov.br\/portal\/wp-content\/uploads\/2021\/01\/20210112_102516.jpg?resize=800%2C450&amp;ssl=1\" alt=\"\" data-id=\"13189\" data-full-url=\"https:\/\/i0.wp.com\/www.paudalho.pe.gov.br\/portal\/wp-content\/uploads\/2021\/01\/20210112_102516.jpg?fit=922%2C2048&amp;ssl=1\" data-link=\"https:\/\/www.paudalho.pe.gov.br\/portal\/?attachment_id=13189\" class=\"wp-image-13189\" srcset=\"https:\/\/www.paudalho.pe.gov.br\/portal\/wp-content\/uploads\/2021\/01\/20210112_102516.jpg 922w, https:\/\/www.paudalho.pe.gov.br\/portal\/wp-content\/uploads\/2021\/01\/20210112_102516-768x1706.jpg 768w, https:\/\/www.paudalho.pe.gov.br\/portal\/wp-content\/uploads\/2021\/01\/20210112_102516-692x1536.jpg 692w\" sizes=\"auto, (max-width: 922px) 100vw, 922px\" \/><\/figure><\/li><li class=\"blocks-gallery-item\"><figure><img loading=\"lazy\" decoding=\"async\" width=\"922\" height=\"2048\" data-attachment-id=\"13190\" data-permalink=\"https:\/\/www.paudalho.pe.gov.br\/portal\/em-paudalho-conselheiros-do-comdica-assumiram-mandato-nesta-terca-feira-12\/20210112_102535\/\" data-orig-file=\"https:\/\/www.paudalho.pe.gov.br\/portal\/wp-content\/uploads\/2021\/01\/20210112_102535.jpg\" data-orig-size=\"922,2048\" data-comments-opened=\"1\" data-image-meta=\"{&quot;aperture&quot;:&quot;2&quot;,&quot;credit&quot;:&quot;&quot;,&quot;camera&quot;:&quot;SM-A515F&quot;,&quot;caption&quot;:&quot;&quot;,&quot;created_timestamp&quot;:&quot;0&quot;,&quot;copyright&quot;:&quot;&quot;,&quot;focal_length&quot;:&quot;4.6&quot;,&quot;iso&quot;:&quot;250&quot;,&quot;shutter_speed&quot;:&quot;0.025&quot;,&quot;title&quot;:&quot;&quot;,&quot;orientation&quot;:&quot;0&quot;}\" data-image-title=\"20210112_102535\" data-image-description=\"\" data-image-caption=\"\" data-medium-file=\"https:\/\/www.paudalho.pe.gov.br\/portal\/wp-content\/uploads\/2021\/01\/20210112_102535-350x230.jpg\" data-large-file=\"https:\/\/www.paudalho.pe.gov.br\/portal\/wp-content\/uploads\/2021\/01\/20210112_102535-800x450.jpg\" src=\"https:\/\/i2.wp.com\/www.paudalho.pe.gov.br\/portal\/wp-content\/uploads\/2021\/01\/20210112_102535.jpg?resize=800%2C450&amp;ssl=1\" alt=\"\" data-id=\"13190\" data-full-url=\"https:\/\/i2.wp.com\/www.paudalho.pe.gov.br\/portal\/wp-content\/uploads\/2021\/01\/20210112_102535.jpg?fit=922%2C2048&amp;ssl=1\" data-link=\"https:\/\/www.paudalho.pe.gov.br\/portal\/?attachment_id=13190\" class=\"wp-image-13190\" srcset=\"https:\/\/www.paudalho.pe.gov.br\/portal\/wp-content\/uploads\/2021\/01\/20210112_102535.jpg 922w, https:\/\/www.paudalho.pe.gov.br\/portal\/wp-content\/uploads\/2021\/01\/20210112_102535-768x1706.jpg 768w, https:\/\/www.paudalho.pe.gov.br\/portal\/wp-content\/uploads\/2021\/01\/20210112_102535-692x1536.jpg 692w\" sizes=\"auto, (max-width: 922px) 100vw, 922px\" \/><\/figure><\/li><li class=\"blocks-gallery-item\"><figure><img loading=\"lazy\" decoding=\"async\" width=\"922\" height=\"2048\" data-attachment-id=\"13191\" data-permalink=\"https:\/\/www.paudalho.pe.gov.br\/portal\/em-paudalho-conselheiros-do-comdica-assumiram-mandato-nesta-terca-feira-12\/20210112_102550\/\" data-orig-file=\"https:\/\/www.paudalho.pe.gov.br\/portal\/wp-content\/uploads\/2021\/01\/20210112_102550.jpg\" data-orig-size=\"922,2048\" data-comments-opened=\"1\" data-image-meta=\"{&quot;aperture&quot;:&quot;2&quot;,&quot;credit&quot;:&quot;&quot;,&quot;camera&quot;:&quot;SM-A515F&quot;,&quot;caption&quot;:&quot;&quot;,&quot;created_timestamp&quot;:&quot;0&quot;,&quot;copyright&quot;:&quot;&quot;,&quot;focal_length&quot;:&quot;4.6&quot;,&quot;iso&quot;:&quot;320&quot;,&quot;shutter_speed&quot;:&quot;0.033333333333333&quot;,&quot;title&quot;:&quot;&quot;,&quot;orientation&quot;:&quot;0&quot;}\" data-image-title=\"20210112_102550\" data-image-description=\"\" data-image-caption=\"\" data-medium-file=\"https:\/\/www.paudalho.pe.gov.br\/portal\/wp-content\/uploads\/2021\/01\/20210112_102550-350x230.jpg\" data-large-file=\"https:\/\/www.paudalho.pe.gov.br\/portal\/wp-content\/uploads\/2021\/01\/20210112_102550-800x450.jpg\" src=\"https:\/\/i0.wp.com\/www.paudalho.pe.gov.br\/portal\/wp-content\/uploads\/2021\/01\/20210112_102550.jpg?resize=800%2C450&amp;ssl=1\" alt=\"\" data-id=\"13191\" data-full-url=\"https:\/\/i0.wp.com\/www.paudalho.pe.gov.br\/portal\/wp-content\/uploads\/2021\/01\/20210112_102550.jpg?fit=922%2C2048&amp;ssl=1\" data-link=\"https:\/\/www.paudalho.pe.gov.br\/portal\/?attachment_id=13191\" class=\"wp-image-13191\" srcset=\"https:\/\/www.paudalho.pe.gov.br\/portal\/wp-content\/uploads\/2021\/01\/20210112_102550.jpg 922w, https:\/\/www.paudalho.pe.gov.br\/portal\/wp-content\/uploads\/2021\/01\/20210112_102550-768x1706.jpg 768w, https:\/\/www.paudalho.pe.gov.br\/portal\/wp-content\/uploads\/2021\/01\/20210112_102550-692x1536.jpg 692w\" sizes=\"auto, (max-width: 922px) 100vw, 922px\" \/><\/figure><\/li><li class=\"blocks-gallery-item\"><figure><img loading=\"lazy\" decoding=\"async\" width=\"922\" height=\"2048\" data-attachment-id=\"13192\" data-permalink=\"https:\/\/www.paudalho.pe.gov.br\/portal\/em-paudalho-conselheiros-do-comdica-assumiram-mandato-nesta-terca-feira-12\/20210112_102605\/\" data-orig-file=\"https:\/\/www.paudalho.pe.gov.br\/portal\/wp-content\/uploads\/2021\/01\/20210112_102605.jpg\" data-orig-size=\"922,2048\" data-comments-opened=\"1\" data-image-meta=\"{&quot;aperture&quot;:&quot;2&quot;,&quot;credit&quot;:&quot;&quot;,&quot;camera&quot;:&quot;SM-A515F&quot;,&quot;caption&quot;:&quot;&quot;,&quot;created_timestamp&quot;:&quot;0&quot;,&quot;copyright&quot;:&quot;&quot;,&quot;focal_length&quot;:&quot;4.6&quot;,&quot;iso&quot;:&quot;250&quot;,&quot;shutter_speed&quot;:&quot;0.033333333333333&quot;,&quot;title&quot;:&quot;&quot;,&quot;orientation&quot;:&quot;0&quot;}\" data-image-title=\"20210112_102605\" data-image-description=\"\" data-image-caption=\"\" data-medium-file=\"https:\/\/www.paudalho.pe.gov.br\/portal\/wp-content\/uploads\/2021\/01\/20210112_102605-350x230.jpg\" data-large-file=\"https:\/\/www.paudalho.pe.gov.br\/portal\/wp-content\/uploads\/2021\/01\/20210112_102605-800x450.jpg\" src=\"https:\/\/i0.wp.com\/www.paudalho.pe.gov.br\/portal\/wp-content\/uploads\/2021\/01\/20210112_102605.jpg?resize=800%2C450&amp;ssl=1\" alt=\"\" data-id=\"13192\" data-full-url=\"https:\/\/i0.wp.com\/www.paudalho.pe.gov.br\/portal\/wp-content\/uploads\/2021\/01\/20210112_102605.jpg?fit=922%2C2048&amp;ssl=1\" data-link=\"https:\/\/www.paudalho.pe.gov.br\/portal\/?attachment_id=13192\" class=\"wp-image-13192\" srcset=\"https:\/\/www.paudalho.pe.gov.br\/portal\/wp-content\/uploads\/2021\/01\/20210112_102605.jpg 922w, https:\/\/www.paudalho.pe.gov.br\/portal\/wp-content\/uploads\/2021\/01\/20210112_102605-768x1706.jpg 768w, https:\/\/www.paudalho.pe.gov.br\/portal\/wp-content\/uploads\/2021\/01\/20210112_102605-692x1536.jpg 692w\" sizes=\"auto, (max-width: 922px) 100vw, 922px\" \/><\/figure><\/li><\/ul><\/figure>\n\n\n\n<p><\/p>\n","protected":false},"excerpt":{"rendered":"<p>Na manh\u00e3 desta ter\u00e7a-feira (12), a Prefeitura do Paudalho realizou a cerim\u00f4nia de posse do Conselho Municipal dos Direitos da Crian\u00e7a e do Adolescente (COMDICA). Durante a ocasi\u00e3o, como institu\u00eddo na Lei Municipal N\u00ba 494\/2011, dez conselheiros titulares e dez suplentes assumiram o mandato para o quadri\u00eanio 2021\/2024.  <\/p>\n","protected":false},"author":6,"featured_media":13183,"comment_status":"open","ping_status":"open","sticky":false,"template":"","format":"standard","meta":{"_jetpack_newsletter_access":"","_jetpack_dont_email_post_to_subs":false,"_jetpack_newsletter_tier_id":0,"_jetpack_memberships_contains_paywalled_content":false,"_jetpack_memberships_contains_paid_content":false,"footnotes":""},"categories":[2,1],"tags":[708,180],"class_list":["post-13134","post","type-post","status-publish","format-standard","has-post-thumbnail","hentry","category-destaque","category-noticias","tag-cerimonia-de-posse","tag-comdica"],"jetpack_featured_media_url":"https:\/\/www.paudalho.pe.gov.br\/portal\/wp-content\/uploads\/2021\/01\/Compartilhada-do-Lightroom-mobile-1.jpg","jetpack_sharing_enabled":true,"jetpack_shortlink":"https:\/\/wp.me\/p98mS2-3pQ","_links":{"self":[{"href":"https:\/\/www.paudalho.pe.gov.br\/portal\/wp-json\/wp\/v2\/posts\/13134","targetHints":{"allow":["GET"]}}],"collection":[{"href":"https:\/\/www.paudalho.pe.gov.br\/portal\/wp-json\/wp\/v2\/posts"}],"about":[{"href":"https:\/\/www.paudalho.pe.gov.br\/portal\/wp-json\/wp\/v2\/types\/post"}],"author":[{"embeddable":true,"href":"https:\/\/www.paudalho.pe.gov.br\/portal\/wp-json\/wp\/v2\/users\/6"}],"replies":[{"embeddable":true,"href":"https:\/\/www.paudalho.pe.gov.br\/portal\/wp-json\/wp\/v2\/comments?post=13134"}],"version-history":[{"count":13,"href":"https:\/\/www.paudalho.pe.gov.br\/portal\/wp-json\/wp\/v2\/posts\/13134\/revisions"}],"predecessor-version":[{"id":13202,"href":"https:\/\/www.paudalho.pe.gov.br\/portal\/wp-json\/wp\/v2\/posts\/13134\/revisions\/13202"}],"wp:featuredmedia":[{"embeddable":true,"href":"https:\/\/www.paudalho.pe.gov.br\/portal\/wp-json\/wp\/v2\/media\/13183"}],"wp:attachment":[{"href":"https:\/\/www.paudalho.pe.gov.br\/portal\/wp-json\/wp\/v2\/media?parent=13134"}],"wp:term":[{"taxonomy":"category","embeddable":true,"href":"https:\/\/www.paudalho.pe.gov.br\/portal\/wp-json\/wp\/v2\/categories?post=13134"},{"taxonomy":"post_tag","embeddable":true,"href":"https:\/\/www.paudalho.pe.gov.br\/portal\/wp-json\/wp\/v2\/tags?post=13134"}],"curies":[{"name":"wp","href":"https:\/\/api.w.org\/{rel}","templated":true}]}}