{"id":1306,"date":"2017-09-26T15:57:51","date_gmt":"2017-09-26T18:57:51","guid":{"rendered":"http:\/\/www.paudalho.pe.gov.br\/portal\/?p=1306"},"modified":"2017-09-26T15:57:51","modified_gmt":"2017-09-26T18:57:51","slug":"reforma-do-colegio-municipal-de-guadalajara-segue-a-todo-vapor","status":"publish","type":"post","link":"https:\/\/www.paudalho.pe.gov.br\/portal\/reforma-do-colegio-municipal-de-guadalajara-segue-a-todo-vapor\/","title":{"rendered":"Reforma do Col\u00e9gio Municipal de Guadalajara segue a todo vapor"},"content":{"rendered":"<div align=\"left\">\n<p dir=\"ltr\">Paudalho tem servi\u00e7o e avan\u00e7o!<\/p>\n<p dir=\"ltr\">O prefeito Marcelo Gouveio visitou juntamente com o secret\u00e1rio de Obras e Servi\u00e7os P\u00fablicos, Gustavo Gouveia e o ex-prefeito da cidade, Eufr\u00e1sio Gouveia, as obras de reforma e amplia\u00e7\u00e3o do Col\u00e9gio Municipal de Guadalajara (CMG), nesta segunda-feira (25). A visita do gestor teve o objetivo de acompanhar de perto o processo de reconstru\u00e7\u00e3o da unidade de ensino. A previs\u00e3o \u00e9 que a obra seja entregue no final de outubro.<\/p>\n<div id=\"attachment_1308\" style=\"width: 310px\" class=\"wp-caption alignnone\"><img loading=\"lazy\" decoding=\"async\" aria-describedby=\"caption-attachment-1308\" data-attachment-id=\"1308\" data-permalink=\"https:\/\/www.paudalho.pe.gov.br\/portal\/reforma-do-colegio-municipal-de-guadalajara-segue-a-todo-vapor\/img-20170926-wa0043\/\" data-orig-file=\"https:\/\/www.paudalho.pe.gov.br\/portal\/wp-content\/uploads\/2017\/09\/IMG-20170926-WA0043.jpg\" data-orig-size=\"1280,853\" data-comments-opened=\"1\" data-image-meta=\"{&quot;aperture&quot;:&quot;0&quot;,&quot;credit&quot;:&quot;&quot;,&quot;camera&quot;:&quot;&quot;,&quot;caption&quot;:&quot;&quot;,&quot;created_timestamp&quot;:&quot;0&quot;,&quot;copyright&quot;:&quot;&quot;,&quot;focal_length&quot;:&quot;0&quot;,&quot;iso&quot;:&quot;0&quot;,&quot;shutter_speed&quot;:&quot;0&quot;,&quot;title&quot;:&quot;&quot;,&quot;orientation&quot;:&quot;0&quot;}\" data-image-title=\"IMG-20170926-WA0043\" data-image-description=\"\" data-image-caption=\"&lt;p&gt;Foto: Isak de Castro\/Comunica\u00e7\u00e3oPrefeituradePaudalho&lt;\/p&gt;\n\" data-medium-file=\"https:\/\/www.paudalho.pe.gov.br\/portal\/wp-content\/uploads\/2017\/09\/IMG-20170926-WA0043-350x230.jpg\" data-large-file=\"https:\/\/www.paudalho.pe.gov.br\/portal\/wp-content\/uploads\/2017\/09\/IMG-20170926-WA0043-800x450.jpg\" class=\"size-medium wp-image-1308\" src=\"http:\/\/www.paudalho.pe.gov.br\/portal\/wp-content\/uploads\/2017\/09\/IMG-20170926-WA0043-350x230.jpg\" alt=\"\" width=\"300\" height=\"197\" \/><p id=\"caption-attachment-1308\" class=\"wp-caption-text\">Foto: Isak de Castro\/Comunica\u00e7\u00e3oPrefeituradePaudalho<\/p><\/div>\n<div id=\"attachment_1310\" style=\"width: 310px\" class=\"wp-caption alignnone\"><img loading=\"lazy\" decoding=\"async\" aria-describedby=\"caption-attachment-1310\" data-attachment-id=\"1310\" data-permalink=\"https:\/\/www.paudalho.pe.gov.br\/portal\/reforma-do-colegio-municipal-de-guadalajara-segue-a-todo-vapor\/img-20170926-wa0041\/\" data-orig-file=\"https:\/\/www.paudalho.pe.gov.br\/portal\/wp-content\/uploads\/2017\/09\/IMG-20170926-WA0041.jpg\" data-orig-size=\"1280,853\" data-comments-opened=\"1\" data-image-meta=\"{&quot;aperture&quot;:&quot;0&quot;,&quot;credit&quot;:&quot;&quot;,&quot;camera&quot;:&quot;&quot;,&quot;caption&quot;:&quot;&quot;,&quot;created_timestamp&quot;:&quot;0&quot;,&quot;copyright&quot;:&quot;&quot;,&quot;focal_length&quot;:&quot;0&quot;,&quot;iso&quot;:&quot;0&quot;,&quot;shutter_speed&quot;:&quot;0&quot;,&quot;title&quot;:&quot;&quot;,&quot;orientation&quot;:&quot;0&quot;}\" data-image-title=\"IMG-20170926-WA0041\" data-image-description=\"\" data-image-caption=\"&lt;p&gt;Foto: Isak de Castro\/Comunica\u00e7\u00e3oPrefeituradePaudalho&lt;\/p&gt;\n\" data-medium-file=\"https:\/\/www.paudalho.pe.gov.br\/portal\/wp-content\/uploads\/2017\/09\/IMG-20170926-WA0041-350x230.jpg\" data-large-file=\"https:\/\/www.paudalho.pe.gov.br\/portal\/wp-content\/uploads\/2017\/09\/IMG-20170926-WA0041-800x450.jpg\" class=\"size-medium wp-image-1310\" src=\"http:\/\/www.paudalho.pe.gov.br\/portal\/wp-content\/uploads\/2017\/09\/IMG-20170926-WA0041-350x230.jpg\" alt=\"\" width=\"300\" height=\"197\" \/><p id=\"caption-attachment-1310\" class=\"wp-caption-text\">Foto: Isak de Castro\/Comunica\u00e7\u00e3oPrefeituradePaudalho<\/p><\/div>\n<\/div>\n<div align=\"left\">\n<h2><strong>Muito trabalho em pouco tempo<\/strong><\/h2>\n<\/div>\n<div align=\"left\">\n<p dir=\"ltr\">As obras come\u00e7aram em junho deste ano e o Col\u00e9gio ser\u00e1 reinaugurado, totalmente transformado como o paudalhense merece. \u00c9 muito trabalho em pouco tempo.<\/p>\n<\/div>\n<div align=\"left\">\n<p dir=\"ltr\"><strong>Veja como o CMG ficar\u00e1:<\/strong><\/p>\n<\/div>\n<p dir=\"ltr\"><img loading=\"lazy\" decoding=\"async\" data-attachment-id=\"1307\" data-permalink=\"https:\/\/www.paudalho.pe.gov.br\/portal\/reforma-do-colegio-municipal-de-guadalajara-segue-a-todo-vapor\/5a6350bc-7c10-43e3-bbf9-848bbf427502-2\/\" data-orig-file=\"https:\/\/www.paudalho.pe.gov.br\/portal\/wp-content\/uploads\/2017\/09\/5a6350bc-7c10-43e3-bbf9-848bbf427502.jpg\" data-orig-size=\"862,566\" data-comments-opened=\"1\" data-image-meta=\"{&quot;aperture&quot;:&quot;0&quot;,&quot;credit&quot;:&quot;&quot;,&quot;camera&quot;:&quot;&quot;,&quot;caption&quot;:&quot;&quot;,&quot;created_timestamp&quot;:&quot;0&quot;,&quot;copyright&quot;:&quot;&quot;,&quot;focal_length&quot;:&quot;0&quot;,&quot;iso&quot;:&quot;0&quot;,&quot;shutter_speed&quot;:&quot;0&quot;,&quot;title&quot;:&quot;&quot;,&quot;orientation&quot;:&quot;0&quot;}\" data-image-title=\"5a6350bc-7c10-43e3-bbf9-848bbf427502\" data-image-description=\"\" data-image-caption=\"\" data-medium-file=\"https:\/\/www.paudalho.pe.gov.br\/portal\/wp-content\/uploads\/2017\/09\/5a6350bc-7c10-43e3-bbf9-848bbf427502-350x230.jpg\" data-large-file=\"https:\/\/www.paudalho.pe.gov.br\/portal\/wp-content\/uploads\/2017\/09\/5a6350bc-7c10-43e3-bbf9-848bbf427502-800x450.jpg\" class=\"alignnone size-medium wp-image-1307\" src=\"http:\/\/www.paudalho.pe.gov.br\/portal\/wp-content\/uploads\/2017\/09\/5a6350bc-7c10-43e3-bbf9-848bbf427502-350x230.jpg\" alt=\"\" width=\"300\" height=\"197\" srcset=\"https:\/\/www.paudalho.pe.gov.br\/portal\/wp-content\/uploads\/2017\/09\/5a6350bc-7c10-43e3-bbf9-848bbf427502-350x230.jpg 350w, https:\/\/www.paudalho.pe.gov.br\/portal\/wp-content\/uploads\/2017\/09\/5a6350bc-7c10-43e3-bbf9-848bbf427502-768x504.jpg 768w, https:\/\/www.paudalho.pe.gov.br\/portal\/wp-content\/uploads\/2017\/09\/5a6350bc-7c10-43e3-bbf9-848bbf427502.jpg 862w\" sizes=\"auto, (max-width: 300px) 100vw, 300px\" \/><\/p>\n<h2><strong>Escolas ganham nova hist\u00f3ria<\/strong><\/h2>\n<p dir=\"ltr\">E n\u00e3o s\u00f3 foi a unidade que recebeu o investimento: no come\u00e7o de setembro foi entregue a reforma da Escola Municipal de Guadalajara, conhecida popularmente como Casar\u00e3o. O local estava h\u00e1 quase 12 anos sem uma a\u00e7\u00e3o da Prefeitura do Paudalho, com estrutura defasada e isso comprometia o rendimento dos alunos e o bem-estar da popula\u00e7\u00e3o. Com a alta tecnologia, chamada de Light Woll, que permite a constru\u00e7\u00e3o r\u00e1pida, em 21 dias foram feitas tr\u00eas novas salas de aula na Escola.<\/p>\n<div id=\"attachment_1311\" style=\"width: 310px\" class=\"wp-caption alignnone\"><img loading=\"lazy\" decoding=\"async\" aria-describedby=\"caption-attachment-1311\" data-attachment-id=\"1311\" data-permalink=\"https:\/\/www.paudalho.pe.gov.br\/portal\/reforma-do-colegio-municipal-de-guadalajara-segue-a-todo-vapor\/d7300961-9249-408e-a547-b554b31622e9-3\/\" data-orig-file=\"https:\/\/www.paudalho.pe.gov.br\/portal\/wp-content\/uploads\/2017\/09\/d7300961-9249-408e-a547-b554b31622e9-2.jpg\" data-orig-size=\"600,394\" data-comments-opened=\"1\" data-image-meta=\"{&quot;aperture&quot;:&quot;0&quot;,&quot;credit&quot;:&quot;&quot;,&quot;camera&quot;:&quot;&quot;,&quot;caption&quot;:&quot;&quot;,&quot;created_timestamp&quot;:&quot;0&quot;,&quot;copyright&quot;:&quot;&quot;,&quot;focal_length&quot;:&quot;0&quot;,&quot;iso&quot;:&quot;0&quot;,&quot;shutter_speed&quot;:&quot;0&quot;,&quot;title&quot;:&quot;&quot;,&quot;orientation&quot;:&quot;0&quot;}\" data-image-title=\"d7300961-9249-408e-a547-b554b31622e9\" data-image-description=\"\" data-image-caption=\"&lt;p&gt;Foto: Isak de Castro\/Comunica\u00e7\u00e3oPrefeituradePaudalho&lt;\/p&gt;\n\" data-medium-file=\"https:\/\/www.paudalho.pe.gov.br\/portal\/wp-content\/uploads\/2017\/09\/d7300961-9249-408e-a547-b554b31622e9-2-350x230.jpg\" data-large-file=\"https:\/\/www.paudalho.pe.gov.br\/portal\/wp-content\/uploads\/2017\/09\/d7300961-9249-408e-a547-b554b31622e9-2.jpg\" class=\"size-medium wp-image-1311\" src=\"http:\/\/www.paudalho.pe.gov.br\/portal\/wp-content\/uploads\/2017\/09\/d7300961-9249-408e-a547-b554b31622e9-2-350x230.jpg\" alt=\"\" width=\"300\" height=\"197\" srcset=\"https:\/\/www.paudalho.pe.gov.br\/portal\/wp-content\/uploads\/2017\/09\/d7300961-9249-408e-a547-b554b31622e9-2-350x230.jpg 350w, https:\/\/www.paudalho.pe.gov.br\/portal\/wp-content\/uploads\/2017\/09\/d7300961-9249-408e-a547-b554b31622e9-2.jpg 600w\" sizes=\"auto, (max-width: 300px) 100vw, 300px\" \/><p id=\"caption-attachment-1311\" class=\"wp-caption-text\">Foto: Isak de Castro\/Comunica\u00e7\u00e3oPrefeituradePaudalho<\/p><\/div>\n<p dir=\"ltr\">\n\u00c9 a Prefeitura do Paudalho mostrando que, com o apoio da popula\u00e7\u00e3o, o trabalho pode ser feito.<\/p>\n<p dir=\"ltr\">\n<h3><strong>Leia mais:\u00a0<\/strong><\/h3>\n<h3><a href=\"http:\/\/www.paudalho.pe.gov.br\/portal\/em-entrevista-a-radio-clube-secretario-de-obras-detalha-avancos-em-paudalho\/\" target=\"_blank\" rel=\"noopener\">Em entrevista a R\u00e1dio Clube, secret\u00e1rio de Obras detalha avan\u00e7os em Paudalho<\/a><\/h3>\n<h3><a href=\"http:\/\/www.paudalho.pe.gov.br\/portal\/qualidade-de-vida-para-os-alunos-diz-secretario-de-obras-sobre-reinauguracao-da-escola-municipal-de-guadalajara\/\" target=\"_blank\" rel=\"noopener\">\u201cQualidade de vida para os alunos\u201d, diz secret\u00e1rio de Obras sobre reinaugura\u00e7\u00e3o da Escola Municipal de Guadalajara<\/a><\/h3>\n<h3><a href=\"http:\/\/www.paudalho.pe.gov.br\/portal\/secretaria-de-obras-supera-obstaculos-e-recupera-13-escolas-e-oito-postos-de-saude\/\" target=\"_blank\" rel=\"noopener\">Secretaria de Obras supera obst\u00e1culos e recupera 13 postos de sa\u00fade e oito escolas<\/a><\/h3>\n<p>&nbsp;<\/p>\n<p>&nbsp;<\/p>\n","protected":false},"excerpt":{"rendered":"<p>Paudalho tem servi\u00e7o e avan\u00e7o! O prefeito Marcelo Gouveio visitou juntamente com o secret\u00e1rio de Obras e Servi\u00e7os P\u00fablicos, Gustavo Gouveia e o ex-prefeito da cidade, Eufr\u00e1sio Gouveia, as obras de reforma e amplia\u00e7\u00e3o do Col\u00e9gio Municipal de Guadalajara (CMG), nesta segunda-feira (25). A visita do gestor teve o objetivo de acompanhar de perto o [&hellip;]<\/p>\n","protected":false},"author":4,"featured_media":1309,"comment_status":"open","ping_status":"open","sticky":false,"template":"","format":"standard","meta":{"_jetpack_newsletter_access":"","_jetpack_dont_email_post_to_subs":false,"_jetpack_newsletter_tier_id":0,"_jetpack_memberships_contains_paywalled_content":false,"_jetpack_memberships_contains_paid_content":false,"footnotes":""},"categories":[2,1,35],"tags":[61,36],"class_list":["post-1306","post","type-post","status-publish","format-standard","has-post-thumbnail","hentry","category-destaque","category-noticias","category-obras","tag-colegio-municipal-de-guadalajara","tag-obras"],"jetpack_featured_media_url":"https:\/\/www.paudalho.pe.gov.br\/portal\/wp-content\/uploads\/2017\/09\/IMG-20170926-WA0042.jpg","jetpack_sharing_enabled":true,"jetpack_shortlink":"https:\/\/wp.me\/p98mS2-l4","_links":{"self":[{"href":"https:\/\/www.paudalho.pe.gov.br\/portal\/wp-json\/wp\/v2\/posts\/1306","targetHints":{"allow":["GET"]}}],"collection":[{"href":"https:\/\/www.paudalho.pe.gov.br\/portal\/wp-json\/wp\/v2\/posts"}],"about":[{"href":"https:\/\/www.paudalho.pe.gov.br\/portal\/wp-json\/wp\/v2\/types\/post"}],"author":[{"embeddable":true,"href":"https:\/\/www.paudalho.pe.gov.br\/portal\/wp-json\/wp\/v2\/users\/4"}],"replies":[{"embeddable":true,"href":"https:\/\/www.paudalho.pe.gov.br\/portal\/wp-json\/wp\/v2\/comments?post=1306"}],"version-history":[{"count":1,"href":"https:\/\/www.paudalho.pe.gov.br\/portal\/wp-json\/wp\/v2\/posts\/1306\/revisions"}],"predecessor-version":[{"id":1312,"href":"https:\/\/www.paudalho.pe.gov.br\/portal\/wp-json\/wp\/v2\/posts\/1306\/revisions\/1312"}],"wp:featuredmedia":[{"embeddable":true,"href":"https:\/\/www.paudalho.pe.gov.br\/portal\/wp-json\/wp\/v2\/media\/1309"}],"wp:attachment":[{"href":"https:\/\/www.paudalho.pe.gov.br\/portal\/wp-json\/wp\/v2\/media?parent=1306"}],"wp:term":[{"taxonomy":"category","embeddable":true,"href":"https:\/\/www.paudalho.pe.gov.br\/portal\/wp-json\/wp\/v2\/categories?post=1306"},{"taxonomy":"post_tag","embeddable":true,"href":"https:\/\/www.paudalho.pe.gov.br\/portal\/wp-json\/wp\/v2\/tags?post=1306"}],"curies":[{"name":"wp","href":"https:\/\/api.w.org\/{rel}","templated":true}]}}