{"id":13012,"date":"2021-01-06T14:35:35","date_gmt":"2021-01-06T17:35:35","guid":{"rendered":"https:\/\/www.paudalho.pe.gov.br\/portal\/?p=13012"},"modified":"2025-01-08T00:39:49","modified_gmt":"2025-01-08T03:39:49","slug":"secretaria-municipal-de-educacao-realiza-levantamento-sobre-a-volta-as-aulas-de-2021","status":"publish","type":"post","link":"https:\/\/www.paudalho.pe.gov.br\/portal\/secretaria-municipal-de-educacao-realiza-levantamento-sobre-a-volta-as-aulas-de-2021\/","title":{"rendered":"Secretaria Municipal de Educa\u00e7\u00e3o realiza levantamento sobre a volta \u00e0s aulas de 2021"},"content":{"rendered":"\n<p>Em raz\u00e3o da pandemia do Covid-19, a volta \u00e0s aulas de 2021 ocorrer\u00e1 de forma diferente dos anos letivos anteriores. Durante os \u00faltimos meses, a Secretaria Municipal de Educa\u00e7\u00e3o (SEDUC) realizou um planejamento para garantir a seguran\u00e7a dos estudantes, dos professores e demais profissionais. Como parte dessa prepara\u00e7\u00e3o, a SEDUC convida os pais e respons\u00e1veis pelos alunos para participarem de um levantamento sobre o retorno das atividades escolares. A pesquisa ser\u00e1 realizada por meio de um formul\u00e1rio disponibilizado em cada uma das institui\u00e7\u00f5es de ensino do munic\u00edpio.<\/p>\n\n\n\n<p>Os respons\u00e1veis dever\u00e3o se deslocar at\u00e9 a escola em que o (s) aluno (s) est\u00e1 matriculado no dia estabelecido por meio do cronograma da Secretaria, dispon\u00edvel abaixo, e preencher o documento. Para auxiliar nessa a\u00e7\u00e3o,&nbsp; amanh\u00e3 (07), uma reuni\u00e3o online ser\u00e1 realizada com os gestores das escolas atrav\u00e9s do aplicativo de videoconfer\u00eancia Google Meet. No encontro ser\u00e3o repassadas instru\u00e7\u00f5es sobre como prestar aux\u00edlio e orienta\u00e7\u00e3o durante o preenchimento.&nbsp;&nbsp;<\/p>\n\n\n\n<h3 class=\"wp-block-heading\"><strong>Confira o cronograma abaixo:<\/strong><\/h3>\n\n\n\n<figure class=\"wp-block-table is-style-stripes\"><table><tbody><tr><td><strong>ATIVIDADE<\/strong><\/td><td><strong>DATA<\/strong><\/td><td><strong>LOCAL<\/strong><\/td><\/tr><tr><td>Preenchimento do documento com os estudantes veteranos e com os novos estudantes oriundos da Rede Municipal de Ensino.&nbsp;<br><\/td><td>De 11 a 15 de janeiro&nbsp;<\/td><td>Em cada escola<br><\/td><\/tr><tr><td>Preenchimento do formul\u00e1rio com os retardat\u00e1rios e com os novos estudantes oriundos do lar e de outras escolas: Rede Estadual e Privada.<br><\/td><td>De 18 e 22 de janeiro&nbsp;<\/td><td>Em cada escola<\/td><\/tr><tr><td>Conclus\u00e3o da inser\u00e7\u00e3o das informa\u00e7\u00f5es no sistema e envio para o e-mail da Secretaria de Educa\u00e7\u00e3o (SEDUC).<br><\/td><td>22 de janeiro&nbsp;<\/td><td>Em cada escola<\/td><\/tr><\/tbody><\/table><\/figure>\n","protected":false},"excerpt":{"rendered":"<p>Em raz\u00e3o da pandemia do Covid-19, a volta \u00e0s aulas de 2021 ocorrer\u00e1 de forma diferente dos anos letivos anteriores. Durante os \u00faltimos meses, a Secretaria Municipal de Educa\u00e7\u00e3o (SEDUC) realizou um planejamento para garantir a seguran\u00e7a dos estudantes, dos professores e demais profissionais. Como parte dessa prepara\u00e7\u00e3o, a SEDUC convida os pais e respons\u00e1veis [&hellip;]<\/p>\n","protected":false},"author":6,"featured_media":6283,"comment_status":"open","ping_status":"open","sticky":false,"template":"","format":"standard","meta":{"_jetpack_newsletter_access":"","_jetpack_dont_email_post_to_subs":false,"_jetpack_newsletter_tier_id":0,"_jetpack_memberships_contains_paywalled_content":false,"_jetpack_memberships_contains_paid_content":false,"footnotes":""},"categories":[2,4,1],"tags":[30,106,701],"class_list":["post-13012","post","type-post","status-publish","format-standard","has-post-thumbnail","hentry","category-destaque","category-educacao","category-noticias","tag-educacao","tag-secretaria-de-educacao","tag-volta-as-aulas"],"jetpack_featured_media_url":"https:\/\/www.paudalho.pe.gov.br\/portal\/wp-content\/uploads\/2019\/02\/8f9a4205-c7a8-4985-984f-fb03eb8348fe.jpg","jetpack_sharing_enabled":true,"jetpack_shortlink":"https:\/\/wp.me\/p98mS2-3nS","_links":{"self":[{"href":"https:\/\/www.paudalho.pe.gov.br\/portal\/wp-json\/wp\/v2\/posts\/13012","targetHints":{"allow":["GET"]}}],"collection":[{"href":"https:\/\/www.paudalho.pe.gov.br\/portal\/wp-json\/wp\/v2\/posts"}],"about":[{"href":"https:\/\/www.paudalho.pe.gov.br\/portal\/wp-json\/wp\/v2\/types\/post"}],"author":[{"embeddable":true,"href":"https:\/\/www.paudalho.pe.gov.br\/portal\/wp-json\/wp\/v2\/users\/6"}],"replies":[{"embeddable":true,"href":"https:\/\/www.paudalho.pe.gov.br\/portal\/wp-json\/wp\/v2\/comments?post=13012"}],"version-history":[{"count":8,"href":"https:\/\/www.paudalho.pe.gov.br\/portal\/wp-json\/wp\/v2\/posts\/13012\/revisions"}],"predecessor-version":[{"id":13020,"href":"https:\/\/www.paudalho.pe.gov.br\/portal\/wp-json\/wp\/v2\/posts\/13012\/revisions\/13020"}],"wp:featuredmedia":[{"embeddable":true,"href":"https:\/\/www.paudalho.pe.gov.br\/portal\/wp-json\/wp\/v2\/media\/6283"}],"wp:attachment":[{"href":"https:\/\/www.paudalho.pe.gov.br\/portal\/wp-json\/wp\/v2\/media?parent=13012"}],"wp:term":[{"taxonomy":"category","embeddable":true,"href":"https:\/\/www.paudalho.pe.gov.br\/portal\/wp-json\/wp\/v2\/categories?post=13012"},{"taxonomy":"post_tag","embeddable":true,"href":"https:\/\/www.paudalho.pe.gov.br\/portal\/wp-json\/wp\/v2\/tags?post=13012"}],"curies":[{"name":"wp","href":"https:\/\/api.w.org\/{rel}","templated":true}]}}