{"id":12959,"date":"2021-01-04T13:53:30","date_gmt":"2021-01-04T16:53:30","guid":{"rendered":"https:\/\/www.paudalho.pe.gov.br\/portal\/?p=12959"},"modified":"2025-01-08T00:39:49","modified_gmt":"2025-01-08T03:39:49","slug":"prefeitura-do-paudalho-realiza-cerimonia-de-posse-do-conselho-municipal-de-assistencia-social","status":"publish","type":"post","link":"https:\/\/www.paudalho.pe.gov.br\/portal\/prefeitura-do-paudalho-realiza-cerimonia-de-posse-do-conselho-municipal-de-assistencia-social\/","title":{"rendered":"Prefeitura do Paudalho realiza cerim\u00f4nia de posse do Conselho Municipal de Assist\u00eancia Social"},"content":{"rendered":"\n<p>A Prefeitura do Paudalho, atrav\u00e9s de sua Secretaria de Desenvolvimento e Assist\u00eancia Social (SEDAS), realizou na manh\u00e3 desta segunda-feira (04) a cerim\u00f4nia de posse do Conselho Municipal de Assist\u00eancia Social (CMAS) para o bi\u00eanio 2021\/2022. Com in\u00edcio \u00e0s 10h, a solenidade ocorreu no pr\u00e9dio da C\u00e2mara Municipal de Paudalho, localizada no Centro da cidade. <\/p>\n\n\n\n<p>Como institu\u00eddo na Lei N\u00ba 8.742\/1993, o Conselho Municipal de Assist\u00eancia Social \u00e9 um \u00f3rg\u00e3o respons\u00e1vel por discutir, estabelecer normas e fiscalizar a presta\u00e7\u00e3o de servi\u00e7os socioassistenciais estatais e n\u00e3o estatais no munic\u00edpio. O CMAS \u00e9 constitu\u00eddo por representantes da Sociedade Civil e do Governo Municipal que trabalham em conjunto em suas atribui\u00e7\u00f5es com a finalidade de garantir a promo\u00e7\u00e3o e o controle de pol\u00edticas p\u00fablicas de assist\u00eancia social.<\/p>\n\n\n\n<p><strong>Confira abaixo os registros da cerim\u00f4nia: <\/strong><\/p>\n\n\n\n<figure class=\"wp-block-gallery columns-3 is-cropped wp-block-gallery-1 is-layout-flex wp-block-gallery-is-layout-flex\"><ul class=\"blocks-gallery-grid\"><li class=\"blocks-gallery-item\"><figure><img loading=\"lazy\" decoding=\"async\" width=\"800\" height=\"450\" data-attachment-id=\"12962\" data-permalink=\"https:\/\/www.paudalho.pe.gov.br\/portal\/prefeitura-do-paudalho-realiza-cerimonia-de-posse-do-conselho-municipal-de-assistencia-social\/whatsapp-image-2021-01-04-at-11-21-20\/\" data-orig-file=\"https:\/\/www.paudalho.pe.gov.br\/portal\/wp-content\/uploads\/2021\/01\/WhatsApp-Image-2021-01-04-at-11.21.20.jpeg\" data-orig-size=\"1280,853\" data-comments-opened=\"1\" data-image-meta=\"{&quot;aperture&quot;:&quot;0&quot;,&quot;credit&quot;:&quot;&quot;,&quot;camera&quot;:&quot;&quot;,&quot;caption&quot;:&quot;&quot;,&quot;created_timestamp&quot;:&quot;0&quot;,&quot;copyright&quot;:&quot;&quot;,&quot;focal_length&quot;:&quot;0&quot;,&quot;iso&quot;:&quot;0&quot;,&quot;shutter_speed&quot;:&quot;0&quot;,&quot;title&quot;:&quot;&quot;,&quot;orientation&quot;:&quot;0&quot;}\" data-image-title=\"WhatsApp Image 2021-01-04 at 11.21.20\" data-image-description=\"\" data-image-caption=\"\" data-medium-file=\"https:\/\/www.paudalho.pe.gov.br\/portal\/wp-content\/uploads\/2021\/01\/WhatsApp-Image-2021-01-04-at-11.21.20-350x230.jpeg\" data-large-file=\"https:\/\/www.paudalho.pe.gov.br\/portal\/wp-content\/uploads\/2021\/01\/WhatsApp-Image-2021-01-04-at-11.21.20-800x450.jpeg\" src=\"https:\/\/www.paudalho.pe.gov.br\/portal\/wp-content\/uploads\/2021\/01\/WhatsApp-Image-2021-01-04-at-11.21.20-800x450.jpeg\" alt=\"\" data-id=\"12962\" data-full-url=\"https:\/\/www.paudalho.pe.gov.br\/portal\/wp-content\/uploads\/2021\/01\/WhatsApp-Image-2021-01-04-at-11.21.20.jpeg\" data-link=\"https:\/\/www.paudalho.pe.gov.br\/portal\/?attachment_id=12962\" class=\"wp-image-12962\"\/><figcaption class=\"blocks-gallery-item__caption\"><em>Foto: Isak de Castro\/PMP.<\/em><\/figcaption><\/figure><\/li><li class=\"blocks-gallery-item\"><figure><img loading=\"lazy\" decoding=\"async\" width=\"800\" height=\"450\" data-attachment-id=\"12965\" data-permalink=\"https:\/\/www.paudalho.pe.gov.br\/portal\/prefeitura-do-paudalho-realiza-cerimonia-de-posse-do-conselho-municipal-de-assistencia-social\/whatsapp-image-2021-01-04-at-11-21-25\/\" data-orig-file=\"https:\/\/www.paudalho.pe.gov.br\/portal\/wp-content\/uploads\/2021\/01\/WhatsApp-Image-2021-01-04-at-11.21.25.jpeg\" data-orig-size=\"1280,853\" data-comments-opened=\"1\" data-image-meta=\"{&quot;aperture&quot;:&quot;0&quot;,&quot;credit&quot;:&quot;&quot;,&quot;camera&quot;:&quot;&quot;,&quot;caption&quot;:&quot;&quot;,&quot;created_timestamp&quot;:&quot;0&quot;,&quot;copyright&quot;:&quot;&quot;,&quot;focal_length&quot;:&quot;0&quot;,&quot;iso&quot;:&quot;0&quot;,&quot;shutter_speed&quot;:&quot;0&quot;,&quot;title&quot;:&quot;&quot;,&quot;orientation&quot;:&quot;0&quot;}\" data-image-title=\"WhatsApp Image 2021-01-04 at 11.21.25\" data-image-description=\"\" data-image-caption=\"\" data-medium-file=\"https:\/\/www.paudalho.pe.gov.br\/portal\/wp-content\/uploads\/2021\/01\/WhatsApp-Image-2021-01-04-at-11.21.25-350x230.jpeg\" data-large-file=\"https:\/\/www.paudalho.pe.gov.br\/portal\/wp-content\/uploads\/2021\/01\/WhatsApp-Image-2021-01-04-at-11.21.25-800x450.jpeg\" src=\"https:\/\/www.paudalho.pe.gov.br\/portal\/wp-content\/uploads\/2021\/01\/WhatsApp-Image-2021-01-04-at-11.21.25-800x450.jpeg\" alt=\"\" data-id=\"12965\" data-full-url=\"https:\/\/www.paudalho.pe.gov.br\/portal\/wp-content\/uploads\/2021\/01\/WhatsApp-Image-2021-01-04-at-11.21.25.jpeg\" data-link=\"https:\/\/www.paudalho.pe.gov.br\/portal\/?attachment_id=12965\" class=\"wp-image-12965\"\/><figcaption class=\"blocks-gallery-item__caption\"><em>Foto: Isak de Castro\/PMP.<\/em><\/figcaption><\/figure><\/li><li class=\"blocks-gallery-item\"><figure><img loading=\"lazy\" decoding=\"async\" width=\"800\" height=\"450\" data-attachment-id=\"12966\" data-permalink=\"https:\/\/www.paudalho.pe.gov.br\/portal\/prefeitura-do-paudalho-realiza-cerimonia-de-posse-do-conselho-municipal-de-assistencia-social\/whatsapp-image-2021-01-04-at-11-21-25-2\/\" data-orig-file=\"https:\/\/www.paudalho.pe.gov.br\/portal\/wp-content\/uploads\/2021\/01\/WhatsApp-Image-2021-01-04-at-11.21.25-1.jpeg\" data-orig-size=\"1280,853\" data-comments-opened=\"1\" data-image-meta=\"{&quot;aperture&quot;:&quot;0&quot;,&quot;credit&quot;:&quot;&quot;,&quot;camera&quot;:&quot;&quot;,&quot;caption&quot;:&quot;&quot;,&quot;created_timestamp&quot;:&quot;0&quot;,&quot;copyright&quot;:&quot;&quot;,&quot;focal_length&quot;:&quot;0&quot;,&quot;iso&quot;:&quot;0&quot;,&quot;shutter_speed&quot;:&quot;0&quot;,&quot;title&quot;:&quot;&quot;,&quot;orientation&quot;:&quot;0&quot;}\" data-image-title=\"WhatsApp Image 2021-01-04 at 11.21.25\" data-image-description=\"\" data-image-caption=\"\" data-medium-file=\"https:\/\/www.paudalho.pe.gov.br\/portal\/wp-content\/uploads\/2021\/01\/WhatsApp-Image-2021-01-04-at-11.21.25-1-350x230.jpeg\" data-large-file=\"https:\/\/www.paudalho.pe.gov.br\/portal\/wp-content\/uploads\/2021\/01\/WhatsApp-Image-2021-01-04-at-11.21.25-1-800x450.jpeg\" src=\"https:\/\/www.paudalho.pe.gov.br\/portal\/wp-content\/uploads\/2021\/01\/WhatsApp-Image-2021-01-04-at-11.21.25-1-800x450.jpeg\" alt=\"\" data-id=\"12966\" data-full-url=\"https:\/\/www.paudalho.pe.gov.br\/portal\/wp-content\/uploads\/2021\/01\/WhatsApp-Image-2021-01-04-at-11.21.25-1.jpeg\" data-link=\"https:\/\/www.paudalho.pe.gov.br\/portal\/?attachment_id=12966\" class=\"wp-image-12966\"\/><figcaption class=\"blocks-gallery-item__caption\"><em>Foto: Isak de Castro\/PMP.<\/em><\/figcaption><\/figure><\/li><li class=\"blocks-gallery-item\"><figure><img loading=\"lazy\" decoding=\"async\" width=\"800\" height=\"450\" data-attachment-id=\"12967\" data-permalink=\"https:\/\/www.paudalho.pe.gov.br\/portal\/prefeitura-do-paudalho-realiza-cerimonia-de-posse-do-conselho-municipal-de-assistencia-social\/whatsapp-image-2021-01-04-at-11-21-24\/\" data-orig-file=\"https:\/\/www.paudalho.pe.gov.br\/portal\/wp-content\/uploads\/2021\/01\/WhatsApp-Image-2021-01-04-at-11.21.24.jpeg\" data-orig-size=\"1280,853\" data-comments-opened=\"1\" data-image-meta=\"{&quot;aperture&quot;:&quot;0&quot;,&quot;credit&quot;:&quot;&quot;,&quot;camera&quot;:&quot;&quot;,&quot;caption&quot;:&quot;&quot;,&quot;created_timestamp&quot;:&quot;0&quot;,&quot;copyright&quot;:&quot;&quot;,&quot;focal_length&quot;:&quot;0&quot;,&quot;iso&quot;:&quot;0&quot;,&quot;shutter_speed&quot;:&quot;0&quot;,&quot;title&quot;:&quot;&quot;,&quot;orientation&quot;:&quot;0&quot;}\" data-image-title=\"WhatsApp Image 2021-01-04 at 11.21.24\" data-image-description=\"\" data-image-caption=\"\" data-medium-file=\"https:\/\/www.paudalho.pe.gov.br\/portal\/wp-content\/uploads\/2021\/01\/WhatsApp-Image-2021-01-04-at-11.21.24-350x230.jpeg\" data-large-file=\"https:\/\/www.paudalho.pe.gov.br\/portal\/wp-content\/uploads\/2021\/01\/WhatsApp-Image-2021-01-04-at-11.21.24-800x450.jpeg\" src=\"https:\/\/www.paudalho.pe.gov.br\/portal\/wp-content\/uploads\/2021\/01\/WhatsApp-Image-2021-01-04-at-11.21.24-800x450.jpeg\" alt=\"\" data-id=\"12967\" data-full-url=\"https:\/\/www.paudalho.pe.gov.br\/portal\/wp-content\/uploads\/2021\/01\/WhatsApp-Image-2021-01-04-at-11.21.24.jpeg\" data-link=\"https:\/\/www.paudalho.pe.gov.br\/portal\/?attachment_id=12967\" class=\"wp-image-12967\"\/><figcaption class=\"blocks-gallery-item__caption\"><em>Foto: Isak de Castro\/PMP.<\/em><\/figcaption><\/figure><\/li><li class=\"blocks-gallery-item\"><figure><img loading=\"lazy\" decoding=\"async\" width=\"800\" height=\"450\" data-attachment-id=\"12968\" data-permalink=\"https:\/\/www.paudalho.pe.gov.br\/portal\/prefeitura-do-paudalho-realiza-cerimonia-de-posse-do-conselho-municipal-de-assistencia-social\/whatsapp-image-2021-01-04-at-11-21-25-1\/\" data-orig-file=\"https:\/\/www.paudalho.pe.gov.br\/portal\/wp-content\/uploads\/2021\/01\/WhatsApp-Image-2021-01-04-at-11.21.25-1-1.jpeg\" data-orig-size=\"1280,853\" data-comments-opened=\"1\" data-image-meta=\"{&quot;aperture&quot;:&quot;0&quot;,&quot;credit&quot;:&quot;&quot;,&quot;camera&quot;:&quot;&quot;,&quot;caption&quot;:&quot;&quot;,&quot;created_timestamp&quot;:&quot;0&quot;,&quot;copyright&quot;:&quot;&quot;,&quot;focal_length&quot;:&quot;0&quot;,&quot;iso&quot;:&quot;0&quot;,&quot;shutter_speed&quot;:&quot;0&quot;,&quot;title&quot;:&quot;&quot;,&quot;orientation&quot;:&quot;0&quot;}\" data-image-title=\"WhatsApp Image 2021-01-04 at 11.21.25 (1)\" data-image-description=\"\" data-image-caption=\"\" data-medium-file=\"https:\/\/www.paudalho.pe.gov.br\/portal\/wp-content\/uploads\/2021\/01\/WhatsApp-Image-2021-01-04-at-11.21.25-1-1-350x230.jpeg\" data-large-file=\"https:\/\/www.paudalho.pe.gov.br\/portal\/wp-content\/uploads\/2021\/01\/WhatsApp-Image-2021-01-04-at-11.21.25-1-1-800x450.jpeg\" src=\"https:\/\/www.paudalho.pe.gov.br\/portal\/wp-content\/uploads\/2021\/01\/WhatsApp-Image-2021-01-04-at-11.21.25-1-1-800x450.jpeg\" alt=\"\" data-id=\"12968\" data-full-url=\"https:\/\/www.paudalho.pe.gov.br\/portal\/wp-content\/uploads\/2021\/01\/WhatsApp-Image-2021-01-04-at-11.21.25-1-1.jpeg\" data-link=\"https:\/\/www.paudalho.pe.gov.br\/portal\/?attachment_id=12968\" class=\"wp-image-12968\"\/><figcaption class=\"blocks-gallery-item__caption\"><em>Foto: Isak de Castro\/PMP.<\/em><\/figcaption><\/figure><\/li><li class=\"blocks-gallery-item\"><figure><img loading=\"lazy\" decoding=\"async\" width=\"800\" height=\"450\" data-attachment-id=\"12969\" data-permalink=\"https:\/\/www.paudalho.pe.gov.br\/portal\/prefeitura-do-paudalho-realiza-cerimonia-de-posse-do-conselho-municipal-de-assistencia-social\/whatsapp-image-2021-01-04-at-11-21-25-2-2\/\" data-orig-file=\"https:\/\/www.paudalho.pe.gov.br\/portal\/wp-content\/uploads\/2021\/01\/WhatsApp-Image-2021-01-04-at-11.21.25-2.jpeg\" data-orig-size=\"1280,853\" data-comments-opened=\"1\" data-image-meta=\"{&quot;aperture&quot;:&quot;0&quot;,&quot;credit&quot;:&quot;&quot;,&quot;camera&quot;:&quot;&quot;,&quot;caption&quot;:&quot;&quot;,&quot;created_timestamp&quot;:&quot;0&quot;,&quot;copyright&quot;:&quot;&quot;,&quot;focal_length&quot;:&quot;0&quot;,&quot;iso&quot;:&quot;0&quot;,&quot;shutter_speed&quot;:&quot;0&quot;,&quot;title&quot;:&quot;&quot;,&quot;orientation&quot;:&quot;0&quot;}\" data-image-title=\"WhatsApp Image 2021-01-04 at 11.21.25 (2)\" data-image-description=\"\" data-image-caption=\"\" data-medium-file=\"https:\/\/www.paudalho.pe.gov.br\/portal\/wp-content\/uploads\/2021\/01\/WhatsApp-Image-2021-01-04-at-11.21.25-2-350x230.jpeg\" data-large-file=\"https:\/\/www.paudalho.pe.gov.br\/portal\/wp-content\/uploads\/2021\/01\/WhatsApp-Image-2021-01-04-at-11.21.25-2-800x450.jpeg\" src=\"https:\/\/www.paudalho.pe.gov.br\/portal\/wp-content\/uploads\/2021\/01\/WhatsApp-Image-2021-01-04-at-11.21.25-2-800x450.jpeg\" alt=\"\" data-id=\"12969\" data-full-url=\"https:\/\/www.paudalho.pe.gov.br\/portal\/wp-content\/uploads\/2021\/01\/WhatsApp-Image-2021-01-04-at-11.21.25-2.jpeg\" data-link=\"https:\/\/www.paudalho.pe.gov.br\/portal\/?attachment_id=12969\" class=\"wp-image-12969\"\/><figcaption class=\"blocks-gallery-item__caption\"><em>Foto: Isak de Castro\/PMP.<\/em><\/figcaption><\/figure><\/li><li class=\"blocks-gallery-item\"><figure><img loading=\"lazy\" decoding=\"async\" width=\"800\" height=\"450\" data-attachment-id=\"12970\" data-permalink=\"https:\/\/www.paudalho.pe.gov.br\/portal\/prefeitura-do-paudalho-realiza-cerimonia-de-posse-do-conselho-municipal-de-assistencia-social\/whatsapp-image-2021-01-04-at-11-21-25-3\/\" data-orig-file=\"https:\/\/www.paudalho.pe.gov.br\/portal\/wp-content\/uploads\/2021\/01\/WhatsApp-Image-2021-01-04-at-11.21.25-3.jpeg\" data-orig-size=\"1280,853\" data-comments-opened=\"1\" data-image-meta=\"{&quot;aperture&quot;:&quot;0&quot;,&quot;credit&quot;:&quot;&quot;,&quot;camera&quot;:&quot;&quot;,&quot;caption&quot;:&quot;&quot;,&quot;created_timestamp&quot;:&quot;0&quot;,&quot;copyright&quot;:&quot;&quot;,&quot;focal_length&quot;:&quot;0&quot;,&quot;iso&quot;:&quot;0&quot;,&quot;shutter_speed&quot;:&quot;0&quot;,&quot;title&quot;:&quot;&quot;,&quot;orientation&quot;:&quot;0&quot;}\" data-image-title=\"WhatsApp Image 2021-01-04 at 11.21.25 (3)\" data-image-description=\"\" data-image-caption=\"\" data-medium-file=\"https:\/\/www.paudalho.pe.gov.br\/portal\/wp-content\/uploads\/2021\/01\/WhatsApp-Image-2021-01-04-at-11.21.25-3-350x230.jpeg\" data-large-file=\"https:\/\/www.paudalho.pe.gov.br\/portal\/wp-content\/uploads\/2021\/01\/WhatsApp-Image-2021-01-04-at-11.21.25-3-800x450.jpeg\" src=\"https:\/\/www.paudalho.pe.gov.br\/portal\/wp-content\/uploads\/2021\/01\/WhatsApp-Image-2021-01-04-at-11.21.25-3-800x450.jpeg\" alt=\"\" data-id=\"12970\" data-full-url=\"https:\/\/www.paudalho.pe.gov.br\/portal\/wp-content\/uploads\/2021\/01\/WhatsApp-Image-2021-01-04-at-11.21.25-3.jpeg\" data-link=\"https:\/\/www.paudalho.pe.gov.br\/portal\/?attachment_id=12970\" class=\"wp-image-12970\"\/><figcaption class=\"blocks-gallery-item__caption\"><em>Foto: Isak de Castro\/PMP.<\/em><\/figcaption><\/figure><\/li><li class=\"blocks-gallery-item\"><figure><img loading=\"lazy\" decoding=\"async\" width=\"800\" height=\"450\" data-attachment-id=\"12971\" data-permalink=\"https:\/\/www.paudalho.pe.gov.br\/portal\/prefeitura-do-paudalho-realiza-cerimonia-de-posse-do-conselho-municipal-de-assistencia-social\/whatsapp-image-2021-01-04-at-11-21-25-4\/\" data-orig-file=\"https:\/\/www.paudalho.pe.gov.br\/portal\/wp-content\/uploads\/2021\/01\/WhatsApp-Image-2021-01-04-at-11.21.25-4.jpeg\" data-orig-size=\"1280,853\" data-comments-opened=\"1\" data-image-meta=\"{&quot;aperture&quot;:&quot;0&quot;,&quot;credit&quot;:&quot;&quot;,&quot;camera&quot;:&quot;&quot;,&quot;caption&quot;:&quot;&quot;,&quot;created_timestamp&quot;:&quot;0&quot;,&quot;copyright&quot;:&quot;&quot;,&quot;focal_length&quot;:&quot;0&quot;,&quot;iso&quot;:&quot;0&quot;,&quot;shutter_speed&quot;:&quot;0&quot;,&quot;title&quot;:&quot;&quot;,&quot;orientation&quot;:&quot;0&quot;}\" data-image-title=\"WhatsApp Image 2021-01-04 at 11.21.25\" data-image-description=\"\" data-image-caption=\"\" data-medium-file=\"https:\/\/www.paudalho.pe.gov.br\/portal\/wp-content\/uploads\/2021\/01\/WhatsApp-Image-2021-01-04-at-11.21.25-4-350x230.jpeg\" data-large-file=\"https:\/\/www.paudalho.pe.gov.br\/portal\/wp-content\/uploads\/2021\/01\/WhatsApp-Image-2021-01-04-at-11.21.25-4-800x450.jpeg\" src=\"https:\/\/www.paudalho.pe.gov.br\/portal\/wp-content\/uploads\/2021\/01\/WhatsApp-Image-2021-01-04-at-11.21.25-4-800x450.jpeg\" alt=\"\" data-id=\"12971\" data-full-url=\"https:\/\/www.paudalho.pe.gov.br\/portal\/wp-content\/uploads\/2021\/01\/WhatsApp-Image-2021-01-04-at-11.21.25-4.jpeg\" data-link=\"https:\/\/www.paudalho.pe.gov.br\/portal\/?attachment_id=12971\" class=\"wp-image-12971\"\/><figcaption class=\"blocks-gallery-item__caption\"><em>Foto: Isak de Castro\/PMP.<\/em><\/figcaption><\/figure><\/li><li class=\"blocks-gallery-item\"><figure><img loading=\"lazy\" decoding=\"async\" width=\"800\" height=\"450\" data-attachment-id=\"12972\" data-permalink=\"https:\/\/www.paudalho.pe.gov.br\/portal\/prefeitura-do-paudalho-realiza-cerimonia-de-posse-do-conselho-municipal-de-assistencia-social\/whatsapp-image-2021-01-04-at-11-21-26\/\" data-orig-file=\"https:\/\/www.paudalho.pe.gov.br\/portal\/wp-content\/uploads\/2021\/01\/WhatsApp-Image-2021-01-04-at-11.21.26.jpeg\" data-orig-size=\"1280,853\" data-comments-opened=\"1\" data-image-meta=\"{&quot;aperture&quot;:&quot;0&quot;,&quot;credit&quot;:&quot;&quot;,&quot;camera&quot;:&quot;&quot;,&quot;caption&quot;:&quot;&quot;,&quot;created_timestamp&quot;:&quot;0&quot;,&quot;copyright&quot;:&quot;&quot;,&quot;focal_length&quot;:&quot;0&quot;,&quot;iso&quot;:&quot;0&quot;,&quot;shutter_speed&quot;:&quot;0&quot;,&quot;title&quot;:&quot;&quot;,&quot;orientation&quot;:&quot;0&quot;}\" data-image-title=\"WhatsApp Image 2021-01-04 at 11.21.26\" data-image-description=\"\" data-image-caption=\"\" data-medium-file=\"https:\/\/www.paudalho.pe.gov.br\/portal\/wp-content\/uploads\/2021\/01\/WhatsApp-Image-2021-01-04-at-11.21.26-350x230.jpeg\" data-large-file=\"https:\/\/www.paudalho.pe.gov.br\/portal\/wp-content\/uploads\/2021\/01\/WhatsApp-Image-2021-01-04-at-11.21.26-800x450.jpeg\" src=\"https:\/\/www.paudalho.pe.gov.br\/portal\/wp-content\/uploads\/2021\/01\/WhatsApp-Image-2021-01-04-at-11.21.26-800x450.jpeg\" alt=\"\" data-id=\"12972\" data-full-url=\"https:\/\/www.paudalho.pe.gov.br\/portal\/wp-content\/uploads\/2021\/01\/WhatsApp-Image-2021-01-04-at-11.21.26.jpeg\" data-link=\"https:\/\/www.paudalho.pe.gov.br\/portal\/?attachment_id=12972\" class=\"wp-image-12972\"\/><figcaption class=\"blocks-gallery-item__caption\"><em>Foto: Isak de Castro\/PMP.<\/em><\/figcaption><\/figure><\/li><\/ul><\/figure>\n\n\n\n<p>Ao todo, dez titulares e dez suplentes assumiram os postos durante o evento. Os conselheiros representantes da Sociedade Civil s\u00e3o membros das seguintes entidades: Sociedade Instru\u00e7\u00e3o e Benefic\u00eancia &#8211; Abrigo Cazuza Pinheiro; Sindicato dos Trabalhadores Rurais; Centro Socioeducativo Santa Cruz; Segunda Igreja Batista; e do Instituto de Desenvolvimento IDESS. J\u00e1 no grupo dos representantes governamentais est\u00e3o integrantes da Secretaria Municipal de Desenvolvimento e Assist\u00eancia Social (SEDAS), da Secretaria Municipal de Educa\u00e7\u00e3o (SEDUC), da Secretaria Municipal de Sa\u00fade, da Secretaria Municipal de Administra\u00e7\u00e3o e Finan\u00e7as e da Procuradoria Geral.<\/p>\n","protected":false},"excerpt":{"rendered":"<p>Cerim\u00f4nia de posse do Conselho Municipal de Assist\u00eancia Social (CMAS) do Paudalho ocorreu nesta segunda-feira (04) no pr\u00e9dio da C\u00e2mara Municipal.<\/p>\n","protected":false},"author":6,"featured_media":12964,"comment_status":"open","ping_status":"open","sticky":false,"template":"","format":"standard","meta":{"_jetpack_newsletter_access":"","_jetpack_dont_email_post_to_subs":false,"_jetpack_newsletter_tier_id":0,"_jetpack_memberships_contains_paywalled_content":false,"_jetpack_memberships_contains_paid_content":false,"footnotes":""},"categories":[43,2,1],"tags":[99,700,124],"class_list":["post-12959","post","type-post","status-publish","format-standard","has-post-thumbnail","hentry","category-audiencia-publica","category-destaque","category-noticias","tag-assistencia-social","tag-conselho-municipal","tag-secretaria-de-desenvolvimento-e-assistencia-social"],"jetpack_featured_media_url":"https:\/\/www.paudalho.pe.gov.br\/portal\/wp-content\/uploads\/2021\/01\/WhatsApp-Image-2021-01-04-at-11.21.23-1.jpeg","jetpack_sharing_enabled":true,"jetpack_shortlink":"https:\/\/wp.me\/p98mS2-3n1","_links":{"self":[{"href":"https:\/\/www.paudalho.pe.gov.br\/portal\/wp-json\/wp\/v2\/posts\/12959","targetHints":{"allow":["GET"]}}],"collection":[{"href":"https:\/\/www.paudalho.pe.gov.br\/portal\/wp-json\/wp\/v2\/posts"}],"about":[{"href":"https:\/\/www.paudalho.pe.gov.br\/portal\/wp-json\/wp\/v2\/types\/post"}],"author":[{"embeddable":true,"href":"https:\/\/www.paudalho.pe.gov.br\/portal\/wp-json\/wp\/v2\/users\/6"}],"replies":[{"embeddable":true,"href":"https:\/\/www.paudalho.pe.gov.br\/portal\/wp-json\/wp\/v2\/comments?post=12959"}],"version-history":[{"count":21,"href":"https:\/\/www.paudalho.pe.gov.br\/portal\/wp-json\/wp\/v2\/posts\/12959\/revisions"}],"predecessor-version":[{"id":12991,"href":"https:\/\/www.paudalho.pe.gov.br\/portal\/wp-json\/wp\/v2\/posts\/12959\/revisions\/12991"}],"wp:featuredmedia":[{"embeddable":true,"href":"https:\/\/www.paudalho.pe.gov.br\/portal\/wp-json\/wp\/v2\/media\/12964"}],"wp:attachment":[{"href":"https:\/\/www.paudalho.pe.gov.br\/portal\/wp-json\/wp\/v2\/media?parent=12959"}],"wp:term":[{"taxonomy":"category","embeddable":true,"href":"https:\/\/www.paudalho.pe.gov.br\/portal\/wp-json\/wp\/v2\/categories?post=12959"},{"taxonomy":"post_tag","embeddable":true,"href":"https:\/\/www.paudalho.pe.gov.br\/portal\/wp-json\/wp\/v2\/tags?post=12959"}],"curies":[{"name":"wp","href":"https:\/\/api.w.org\/{rel}","templated":true}]}}