{"id":1293,"date":"2017-09-26T00:05:37","date_gmt":"2017-09-26T03:05:37","guid":{"rendered":"http:\/\/www.paudalho.pe.gov.br\/portal\/?p=1293"},"modified":"2017-10-16T22:47:05","modified_gmt":"2017-10-17T01:47:05","slug":"1o-canta-paudalho-oferece-premiacao-e-gravacao-de-musica","status":"publish","type":"post","link":"https:\/\/www.paudalho.pe.gov.br\/portal\/1o-canta-paudalho-oferece-premiacao-e-gravacao-de-musica\/","title":{"rendered":"1\u00ba Canta Paudalho oferece premia\u00e7\u00e3o  e grava\u00e7\u00e3o de m\u00fasica"},"content":{"rendered":"<p>Muitas pessoas t\u00eam o sonho de cantar, mas n\u00e3o sabem por onde come\u00e7ar a t\u00e3o esperada carreira musical. Imagina gravar uma m\u00fasica, cantar com banda ao vivo para uma multid\u00e3o e ainda concorrer a pr\u00eamios? \u00c9 isso mesmo que voc\u00ea est\u00e1 lendo.<\/p>\n<p>A Prefeitura do Paudalho por meio da Secretaria de Cultura, Esporte e Turismo, com apoio da Secretaria de Desenvolvimento e Assist\u00eancia Social, promove o 1\u00ba Canta Paudalho que ser\u00e1 realizado no P\u00e1tio de Eventos Beira-Rio. As inscri\u00e7\u00f5es seguem at\u00e9 o dia 15 de outubro, de Segunda a Sexta-Feira, das 8h \u00e0s 13h. E vai ter premia\u00e7\u00e3o.<\/p>\n<p>Al\u00e9m da premia\u00e7\u00e3o com trof\u00e9us, segundo o secret\u00e1rio de Cultura, Jobson Oliveira, o vencedor vai gravar uma m\u00fasica e participar\u00e1 de um programa musical. \u201c<em>O que ficar em primeiro lugar al\u00e9m do trof\u00e9u, vai participar do programa Papo Com o Pop, de Andr\u00e9 Viana, vai gravar uma m\u00fasica&#8230;e ainda estamos vendo a possibilidade de gravar um CD com este vencedor<\/em>\u201d, explicou.<\/p>\n<h2><strong>Eliminat\u00f3rias\u00a0<\/strong><\/h2>\n<p>A primeira eliminat\u00f3ria ocorre entre os dias 20, 21 e 22 de outubro. A segunda ocorre entre os dias 17 e 18 de novembro. No dia 23 de dezembro, grande final, Paudalho conhecer\u00e1 a primeira voz do Canta Paudalho. \u00c9 a Prefeitura do Paudalho atrav\u00e9s da arte, proporcionando o bem-estar da popula\u00e7\u00e3o e incentivando os sonhos dos paudalhenses.<\/p>\n<p>Com o objetivo de descentralizar, as inscri\u00e7\u00f5es podem ser feitas em outros pontos do munic\u00edpio como:<\/p>\n<p>&nbsp;<\/p>\n<ul>\n<li>CENTRO<\/li>\n<\/ul>\n<p>Secretaria de Cultura, Esporte e Turismo<\/p>\n<p>Pra\u00e7a santa Teresa s\/n (antiga esta\u00e7\u00e3o ferrovi\u00e1ria)<\/p>\n<ul>\n<li>GUADALAJARA<\/li>\n<\/ul>\n<p>Pr\u00e9dio dos correios de Guadalajara<\/p>\n<p>Rua um s\/n Nova Guadalajara ( em frente ao chafariz )<\/p>\n<ul>\n<li>Ch\u00e3 de cruz<\/li>\n<\/ul>\n<p>J\u00f4 lanches<\/p>\n<p>Estrada do INCRA s\/n ch\u00e3 de cruz<\/p>\n<ul>\n<li>Ch\u00e3 do conselho<\/li>\n<\/ul>\n<p>Lanchonete da LU<\/p>\n<p>Rua Miguel Lucas (pracinha de ch\u00e3 de conselho)<\/p>\n<p>&nbsp;<\/p>\n<p>Junte a caravana, comece a ensaiar, porque foi dada a largada para a competi\u00e7\u00e3o que vai movimentar o cen\u00e1rio musical da cidade. Existem regras e pr\u00e9-requisitos para participa\u00e7\u00e3o. <a href=\"https:\/\/drive.google.com\/open?id=0B_vntk0FQZmzM3NZMEVnbVZSelU\" target=\"_blank\" rel=\"noopener\"><strong>Confira o regulamento clicando aqui.<\/strong><\/a><\/p>\n","protected":false},"excerpt":{"rendered":"<p>Muitas pessoas t\u00eam o sonho de cantar, mas n\u00e3o sabem por onde come\u00e7ar a t\u00e3o esperada carreira musical. Imagina gravar uma m\u00fasica, cantar com banda ao vivo para uma multid\u00e3o e ainda concorrer a pr\u00eamios? \u00c9 isso mesmo que voc\u00ea est\u00e1 lendo. A Prefeitura do Paudalho por meio da Secretaria de Cultura, Esporte e Turismo, [&hellip;]<\/p>\n","protected":false},"author":4,"featured_media":1298,"comment_status":"open","ping_status":"open","sticky":false,"template":"","format":"standard","meta":{"_jetpack_newsletter_access":"","_jetpack_dont_email_post_to_subs":false,"_jetpack_newsletter_tier_id":0,"_jetpack_memberships_contains_paywalled_content":false,"_jetpack_memberships_contains_paid_content":false,"footnotes":""},"categories":[2,1],"tags":[144,22,143],"class_list":["post-1293","post","type-post","status-publish","format-standard","has-post-thumbnail","hentry","category-destaque","category-noticias","tag-canta-paudalho","tag-prefeitura-do-paudalho","tag-show-de-talentos"],"jetpack_featured_media_url":"https:\/\/www.paudalho.pe.gov.br\/portal\/wp-content\/uploads\/2017\/09\/essa-canta.jpg","jetpack_sharing_enabled":true,"jetpack_shortlink":"https:\/\/wp.me\/p98mS2-kR","_links":{"self":[{"href":"https:\/\/www.paudalho.pe.gov.br\/portal\/wp-json\/wp\/v2\/posts\/1293","targetHints":{"allow":["GET"]}}],"collection":[{"href":"https:\/\/www.paudalho.pe.gov.br\/portal\/wp-json\/wp\/v2\/posts"}],"about":[{"href":"https:\/\/www.paudalho.pe.gov.br\/portal\/wp-json\/wp\/v2\/types\/post"}],"author":[{"embeddable":true,"href":"https:\/\/www.paudalho.pe.gov.br\/portal\/wp-json\/wp\/v2\/users\/4"}],"replies":[{"embeddable":true,"href":"https:\/\/www.paudalho.pe.gov.br\/portal\/wp-json\/wp\/v2\/comments?post=1293"}],"version-history":[{"count":10,"href":"https:\/\/www.paudalho.pe.gov.br\/portal\/wp-json\/wp\/v2\/posts\/1293\/revisions"}],"predecessor-version":[{"id":1589,"href":"https:\/\/www.paudalho.pe.gov.br\/portal\/wp-json\/wp\/v2\/posts\/1293\/revisions\/1589"}],"wp:featuredmedia":[{"embeddable":true,"href":"https:\/\/www.paudalho.pe.gov.br\/portal\/wp-json\/wp\/v2\/media\/1298"}],"wp:attachment":[{"href":"https:\/\/www.paudalho.pe.gov.br\/portal\/wp-json\/wp\/v2\/media?parent=1293"}],"wp:term":[{"taxonomy":"category","embeddable":true,"href":"https:\/\/www.paudalho.pe.gov.br\/portal\/wp-json\/wp\/v2\/categories?post=1293"},{"taxonomy":"post_tag","embeddable":true,"href":"https:\/\/www.paudalho.pe.gov.br\/portal\/wp-json\/wp\/v2\/tags?post=1293"}],"curies":[{"name":"wp","href":"https:\/\/api.w.org\/{rel}","templated":true}]}}