{"id":1286,"date":"2017-09-25T12:30:33","date_gmt":"2017-09-25T15:30:33","guid":{"rendered":"http:\/\/www.paudalho.pe.gov.br\/portal\/?p=1286"},"modified":"2017-09-25T12:30:33","modified_gmt":"2017-09-25T15:30:33","slug":"paudalho-recebe-um-dia-social-com-deus","status":"publish","type":"post","link":"https:\/\/www.paudalho.pe.gov.br\/portal\/paudalho-recebe-um-dia-social-com-deus\/","title":{"rendered":"Paudalho recebe &#8220;Um dia Social com Deus&#8221;"},"content":{"rendered":"<p>Com apoio da Prefeitura do Paudalho por meio da Secretaria\u00a0de Desenvolvimento e\u00a0Assist\u00eancia Social, a Igreja Assembleia de Deus Minist\u00e9rio Internacional do Guar\u00e1, em Bel\u00e9m, promove &#8220;Um dia Social Com Deus&#8221;.<\/p>\n<p>O evento ocorre no dia 14 de outubro, a partir das 14h, e vai ofertar servi\u00e7os de palestras com psic\u00f3logos sobre drogas e viol\u00eancia dom\u00e9stica, Agricultura Familiar, servi\u00e7os de orienta\u00e7\u00e3o profissional, cadastro de curr\u00edculo, corte de cabelo, servi\u00e7os de sa\u00fade, entre outras a\u00e7\u00f5es.\u00a0 A programa\u00e7\u00e3o ainda conta com o apoio do mission\u00e1rio Zaqueu e do Pastor Andr\u00e9 Neto da Carne.<\/p>\n<p>O pastor Jos\u00e9 Francisco, respons\u00e1vel pela organiza\u00e7\u00e3o do evento detalha o objetivo da a\u00e7\u00e3o. <strong>Ou\u00e7a no \u00e1udio:<\/strong><\/p>\n<!--[if lt IE 9]><script>document.createElement('audio');<\/script><![endif]-->\n<audio class=\"wp-audio-shortcode\" id=\"audio-1286-1\" preload=\"none\" style=\"width: 100%;\" controls=\"controls\"><source type=\"audio\/mpeg\" src=\"http:\/\/www.paudalho.pe.gov.br\/portal\/wp-content\/uploads\/2017\/09\/essa-que-presta-online-audio-converter.com_.mp3?_=1\" \/><a href=\"http:\/\/www.paudalho.pe.gov.br\/portal\/wp-content\/uploads\/2017\/09\/essa-que-presta-online-audio-converter.com_.mp3\">http:\/\/www.paudalho.pe.gov.br\/portal\/wp-content\/uploads\/2017\/09\/essa-que-presta-online-audio-converter.com_.mp3<\/a><\/audio>\n<p>&nbsp;<\/p>\n<h2>Servi\u00e7o<\/h2>\n<p>Evento: Um dia Social Com Deus<\/p>\n<p>Data: S\u00e1bado (14 de outubro)<\/p>\n<p>Hor\u00e1rio: 14H<\/p>\n<p>Local: Assembl\u00e9ia de Deus Minist\u00e9rio Internacional do Guar\u00e1 (Bel\u00e9m)<\/p>\n","protected":false},"excerpt":{"rendered":"<p>Com apoio da Prefeitura do Paudalho por meio da Secretaria\u00a0de Desenvolvimento e\u00a0Assist\u00eancia Social, a Igreja Assembleia de Deus Minist\u00e9rio Internacional do Guar\u00e1, em Bel\u00e9m, promove &#8220;Um dia Social Com Deus&#8221;. O evento ocorre no dia 14 de outubro, a partir das 14h, e vai ofertar servi\u00e7os de palestras com psic\u00f3logos sobre drogas e viol\u00eancia dom\u00e9stica, [&hellip;]<\/p>\n","protected":false},"author":4,"featured_media":1290,"comment_status":"open","ping_status":"open","sticky":false,"template":"","format":"standard","meta":{"_jetpack_newsletter_access":"","_jetpack_dont_email_post_to_subs":false,"_jetpack_newsletter_tier_id":0,"_jetpack_memberships_contains_paywalled_content":false,"_jetpack_memberships_contains_paid_content":false,"footnotes":""},"categories":[2,1],"tags":[141,142],"class_list":["post-1286","post","type-post","status-publish","format-standard","has-post-thumbnail","hentry","category-destaque","category-noticias","tag-acao-social","tag-prefeitura-do-paudlho"],"jetpack_featured_media_url":"https:\/\/www.paudalho.pe.gov.br\/portal\/wp-content\/uploads\/2017\/09\/essa-foto-por-favpr.jpg","jetpack_sharing_enabled":true,"jetpack_shortlink":"https:\/\/wp.me\/p98mS2-kK","_links":{"self":[{"href":"https:\/\/www.paudalho.pe.gov.br\/portal\/wp-json\/wp\/v2\/posts\/1286","targetHints":{"allow":["GET"]}}],"collection":[{"href":"https:\/\/www.paudalho.pe.gov.br\/portal\/wp-json\/wp\/v2\/posts"}],"about":[{"href":"https:\/\/www.paudalho.pe.gov.br\/portal\/wp-json\/wp\/v2\/types\/post"}],"author":[{"embeddable":true,"href":"https:\/\/www.paudalho.pe.gov.br\/portal\/wp-json\/wp\/v2\/users\/4"}],"replies":[{"embeddable":true,"href":"https:\/\/www.paudalho.pe.gov.br\/portal\/wp-json\/wp\/v2\/comments?post=1286"}],"version-history":[{"count":2,"href":"https:\/\/www.paudalho.pe.gov.br\/portal\/wp-json\/wp\/v2\/posts\/1286\/revisions"}],"predecessor-version":[{"id":1291,"href":"https:\/\/www.paudalho.pe.gov.br\/portal\/wp-json\/wp\/v2\/posts\/1286\/revisions\/1291"}],"wp:featuredmedia":[{"embeddable":true,"href":"https:\/\/www.paudalho.pe.gov.br\/portal\/wp-json\/wp\/v2\/media\/1290"}],"wp:attachment":[{"href":"https:\/\/www.paudalho.pe.gov.br\/portal\/wp-json\/wp\/v2\/media?parent=1286"}],"wp:term":[{"taxonomy":"category","embeddable":true,"href":"https:\/\/www.paudalho.pe.gov.br\/portal\/wp-json\/wp\/v2\/categories?post=1286"},{"taxonomy":"post_tag","embeddable":true,"href":"https:\/\/www.paudalho.pe.gov.br\/portal\/wp-json\/wp\/v2\/tags?post=1286"}],"curies":[{"name":"wp","href":"https:\/\/api.w.org\/{rel}","templated":true}]}}