{"id":12803,"date":"2020-11-26T16:50:09","date_gmt":"2020-11-26T19:50:09","guid":{"rendered":"https:\/\/www.paudalho.pe.gov.br\/portal\/?p=12803"},"modified":"2025-01-08T00:39:50","modified_gmt":"2025-01-08T03:39:50","slug":"paudalho-divulga-resultados-de-chamada-publica-e-de-edital-de-premiacao-antonio-do-caboclo-de-cultura-popular","status":"publish","type":"post","link":"https:\/\/www.paudalho.pe.gov.br\/portal\/paudalho-divulga-resultados-de-chamada-publica-e-de-edital-de-premiacao-antonio-do-caboclo-de-cultura-popular\/","title":{"rendered":"Paudalho divulga resultados de Chamada P\u00fablica e de Edital de Premia\u00e7\u00e3o Ant\u00f4nio do Caboclo de Cultura Popular"},"content":{"rendered":"\n<p>A Prefeitura do Paudalho por meio de sua Secretaria Municipal de Cultura, Esporte, Juventude, Turismo e Lazer divulga na tarde desta quinta-feira (26) os resultados do <strong>Edital de Premia\u00e7\u00e3o Ant\u00f4nio do Caboclo de Cultura Popular<\/strong>, lan\u00e7ado em outubro de 2020, e da <strong>Chamada P\u00fablica<\/strong>, divulgada neste m\u00eas. Os editais de chamamento s\u00e3o referentes a Lei n\u00b0 14.017, tamb\u00e9m denominada como\u00a0Lei de Emerg\u00eancia Cultural Aldir Blanc. Lan\u00e7ada no dia 29 de junho de 2020, essa lei disp\u00f5e sobre a\u00e7\u00f5es emergenciais destinadas ao setor cultural a serem adotadas durante o estado de calamidade p\u00fablica resultado da pandemia da Covid-19.<\/p>\n\n\n\n<p><strong>Fa\u00e7a o download dos documentos abaixo e confira os resultados: <\/strong><\/p>\n\n\n\n<div class=\"wp-block-file\"><a href=\"https:\/\/www.paudalho.pe.gov.br\/portal\/wp-content\/uploads\/2020\/11\/ata-de-resultado-do-Edital-de-Premia\u00e7\u00e3o-Ant\u00f4nio-Caboclo.pdf\"><strong>Resultado do Edital de Premia\u00e7\u00e3o Ant\u00f4nio do Caboclo de Cultura Popular<\/strong><\/a><a href=\"https:\/\/www.paudalho.pe.gov.br\/portal\/wp-content\/uploads\/2020\/11\/ata-de-resultado-do-Edital-de-Premia\u00e7\u00e3o-Ant\u00f4nio-Caboclo.pdf\" class=\"wp-block-file__button\" download>Baixar<\/a><\/div>\n\n\n\n<div class=\"wp-block-file\"><a href=\"https:\/\/www.paudalho.pe.gov.br\/portal\/wp-content\/uploads\/2020\/11\/Resultado-Edital-Geral-1.pdf\"><strong>Resultado da Chamada P\u00fablica &#8211; Lei Emergencial da Cultura (Lei 14.017\/2020) \u2013 Lei Aldir Blanc<\/strong><\/a><a href=\"https:\/\/www.paudalho.pe.gov.br\/portal\/wp-content\/uploads\/2020\/11\/Resultado-Edital-Geral-1.pdf\" class=\"wp-block-file__button\" download>Baixar<\/a><\/div>\n\n\n\n<h3 class=\"wp-block-heading\">Sobre os editais<\/h3>\n\n\n\n<p>O<strong>&nbsp;Edital de Premia\u00e7\u00e3o Ant\u00f4nio do Caboclo de Cultura Popular<\/strong>&nbsp;prev\u00ea recursos para artistas e agentes culturais que residem em Paudalho e que estiveram em atividade durante os \u00faltimos dois anos em suas \u00e1reas culturais indicadas. No total, ser\u00e3o destinados dez pr\u00eamios no valor de R$ 1.000,00 para mestres e mestras da cultura popular, artistas e fazedores da cultura que possuem inscri\u00e7\u00e3o homologada no Cadastro Municipal Art\u00edstico e Cultural.<\/p>\n\n\n\n<p>J\u00e1 por meio da <strong>Chamada P\u00fablica <\/strong>foram selecionadas propostas de cria\u00e7\u00e3o, forma\u00e7\u00e3o e fomento cultural com \u00eanfase nas produ\u00e7\u00f5es durante o per\u00edodo de quarentena. O processo foi destinado a artistas residentes e atuantes em Paudalho dos seguimentos de dan\u00e7a, teatro, artes pl\u00e1sticas e visuais (artesanato, desenho, escultura e pintura), m\u00fasica, Cultura Popular (quadrilhas, caboclinhos, maracatu, escolas de samba, blocos l\u00edricos), Cultura Tradicional (comunidade de matrizes africanas) e capoeira.<\/p>\n","protected":false},"excerpt":{"rendered":"<p>Os editais de chamamento s\u00e3o referentes a Lei n\u00b0 14.017, tamb\u00e9m denominada como Lei de Emerg\u00eancia Cultural Aldir Blanc. <\/p>\n","protected":false},"author":6,"featured_media":5000,"comment_status":"open","ping_status":"open","sticky":false,"template":"","format":"standard","meta":{"_jetpack_newsletter_access":"","_jetpack_dont_email_post_to_subs":false,"_jetpack_newsletter_tier_id":0,"_jetpack_memberships_contains_paywalled_content":false,"_jetpack_memberships_contains_paid_content":false,"footnotes":""},"categories":[6,2,1],"tags":[690,68,681],"class_list":["post-12803","post","type-post","status-publish","format-standard","has-post-thumbnail","hentry","category-cultura","category-destaque","category-noticias","tag-chamada-publica","tag-cultura","tag-editais"],"jetpack_featured_media_url":"https:\/\/www.paudalho.pe.gov.br\/portal\/wp-content\/uploads\/2018\/11\/2016_12_14-microfone_show_luzespexels-pixabay.com907x500.png","jetpack_sharing_enabled":true,"jetpack_shortlink":"https:\/\/wp.me\/p98mS2-3kv","_links":{"self":[{"href":"https:\/\/www.paudalho.pe.gov.br\/portal\/wp-json\/wp\/v2\/posts\/12803","targetHints":{"allow":["GET"]}}],"collection":[{"href":"https:\/\/www.paudalho.pe.gov.br\/portal\/wp-json\/wp\/v2\/posts"}],"about":[{"href":"https:\/\/www.paudalho.pe.gov.br\/portal\/wp-json\/wp\/v2\/types\/post"}],"author":[{"embeddable":true,"href":"https:\/\/www.paudalho.pe.gov.br\/portal\/wp-json\/wp\/v2\/users\/6"}],"replies":[{"embeddable":true,"href":"https:\/\/www.paudalho.pe.gov.br\/portal\/wp-json\/wp\/v2\/comments?post=12803"}],"version-history":[{"count":12,"href":"https:\/\/www.paudalho.pe.gov.br\/portal\/wp-json\/wp\/v2\/posts\/12803\/revisions"}],"predecessor-version":[{"id":12817,"href":"https:\/\/www.paudalho.pe.gov.br\/portal\/wp-json\/wp\/v2\/posts\/12803\/revisions\/12817"}],"wp:featuredmedia":[{"embeddable":true,"href":"https:\/\/www.paudalho.pe.gov.br\/portal\/wp-json\/wp\/v2\/media\/5000"}],"wp:attachment":[{"href":"https:\/\/www.paudalho.pe.gov.br\/portal\/wp-json\/wp\/v2\/media?parent=12803"}],"wp:term":[{"taxonomy":"category","embeddable":true,"href":"https:\/\/www.paudalho.pe.gov.br\/portal\/wp-json\/wp\/v2\/categories?post=12803"},{"taxonomy":"post_tag","embeddable":true,"href":"https:\/\/www.paudalho.pe.gov.br\/portal\/wp-json\/wp\/v2\/tags?post=12803"}],"curies":[{"name":"wp","href":"https:\/\/api.w.org\/{rel}","templated":true}]}}