{"id":1278,"date":"2017-09-25T12:04:26","date_gmt":"2017-09-25T15:04:26","guid":{"rendered":"http:\/\/www.paudalho.pe.gov.br\/portal\/?p=1278"},"modified":"2017-09-25T12:08:42","modified_gmt":"2017-09-25T15:08:42","slug":"mais-290-alunos-de-paudalho-recebem-curso-de-empreendedorismo","status":"publish","type":"post","link":"https:\/\/www.paudalho.pe.gov.br\/portal\/mais-290-alunos-de-paudalho-recebem-curso-de-empreendedorismo\/","title":{"rendered":"Mais 290 alunos de Paudalho recebem curso de empreendedorismo"},"content":{"rendered":"<p>A Prefeitura do Paudalho atrav\u00e9s da Sala do Empreender e o Servi\u00e7o Brasileiro de Apoio \u00e0s Micro e Pequenas Empresas (Sebrae) ofereceu para os alunos do ensino m\u00e9dio de escolas da cidade o curso &#8220;Crescendo e Empreendendo&#8221;, no m\u00eas de setembro.<\/p>\n<p><img loading=\"lazy\" decoding=\"async\" data-attachment-id=\"1279\" data-permalink=\"https:\/\/www.paudalho.pe.gov.br\/portal\/mais-290-alunos-de-paudalho-recebem-curso-de-empreendedorismo\/c89d97f0-9f4b-4a60-9ca0-c9cd543fd25e\/\" data-orig-file=\"https:\/\/www.paudalho.pe.gov.br\/portal\/wp-content\/uploads\/2017\/09\/c89d97f0-9f4b-4a60-9ca0-c9cd543fd25e.jpg\" data-orig-size=\"1280,960\" data-comments-opened=\"1\" data-image-meta=\"{&quot;aperture&quot;:&quot;0&quot;,&quot;credit&quot;:&quot;&quot;,&quot;camera&quot;:&quot;&quot;,&quot;caption&quot;:&quot;&quot;,&quot;created_timestamp&quot;:&quot;0&quot;,&quot;copyright&quot;:&quot;&quot;,&quot;focal_length&quot;:&quot;0&quot;,&quot;iso&quot;:&quot;0&quot;,&quot;shutter_speed&quot;:&quot;0&quot;,&quot;title&quot;:&quot;&quot;,&quot;orientation&quot;:&quot;0&quot;}\" data-image-title=\"c89d97f0-9f4b-4a60-9ca0-c9cd543fd25e\" data-image-description=\"\" data-image-caption=\"\" data-medium-file=\"https:\/\/www.paudalho.pe.gov.br\/portal\/wp-content\/uploads\/2017\/09\/c89d97f0-9f4b-4a60-9ca0-c9cd543fd25e-350x230.jpg\" data-large-file=\"https:\/\/www.paudalho.pe.gov.br\/portal\/wp-content\/uploads\/2017\/09\/c89d97f0-9f4b-4a60-9ca0-c9cd543fd25e-800x450.jpg\" class=\"alignnone size-medium wp-image-1279\" src=\"http:\/\/www.paudalho.pe.gov.br\/portal\/wp-content\/uploads\/2017\/09\/c89d97f0-9f4b-4a60-9ca0-c9cd543fd25e-350x230.jpg\" alt=\"\" width=\"300\" height=\"197\" \/><\/p>\n<p><img loading=\"lazy\" decoding=\"async\" data-attachment-id=\"1280\" data-permalink=\"https:\/\/www.paudalho.pe.gov.br\/portal\/mais-290-alunos-de-paudalho-recebem-curso-de-empreendedorismo\/a43566e3-ad27-413f-a97f-2c94829004ba\/\" data-orig-file=\"https:\/\/www.paudalho.pe.gov.br\/portal\/wp-content\/uploads\/2017\/09\/a43566e3-ad27-413f-a97f-2c94829004ba.jpg\" data-orig-size=\"1280,960\" data-comments-opened=\"1\" data-image-meta=\"{&quot;aperture&quot;:&quot;0&quot;,&quot;credit&quot;:&quot;&quot;,&quot;camera&quot;:&quot;&quot;,&quot;caption&quot;:&quot;&quot;,&quot;created_timestamp&quot;:&quot;0&quot;,&quot;copyright&quot;:&quot;&quot;,&quot;focal_length&quot;:&quot;0&quot;,&quot;iso&quot;:&quot;0&quot;,&quot;shutter_speed&quot;:&quot;0&quot;,&quot;title&quot;:&quot;&quot;,&quot;orientation&quot;:&quot;0&quot;}\" data-image-title=\"a43566e3-ad27-413f-a97f-2c94829004ba\" data-image-description=\"\" data-image-caption=\"\" data-medium-file=\"https:\/\/www.paudalho.pe.gov.br\/portal\/wp-content\/uploads\/2017\/09\/a43566e3-ad27-413f-a97f-2c94829004ba-350x230.jpg\" data-large-file=\"https:\/\/www.paudalho.pe.gov.br\/portal\/wp-content\/uploads\/2017\/09\/a43566e3-ad27-413f-a97f-2c94829004ba-800x450.jpg\" class=\"alignnone size-medium wp-image-1280\" src=\"http:\/\/www.paudalho.pe.gov.br\/portal\/wp-content\/uploads\/2017\/09\/a43566e3-ad27-413f-a97f-2c94829004ba-350x230.jpg\" alt=\"\" width=\"300\" height=\"197\" \/><\/p>\n<p>O objetivo da a\u00e7\u00e3o foi despertar o empreendedorismo nos estudantes. Foram contemplados 294 alunos, sendo 138 da Escola Confedera\u00e7\u00e3o do Equador, 80 na Escola Herculano Bandeira, 40 na Escola Jo\u00e3o Cavalcanti Petribu e por \u00faltimo, 36 alunos da Escola Monsenhor Landelino Barreto Lins. O curso come\u00e7ou a ser ministrado entre os dias 11 e 13 nas Escolas Herculano Bandeira e Escola Confedera\u00e7\u00e3o do Equador. J\u00e1 nas escolas Monsenhor Landelino Barreto Lins e Jo\u00e3o Cavalcanti Petribu, o ensino foi ofertado entre os dias 18 e 20 de setembro.<\/p>\n","protected":false},"excerpt":{"rendered":"<p>A Prefeitura do Paudalho atrav\u00e9s da Sala do Empreender e o Servi\u00e7o Brasileiro de Apoio \u00e0s Micro e Pequenas Empresas (Sebrae) ofereceu para os alunos do ensino m\u00e9dio de escolas da cidade o curso &#8220;Crescendo e Empreendendo&#8221;, no m\u00eas de setembro. O objetivo da a\u00e7\u00e3o foi despertar o empreendedorismo nos estudantes. Foram contemplados 294 alunos, [&hellip;]<\/p>\n","protected":false},"author":4,"featured_media":1283,"comment_status":"open","ping_status":"open","sticky":false,"template":"","format":"standard","meta":{"_jetpack_newsletter_access":"","_jetpack_dont_email_post_to_subs":false,"_jetpack_newsletter_tier_id":0,"_jetpack_memberships_contains_paywalled_content":false,"_jetpack_memberships_contains_paid_content":false,"footnotes":""},"categories":[2,1],"tags":[138,140,22,139],"class_list":["post-1278","post","type-post","status-publish","format-standard","has-post-thumbnail","hentry","category-destaque","category-noticias","tag-alunos","tag-empreendedorismo","tag-prefeitura-do-paudalho","tag-sala-do-empreendedor"],"jetpack_featured_media_url":"https:\/\/www.paudalho.pe.gov.br\/portal\/wp-content\/uploads\/2017\/09\/95ac2a8b-2c68-4501-a5bb-61a5e9ee2c12.jpg","jetpack_sharing_enabled":true,"jetpack_shortlink":"https:\/\/wp.me\/p98mS2-kC","_links":{"self":[{"href":"https:\/\/www.paudalho.pe.gov.br\/portal\/wp-json\/wp\/v2\/posts\/1278","targetHints":{"allow":["GET"]}}],"collection":[{"href":"https:\/\/www.paudalho.pe.gov.br\/portal\/wp-json\/wp\/v2\/posts"}],"about":[{"href":"https:\/\/www.paudalho.pe.gov.br\/portal\/wp-json\/wp\/v2\/types\/post"}],"author":[{"embeddable":true,"href":"https:\/\/www.paudalho.pe.gov.br\/portal\/wp-json\/wp\/v2\/users\/4"}],"replies":[{"embeddable":true,"href":"https:\/\/www.paudalho.pe.gov.br\/portal\/wp-json\/wp\/v2\/comments?post=1278"}],"version-history":[{"count":3,"href":"https:\/\/www.paudalho.pe.gov.br\/portal\/wp-json\/wp\/v2\/posts\/1278\/revisions"}],"predecessor-version":[{"id":1285,"href":"https:\/\/www.paudalho.pe.gov.br\/portal\/wp-json\/wp\/v2\/posts\/1278\/revisions\/1285"}],"wp:featuredmedia":[{"embeddable":true,"href":"https:\/\/www.paudalho.pe.gov.br\/portal\/wp-json\/wp\/v2\/media\/1283"}],"wp:attachment":[{"href":"https:\/\/www.paudalho.pe.gov.br\/portal\/wp-json\/wp\/v2\/media?parent=1278"}],"wp:term":[{"taxonomy":"category","embeddable":true,"href":"https:\/\/www.paudalho.pe.gov.br\/portal\/wp-json\/wp\/v2\/categories?post=1278"},{"taxonomy":"post_tag","embeddable":true,"href":"https:\/\/www.paudalho.pe.gov.br\/portal\/wp-json\/wp\/v2\/tags?post=1278"}],"curies":[{"name":"wp","href":"https:\/\/api.w.org\/{rel}","templated":true}]}}