{"id":12715,"date":"2020-11-24T17:35:42","date_gmt":"2020-11-24T20:35:42","guid":{"rendered":"https:\/\/www.paudalho.pe.gov.br\/portal\/?p=12715"},"modified":"2025-01-08T00:39:50","modified_gmt":"2025-01-08T03:39:50","slug":"paudalho-inicia-atendimentos-na-nova-unidade-basica-de-saude-alto-dois-irmaos","status":"publish","type":"post","link":"https:\/\/www.paudalho.pe.gov.br\/portal\/paudalho-inicia-atendimentos-na-nova-unidade-basica-de-saude-alto-dois-irmaos\/","title":{"rendered":"Paudalho inicia atendimentos na nova Unidade B\u00e1sica de Sa\u00fade Alto Dois Irm\u00e3os"},"content":{"rendered":"\n<p>Na \u00faltima segunda-feira (23), uma nova Unidade B\u00e1sica de Sa\u00fade (UBS) entrou em funcionamento na comunidade Alto Dois Irm\u00e3os, no munic\u00edpio do Paudalho. O espa\u00e7o \u00e9 mais uma conquista na \u00e1rea da sa\u00fade para os cidad\u00e3os paudalhenses. No local s\u00e3o disponibilizados v\u00e1rios tipos de atendimentos voltados tanto para o bem estar f\u00edsico quanto para o bem estar mental da popula\u00e7\u00e3o. A lista de servi\u00e7os disponibilizados inclui acompanhamento nutricional, odontol\u00f3gico, psicol\u00f3gico, fisioterapia, sa\u00fade da mulher, sa\u00fade da crian\u00e7a, entre outros.<\/p>\n\n\n\n<p>Na unidade tamb\u00e9m s\u00e3o realizados exames, como testes r\u00e1pidos, e servi\u00e7os mais urgentes, como a aplica\u00e7\u00e3o de intravenosa. A dona de casa Adalva Dalva mora na comunidade do Rosarinho, mas locomoveu-se at\u00e9 o Alto Dois Irm\u00e3os na manh\u00e3 de hoje (24) para receber o atendimento na nova UBS. Ela ficou satisfeita com a estrutura do local <em>&#8220;Achei tudo \u00f3timo, com muita qualidade. Est\u00e3o de parab\u00e9ns<\/em>&#8220;, comenta. <\/p>\n\n\n\n<p>O espa\u00e7o tem como objetivo disponibilizar acolhimento e atendimentos de qualidade ao p\u00fablico. A coordenadora geral da \u00e1rea, Manuela Mota, aborda a import\u00e2ncia do funcionamento da unidade para os moradores do Alto Dois Irm\u00e3os: <em>&#8220;O novo espa\u00e7o qualifica o acesso dos usu\u00e1rios e garante uma melhor humaniza\u00e7\u00e3o. Na humaniza\u00e7\u00e3o falamos sobre um conceito de ambi\u00eancia, que \u00e9 da garantia de ambientes saud\u00e1veis e acolhedores. Ent\u00e3o, para al\u00e9m de consultas m\u00e9dicas, enfermagem e odontol\u00f3gicas, o espa\u00e7o tamb\u00e9m permite atividades coletivas e maior sentimento de pertencimento da comunidade,\u00a0uma vez que no Sistema \u00danico de Sa\u00fade n\u00f3s sempre garantimos a universalidade do acesso e a equidade&#8221;.\u00a0<\/em><\/p>\n\n\n\n<p>A UBS Alto Dois Irm\u00e3os tamb\u00e9m conta com duas salas estruturadas exclusivamente para o atendimento de pacientes que necessitam de reabilita\u00e7\u00e3o f\u00edsica. A equipe profissional \u00e9 formada por tr\u00eas fisioterapeutas que prestam atendimento no hor\u00e1rio da manh\u00e3, das 8h \u00e0s 12h, e a tarde, das 13h \u00e0s 17h. <\/p>\n\n\n\n<p>De acordo com dados da Secretaria Municipal de Sa\u00fade, uma m\u00e9dia de 40 pacientes procuram esse tipo de atendimento por turno. Ainda segundo informa\u00e7\u00f5es do \u00f3rg\u00e3o, a expectativa \u00e9 que a UBS seja ampliada dentro dos pr\u00f3ximos meses. O plano \u00e9 que no espa\u00e7o funcione tamb\u00e9m um Centro de Especialidades em Reabilita\u00e7\u00e3o onde ser\u00e3o prestados servi\u00e7os mais abrangentes. <\/p>\n","protected":false},"excerpt":{"rendered":"<p>Na \u00faltima segunda-feira (23), uma nova Unidade B\u00e1sica de Sa\u00fade (UBS) entrou em funcionamento na comunidade Alto Dois Irm\u00e3os, no munic\u00edpio do Paudalho. O espa\u00e7o \u00e9 mais uma conquista na \u00e1rea da sa\u00fade para os cidad\u00e3os paudalhenses. No local s\u00e3o disponibilizados v\u00e1rios tipos de atendimentos voltados tanto para o bem estar f\u00edsico quanto para o [&hellip;]<\/p>\n","protected":false},"author":6,"featured_media":12717,"comment_status":"open","ping_status":"open","sticky":false,"template":"","format":"standard","meta":{"_jetpack_newsletter_access":"","_jetpack_dont_email_post_to_subs":false,"_jetpack_newsletter_tier_id":0,"_jetpack_memberships_contains_paywalled_content":false,"_jetpack_memberships_contains_paid_content":false,"footnotes":""},"categories":[2,1,3],"tags":[16,297,685],"class_list":["post-12715","post","type-post","status-publish","format-standard","has-post-thumbnail","hentry","category-destaque","category-noticias","category-saude","tag-saude","tag-ubs","tag-ubs-alto-dois-irmaos"],"jetpack_featured_media_url":"https:\/\/www.paudalho.pe.gov.br\/portal\/wp-content\/uploads\/2020\/11\/20201124_150941-scaled.jpg","jetpack_sharing_enabled":true,"jetpack_shortlink":"https:\/\/wp.me\/p98mS2-3j5","_links":{"self":[{"href":"https:\/\/www.paudalho.pe.gov.br\/portal\/wp-json\/wp\/v2\/posts\/12715","targetHints":{"allow":["GET"]}}],"collection":[{"href":"https:\/\/www.paudalho.pe.gov.br\/portal\/wp-json\/wp\/v2\/posts"}],"about":[{"href":"https:\/\/www.paudalho.pe.gov.br\/portal\/wp-json\/wp\/v2\/types\/post"}],"author":[{"embeddable":true,"href":"https:\/\/www.paudalho.pe.gov.br\/portal\/wp-json\/wp\/v2\/users\/6"}],"replies":[{"embeddable":true,"href":"https:\/\/www.paudalho.pe.gov.br\/portal\/wp-json\/wp\/v2\/comments?post=12715"}],"version-history":[{"count":23,"href":"https:\/\/www.paudalho.pe.gov.br\/portal\/wp-json\/wp\/v2\/posts\/12715\/revisions"}],"predecessor-version":[{"id":19568,"href":"https:\/\/www.paudalho.pe.gov.br\/portal\/wp-json\/wp\/v2\/posts\/12715\/revisions\/19568"}],"wp:featuredmedia":[{"embeddable":true,"href":"https:\/\/www.paudalho.pe.gov.br\/portal\/wp-json\/wp\/v2\/media\/12717"}],"wp:attachment":[{"href":"https:\/\/www.paudalho.pe.gov.br\/portal\/wp-json\/wp\/v2\/media?parent=12715"}],"wp:term":[{"taxonomy":"category","embeddable":true,"href":"https:\/\/www.paudalho.pe.gov.br\/portal\/wp-json\/wp\/v2\/categories?post=12715"},{"taxonomy":"post_tag","embeddable":true,"href":"https:\/\/www.paudalho.pe.gov.br\/portal\/wp-json\/wp\/v2\/tags?post=12715"}],"curies":[{"name":"wp","href":"https:\/\/api.w.org\/{rel}","templated":true}]}}