{"id":1269,"date":"2017-09-22T12:32:30","date_gmt":"2017-09-22T15:32:30","guid":{"rendered":"http:\/\/www.paudalho.pe.gov.br\/portal\/?p=1269"},"modified":"2017-09-27T10:13:31","modified_gmt":"2017-09-27T13:13:31","slug":"participe-de-audiencia-publica-para-construcao-do-plano-plurianual-que-determina-as-acoes-da-gestao-ate-2021","status":"publish","type":"post","link":"https:\/\/www.paudalho.pe.gov.br\/portal\/participe-de-audiencia-publica-para-construcao-do-plano-plurianual-que-determina-as-acoes-da-gestao-ate-2021\/","title":{"rendered":"Participe de Audi\u00eancia P\u00fablica para constru\u00e7\u00e3o do Plano Plurianual sobre as a\u00e7\u00f5es da gest\u00e3o at\u00e9 2021"},"content":{"rendered":"<p>Voc\u00ea sabe o que \u00e9 o Plano Plurianual (PPA) 2018-2021 de Paudalho Pernambuco? A gente vai te explicar: todas as receitas e despesas que o munic\u00edpio pretende realizar nos pr\u00f3ximos quatro anos devem estar neste plano. Por isso, a Prefeitura do Paudalho promove na pr\u00f3xima quarta-feira (27), \u00e0s 10h, uma Audi\u00eancia P\u00fablica para discutir as a\u00e7\u00f5es que v\u00e3o ser realizadas no Munic\u00edpio, como tamb\u00e9m o or\u00e7amento para 2018, no Col\u00e9gio Municipal do Paudalho (CMP). Tem opini\u00e3o sobre constru\u00e7\u00e3o de escolas? Um novo posto m\u00e9dico? A\u00e7\u00f5es de educa\u00e7\u00e3o? Cursos profissionalizantes? Ent\u00e3o esse \u00e9 o momento de opinar e elaborar juntos.<\/p>\n<h2>Explicando o Plano Plurianual<\/h2>\n<p>O contador do munic\u00edpio do Paudalho, Tadeu Sande, explica que atrav\u00e9s das sugest\u00f5es, os moradores da cidade podem elaborar juntos com a gest\u00e3o o que deve ser feito at\u00e9 o ano de 2021. \u201cA participa\u00e7\u00e3o popular \u00e9 feita atrav\u00e9s de discuss\u00f5es, sugest\u00f5es e perguntas. Por exemplo: se a popula\u00e7\u00e3o deseja uma escola, um posto de sa\u00fade, tudo isso tem que ser discutido em audi\u00eancia p\u00fablica e demonstrado se o munic\u00edpio tem recursos ou n\u00e3o\u201d, comentou.<\/p>\n<p>Depois da Audi\u00eancia P\u00fablica, o projeto segue para a C\u00e2mara Legislativa e tem at\u00e9 cinco de dezembro para ser votado. Em seguida o PPA retorna para o executivo. O prefeito come\u00e7a executar as a\u00e7\u00f5es no dia primeiro de janeiro de 2018.<\/p>\n<p><strong>Ou\u00e7a os detalhes com Tadeu Sande:<\/strong><\/p>\n<!--[if lt IE 9]><script>document.createElement('audio');<\/script><![endif]-->\n<audio class=\"wp-audio-shortcode\" id=\"audio-1269-1\" preload=\"none\" style=\"width: 100%;\" controls=\"controls\"><source type=\"audio\/mpeg\" src=\"http:\/\/www.paudalho.pe.gov.br\/portal\/wp-content\/uploads\/2017\/09\/AUDIENCIA-ESSA.mp3?_=1\" \/><a href=\"http:\/\/www.paudalho.pe.gov.br\/portal\/wp-content\/uploads\/2017\/09\/AUDIENCIA-ESSA.mp3\">http:\/\/www.paudalho.pe.gov.br\/portal\/wp-content\/uploads\/2017\/09\/AUDIENCIA-ESSA.mp3<\/a><\/audio>\n","protected":false},"excerpt":{"rendered":"<p>Voc\u00ea sabe o que \u00e9 o Plano Plurianual (PPA) 2018-2021 de Paudalho Pernambuco? A gente vai te explicar: todas as receitas e despesas que o munic\u00edpio pretende realizar nos pr\u00f3ximos quatro anos devem estar neste plano. Por isso, a Prefeitura do Paudalho promove na pr\u00f3xima quarta-feira (27), \u00e0s 10h, uma Audi\u00eancia P\u00fablica para discutir as [&hellip;]<\/p>\n","protected":false},"author":4,"featured_media":1270,"comment_status":"open","ping_status":"open","sticky":false,"template":"","format":"standard","meta":{"_jetpack_newsletter_access":"","_jetpack_dont_email_post_to_subs":false,"_jetpack_newsletter_tier_id":0,"_jetpack_memberships_contains_paywalled_content":false,"_jetpack_memberships_contains_paid_content":false,"footnotes":""},"categories":[43,2],"tags":[45,137],"class_list":["post-1269","post","type-post","status-publish","format-standard","has-post-thumbnail","hentry","category-audiencia-publica","category-destaque","tag-audiencia-publica","tag-plano-plurianual"],"jetpack_featured_media_url":"https:\/\/www.paudalho.pe.gov.br\/portal\/wp-content\/uploads\/2017\/09\/ppa.jpg","jetpack_sharing_enabled":true,"jetpack_shortlink":"https:\/\/wp.me\/p98mS2-kt","_links":{"self":[{"href":"https:\/\/www.paudalho.pe.gov.br\/portal\/wp-json\/wp\/v2\/posts\/1269","targetHints":{"allow":["GET"]}}],"collection":[{"href":"https:\/\/www.paudalho.pe.gov.br\/portal\/wp-json\/wp\/v2\/posts"}],"about":[{"href":"https:\/\/www.paudalho.pe.gov.br\/portal\/wp-json\/wp\/v2\/types\/post"}],"author":[{"embeddable":true,"href":"https:\/\/www.paudalho.pe.gov.br\/portal\/wp-json\/wp\/v2\/users\/4"}],"replies":[{"embeddable":true,"href":"https:\/\/www.paudalho.pe.gov.br\/portal\/wp-json\/wp\/v2\/comments?post=1269"}],"version-history":[{"count":6,"href":"https:\/\/www.paudalho.pe.gov.br\/portal\/wp-json\/wp\/v2\/posts\/1269\/revisions"}],"predecessor-version":[{"id":1314,"href":"https:\/\/www.paudalho.pe.gov.br\/portal\/wp-json\/wp\/v2\/posts\/1269\/revisions\/1314"}],"wp:featuredmedia":[{"embeddable":true,"href":"https:\/\/www.paudalho.pe.gov.br\/portal\/wp-json\/wp\/v2\/media\/1270"}],"wp:attachment":[{"href":"https:\/\/www.paudalho.pe.gov.br\/portal\/wp-json\/wp\/v2\/media?parent=1269"}],"wp:term":[{"taxonomy":"category","embeddable":true,"href":"https:\/\/www.paudalho.pe.gov.br\/portal\/wp-json\/wp\/v2\/categories?post=1269"},{"taxonomy":"post_tag","embeddable":true,"href":"https:\/\/www.paudalho.pe.gov.br\/portal\/wp-json\/wp\/v2\/tags?post=1269"}],"curies":[{"name":"wp","href":"https:\/\/api.w.org\/{rel}","templated":true}]}}