{"id":12580,"date":"2020-11-19T10:39:51","date_gmt":"2020-11-19T13:39:51","guid":{"rendered":"https:\/\/www.paudalho.pe.gov.br\/portal\/?p=12580"},"modified":"2020-11-19T10:39:51","modified_gmt":"2020-11-19T13:39:51","slug":"prefeitura-prorroga-prazo-para-inscricao-de-artistas-em-chamada-publica-da-lei-aldir-blanc","status":"publish","type":"post","link":"https:\/\/www.paudalho.pe.gov.br\/portal\/prefeitura-prorroga-prazo-para-inscricao-de-artistas-em-chamada-publica-da-lei-aldir-blanc\/","title":{"rendered":"Prefeitura prorroga prazo para inscri\u00e7\u00e3o de artistas em Chamada P\u00fablica da Lei Aldir Blanc"},"content":{"rendered":"\n<p>Profissionais da ala art\u00edstica do munic\u00edpio do Paudalho que ainda n\u00e3o se inscreveram na <a rel=\"noreferrer noopener\" href=\"https:\/\/www.paudalho.pe.gov.br\/portal\/paudalho-divulga-chamada-publica-para-artistas-do-municipio\/\" target=\"_blank\"><strong>Chamada P\u00fablica<\/strong><\/a> da Lei n\u00b0 14.017, tamb\u00e9m denominada Lei de Emerg\u00eancia Cultural Aldir Blanc, podem realizar o cadastro at\u00e9 esta sexta-feira (20). O Edital foi divulgado pela Prefeitura do Paudalho no in\u00edcio de novembro e tem a finalidade de apoiar a classe art\u00edstica local e amenizar as perdas decorrentes da pandemia do Covid-19.\u00a0<\/p>\n\n\n\n<p>Para se inscrever os interessados devem se dirigir at\u00e9 a sede da Secretaria Municipal de Cultura, Esporte, Juventude, Turismo e Lazer, localizada na Esta\u00e7\u00e3o Ferrovi\u00e1ria, S\/N, Santa Tereza \u2013 Paudalho, e entregar os documentos listados no Edital abaixo. O hor\u00e1rio de atendimento \u00e9 das 8h \u00e0s 17h. <\/p>\n\n\n\n<div class=\"wp-block-file\"><a href=\"https:\/\/www.paudalho.pe.gov.br\/portal\/wp-content\/uploads\/2020\/11\/Edital-de-Premia\u00e7\u00e3o20201109_14105360-1.pdf\">CLIQUE AQUI E FA\u00c7A O DOWNLOAD DA CHAMADA P\u00daBLICA.<\/a><a href=\"https:\/\/www.paudalho.pe.gov.br\/portal\/wp-content\/uploads\/2020\/11\/Edital-de-Premia\u00e7\u00e3o20201109_14105360-1.pdf\" class=\"wp-block-file__button\" download>Baixar<\/a><\/div>\n\n\n\n<div class=\"wp-block-file\"><a href=\"https:\/\/www.paudalho.pe.gov.br\/portal\/wp-content\/uploads\/2020\/11\/Aviso-de-Prorroga\u00e7\u00e3o-de-Prazo.pdf\">CONFIRA O AVISO SOBRE A PRORROGA\u00c7\u00c3O DE PRAZO &#8211; CHAMADA P\u00daBLICA LEI EMERGENCIAL ALDIR BLANC (LEI 14.017\/2020).<\/a><a href=\"https:\/\/www.paudalho.pe.gov.br\/portal\/wp-content\/uploads\/2020\/11\/Aviso-de-Prorroga\u00e7\u00e3o-de-Prazo.pdf\" class=\"wp-block-file__button\" download>Baixar<\/a><\/div>\n\n\n\n<h3 class=\"wp-block-heading\">Sobre a Chamada P\u00fablica<\/h3>\n\n\n\n<p>Por meio da iniciativa ser\u00e3o selecionadas propostas de cria\u00e7\u00e3o, forma\u00e7\u00e3o e fomento cultural com \u00eanfase nas produ\u00e7\u00f5es durante o per\u00edodo de quarentena. O processo \u00e9 destinado a artistas residentes e atuantes em Paudalho dos seguimentos de dan\u00e7a, teatro, artes pl\u00e1sticas e visuais (artesanato, desenho, escultura e pintura), m\u00fasica, Cultura Popular (quadrilhas, caboclinhos, maracatu, escolas de samba, blocos l\u00edricos), Cultura Tradicional (comunidade de matrizes africanas) e capoeira. <\/p>\n","protected":false},"excerpt":{"rendered":"<p>O novo prazo \u00e9 at\u00e9 esta sexta-feira (20). O cadastro deve ser realizado de forma presencial na sede da Secretaria Municipal de Cultura, Esporte, Juventude, Turismo e Lazer.<\/p>\n","protected":false},"author":6,"featured_media":7320,"comment_status":"open","ping_status":"open","sticky":false,"template":"","format":"standard","meta":{"_jetpack_newsletter_access":"","_jetpack_dont_email_post_to_subs":false,"_jetpack_newsletter_tier_id":0,"_jetpack_memberships_contains_paywalled_content":false,"_jetpack_memberships_contains_paid_content":false,"footnotes":""},"categories":[6,2,1],"tags":[68,681,666],"class_list":["post-12580","post","type-post","status-publish","format-standard","has-post-thumbnail","hentry","category-cultura","category-destaque","category-noticias","tag-cultura","tag-editais","tag-lei-aldir-blanc"],"jetpack_featured_media_url":"https:\/\/www.paudalho.pe.gov.br\/portal\/wp-content\/uploads\/2019\/06\/26a859b6-465f-4720-a164-f8fdaecd8f38.jpg","jetpack_sharing_enabled":true,"jetpack_shortlink":"https:\/\/wp.me\/p98mS2-3gU","_links":{"self":[{"href":"https:\/\/www.paudalho.pe.gov.br\/portal\/wp-json\/wp\/v2\/posts\/12580","targetHints":{"allow":["GET"]}}],"collection":[{"href":"https:\/\/www.paudalho.pe.gov.br\/portal\/wp-json\/wp\/v2\/posts"}],"about":[{"href":"https:\/\/www.paudalho.pe.gov.br\/portal\/wp-json\/wp\/v2\/types\/post"}],"author":[{"embeddable":true,"href":"https:\/\/www.paudalho.pe.gov.br\/portal\/wp-json\/wp\/v2\/users\/6"}],"replies":[{"embeddable":true,"href":"https:\/\/www.paudalho.pe.gov.br\/portal\/wp-json\/wp\/v2\/comments?post=12580"}],"version-history":[{"count":19,"href":"https:\/\/www.paudalho.pe.gov.br\/portal\/wp-json\/wp\/v2\/posts\/12580\/revisions"}],"predecessor-version":[{"id":12601,"href":"https:\/\/www.paudalho.pe.gov.br\/portal\/wp-json\/wp\/v2\/posts\/12580\/revisions\/12601"}],"wp:featuredmedia":[{"embeddable":true,"href":"https:\/\/www.paudalho.pe.gov.br\/portal\/wp-json\/wp\/v2\/media\/7320"}],"wp:attachment":[{"href":"https:\/\/www.paudalho.pe.gov.br\/portal\/wp-json\/wp\/v2\/media?parent=12580"}],"wp:term":[{"taxonomy":"category","embeddable":true,"href":"https:\/\/www.paudalho.pe.gov.br\/portal\/wp-json\/wp\/v2\/categories?post=12580"},{"taxonomy":"post_tag","embeddable":true,"href":"https:\/\/www.paudalho.pe.gov.br\/portal\/wp-json\/wp\/v2\/tags?post=12580"}],"curies":[{"name":"wp","href":"https:\/\/api.w.org\/{rel}","templated":true}]}}