{"id":12578,"date":"2020-11-23T15:23:36","date_gmt":"2020-11-23T18:23:36","guid":{"rendered":"https:\/\/www.paudalho.pe.gov.br\/portal\/?p=12578"},"modified":"2020-11-23T15:23:36","modified_gmt":"2020-11-23T18:23:36","slug":"comeca-hoje-23-a-segunda-etapa-da-campanha-de-vacinacao-contra-a-febre-aftosa-em-paudalho","status":"publish","type":"post","link":"https:\/\/www.paudalho.pe.gov.br\/portal\/comeca-hoje-23-a-segunda-etapa-da-campanha-de-vacinacao-contra-a-febre-aftosa-em-paudalho\/","title":{"rendered":"Come\u00e7a hoje (23) a segunda etapa da campanha de vacina\u00e7\u00e3o contra a febre aftosa em Paudalho"},"content":{"rendered":"\n<p>Hoje (23), a Prefeitura do Paudalho inicia a segunda etapa da Campanha de Vacina\u00e7\u00e3o Contra a Febre Aftosa. A iniciativa tem a finalidade de imunizar bovinos e bubalinos com at\u00e9 24 meses de vida. A vacina\u00e7\u00e3o ser\u00e1 realizada pela Prefeitura em parceria com a Ag\u00eancia de Defesa e Fiscaliza\u00e7\u00e3o Agropecu\u00e1ria do Estado de Pernambuco (ADAGRO) e prosseguir\u00e1 at\u00e9 dezembro. A primeira fase da a\u00e7\u00e3o ocorreu em junho deste ano e, de acordo com dados da Secretaria Executiva de Agricultura, Abastecimento e Meio Ambiente, ao todo, 198 propriedades foram alcan\u00e7adas, somando o total de 1.154 animais vacinados.<\/p>\n\n\n\n<figure class=\"wp-block-image size-large\"><img loading=\"lazy\" decoding=\"async\" width=\"800\" height=\"450\" data-attachment-id=\"12606\" data-permalink=\"https:\/\/www.paudalho.pe.gov.br\/portal\/comeca-hoje-23-a-segunda-etapa-da-campanha-de-vacinacao-contra-a-febre-aftosa-em-paudalho\/104408220_799896774158434_8505129483411468910_n\/\" data-orig-file=\"https:\/\/www.paudalho.pe.gov.br\/portal\/wp-content\/uploads\/2020\/11\/104408220_799896774158434_8505129483411468910_n.jpg\" data-orig-size=\"1080,812\" data-comments-opened=\"1\" data-image-meta=\"{&quot;aperture&quot;:&quot;0&quot;,&quot;credit&quot;:&quot;&quot;,&quot;camera&quot;:&quot;&quot;,&quot;caption&quot;:&quot;&quot;,&quot;created_timestamp&quot;:&quot;0&quot;,&quot;copyright&quot;:&quot;&quot;,&quot;focal_length&quot;:&quot;0&quot;,&quot;iso&quot;:&quot;0&quot;,&quot;shutter_speed&quot;:&quot;0&quot;,&quot;title&quot;:&quot;&quot;,&quot;orientation&quot;:&quot;0&quot;}\" data-image-title=\"104408220_799896774158434_8505129483411468910_n\" data-image-description=\"\" data-image-caption=\"\" data-medium-file=\"https:\/\/www.paudalho.pe.gov.br\/portal\/wp-content\/uploads\/2020\/11\/104408220_799896774158434_8505129483411468910_n-350x230.jpg\" data-large-file=\"https:\/\/www.paudalho.pe.gov.br\/portal\/wp-content\/uploads\/2020\/11\/104408220_799896774158434_8505129483411468910_n-800x450.jpg\" src=\"https:\/\/www.paudalho.pe.gov.br\/portal\/wp-content\/uploads\/2020\/11\/104408220_799896774158434_8505129483411468910_n-800x450.jpg\" alt=\"\" class=\"wp-image-12606\"\/><figcaption><em>A primeira fase da campanha ocorreu em junho de 2020. Foto: Divulga\u00e7\u00e3o\/Secretaria Executiva de Agricultura, Abastecimento e Meio Ambiente.<\/em><\/figcaption><\/figure>\n\n\n\n<p>A febre aftosa \u00e9 uma doen\u00e7a altamente contagiosa que pode afetar rebanhos, por isso, a imuniza\u00e7\u00e3o contra essa enfermidade \u00e9 obrigat\u00f3ria. Ap\u00f3s a aplica\u00e7\u00e3o da vacina os propriet\u00e1rios dos animais tem at\u00e9 5 dias para entregar ou enviar as declara\u00e7\u00f5es de vacina\u00e7\u00e3o junto \u00e0 Defesa Agropecu\u00e1ria. Conforme levantamento da ADAGRO, a expectativa \u00e9 que nessa segunda etapa cerca de 191 propriedades sejam atingidas e 1053 animais sejam imunizados. A campanha cobrir\u00e1 45 bairros do munic\u00edpio, tanto da \u00e1rea urbana quanto da rural.<\/p>\n\n\n\n<p>A Secretaria Executiva de Agricultura, Abastecimento e Meio Ambiente disponibiliza o telefone <strong>3636-3125<\/strong> para repassar mais informa\u00e7\u00f5es e sanar d\u00favidas sobre a campanha. <\/p>\n","protected":false},"excerpt":{"rendered":"<p>A segunda etapa da Campanha de Vacina\u00e7\u00e3o Contra a Febre Aftosa tem a finalidade de imunizar bovinos e bubalinos com at\u00e9 24 meses de vida. <\/p>\n","protected":false},"author":6,"featured_media":12646,"comment_status":"open","ping_status":"open","sticky":false,"template":"","format":"standard","meta":{"_jetpack_newsletter_access":"","_jetpack_dont_email_post_to_subs":false,"_jetpack_newsletter_tier_id":0,"_jetpack_memberships_contains_paywalled_content":false,"_jetpack_memberships_contains_paid_content":false,"footnotes":""},"categories":[2,1],"tags":[684,315,314],"class_list":["post-12578","post","type-post","status-publish","format-standard","has-post-thumbnail","hentry","category-destaque","category-noticias","tag-bois-e-bubalinos","tag-febre-aftosa","tag-vacinacao"],"jetpack_featured_media_url":"https:\/\/www.paudalho.pe.gov.br\/portal\/wp-content\/uploads\/2020\/11\/pexels-photo-953966-2.jpeg","jetpack_sharing_enabled":true,"jetpack_shortlink":"https:\/\/wp.me\/p98mS2-3gS","_links":{"self":[{"href":"https:\/\/www.paudalho.pe.gov.br\/portal\/wp-json\/wp\/v2\/posts\/12578","targetHints":{"allow":["GET"]}}],"collection":[{"href":"https:\/\/www.paudalho.pe.gov.br\/portal\/wp-json\/wp\/v2\/posts"}],"about":[{"href":"https:\/\/www.paudalho.pe.gov.br\/portal\/wp-json\/wp\/v2\/types\/post"}],"author":[{"embeddable":true,"href":"https:\/\/www.paudalho.pe.gov.br\/portal\/wp-json\/wp\/v2\/users\/6"}],"replies":[{"embeddable":true,"href":"https:\/\/www.paudalho.pe.gov.br\/portal\/wp-json\/wp\/v2\/comments?post=12578"}],"version-history":[{"count":25,"href":"https:\/\/www.paudalho.pe.gov.br\/portal\/wp-json\/wp\/v2\/posts\/12578\/revisions"}],"predecessor-version":[{"id":12688,"href":"https:\/\/www.paudalho.pe.gov.br\/portal\/wp-json\/wp\/v2\/posts\/12578\/revisions\/12688"}],"wp:featuredmedia":[{"embeddable":true,"href":"https:\/\/www.paudalho.pe.gov.br\/portal\/wp-json\/wp\/v2\/media\/12646"}],"wp:attachment":[{"href":"https:\/\/www.paudalho.pe.gov.br\/portal\/wp-json\/wp\/v2\/media?parent=12578"}],"wp:term":[{"taxonomy":"category","embeddable":true,"href":"https:\/\/www.paudalho.pe.gov.br\/portal\/wp-json\/wp\/v2\/categories?post=12578"},{"taxonomy":"post_tag","embeddable":true,"href":"https:\/\/www.paudalho.pe.gov.br\/portal\/wp-json\/wp\/v2\/tags?post=12578"}],"curies":[{"name":"wp","href":"https:\/\/api.w.org\/{rel}","templated":true}]}}