{"id":12517,"date":"2020-11-10T10:29:36","date_gmt":"2020-11-10T13:29:36","guid":{"rendered":"https:\/\/www.paudalho.pe.gov.br\/portal\/?p=12517"},"modified":"2025-01-08T00:39:50","modified_gmt":"2025-01-08T03:39:50","slug":"paudalho-divulga-chamada-publica-para-artistas-do-municipio","status":"publish","type":"post","link":"https:\/\/www.paudalho.pe.gov.br\/portal\/paudalho-divulga-chamada-publica-para-artistas-do-municipio\/","title":{"rendered":"Paudalho divulga Chamada P\u00fablica para artistas do munic\u00edpio"},"content":{"rendered":"\n<p>Com o objetivo de refirmar o seu compromisso com a cultura local e com toda  a classe art\u00edstica do munic\u00edpio, a Prefeitura do Paudalho por meio de sua Secretaria Municipal de Cultura, Esporte, Juventude, Turismo e Lazer divulga nesta ter\u00e7a-feira (10) uma Chamada P\u00fablica para os trabalhadores da ala. O projeto tem car\u00e1ter emergencial em decorr\u00eancia da pandemia do Covid-19 e conta com recursos oriundos da &nbsp;Lei n\u00b0 14.017, tamb\u00e9m denominada como<strong>&nbsp;Lei de Emerg\u00eancia Cultural Aldir Blanc<\/strong>. As inscri\u00e7\u00f5es tem in\u00edcio hoje e seguem at\u00e9 o dia 18 de novembro.<\/p>\n\n\n\n<p>Por meio da Chamada P\u00fablica ser\u00e3o selecionadas propostas de cria\u00e7\u00e3o, forma\u00e7\u00e3o e fomento cultural com \u00eanfase nas produ\u00e7\u00f5es durante o per\u00edodo de quarentena. O processo \u00e9 destinado a artistas residentes e atuantes em Paudalho dos seguimentos de dan\u00e7a, teatro, artes pl\u00e1sticas e visuais (artesanato, desenho, escultura e pintura), m\u00fasica, Cultura Popular (quadrilhas, caboclinhos, maracatu, escolas de samba, blocos l\u00edricos), Cultura Tradicional (comunidade de matrizes africanas) e capoeira. <\/p>\n\n\n\n<p>As a\u00e7\u00f5es selecionadas ser\u00e3o exibidas de forma virtual de acordo com uma programa\u00e7\u00e3o estabelecida pela Secretaria Municipal de Cultura, Esporte, Juventude, Turismo e Lazer. Para se inscrever os interessados devem se dirigir at\u00e9 a sede da Secretaria, localizada na Esta\u00e7\u00e3o Ferrovi\u00e1ria, S\/N, Santa Tereza &#8211; Paudalho, e entregar os documentos listados no Edital. A documenta\u00e7\u00e3o necess\u00e1ria e os demais detalhes da sele\u00e7\u00e3o est\u00e3o dispon\u00edveis no arquivo abaixo:<\/p>\n\n\n\n<div class=\"wp-block-file\"><a href=\"https:\/\/www.paudalho.pe.gov.br\/portal\/wp-content\/uploads\/2020\/11\/Edital-de-Premia\u00e7\u00e3o20201109_14105360.pdf\">CLIQUE AQUI E FA\u00c7A O DOWNLOAD DA CHAMADA P\u00daBLICA.<\/a><a href=\"https:\/\/www.paudalho.pe.gov.br\/portal\/wp-content\/uploads\/2020\/11\/Edital-de-Premia\u00e7\u00e3o20201109_14105360.pdf\" class=\"wp-block-file__button\" download>Baixar<\/a><\/div>\n\n\n\n<p><\/p>\n","protected":false},"excerpt":{"rendered":"<p>Por meio da Chamada P\u00fablica ser\u00e3o selecionadas propostas de cria\u00e7\u00e3o, forma\u00e7\u00e3o e fomento cultural com \u00eanfase nas produ\u00e7\u00f5es durante o per\u00edodo de quarentena. As inscri\u00e7\u00f5es tem in\u00edcio nesta ter\u00e7a-feira e seguem at\u00e9 o dia 18 de novembro.<\/p>\n","protected":false},"author":6,"featured_media":12533,"comment_status":"open","ping_status":"open","sticky":false,"template":"","format":"standard","meta":{"_jetpack_newsletter_access":"","_jetpack_dont_email_post_to_subs":false,"_jetpack_newsletter_tier_id":0,"_jetpack_memberships_contains_paywalled_content":false,"_jetpack_memberships_contains_paid_content":false,"footnotes":""},"categories":[6,2,1],"tags":[681,666],"class_list":["post-12517","post","type-post","status-publish","format-standard","has-post-thumbnail","hentry","category-cultura","category-destaque","category-noticias","tag-editais","tag-lei-aldir-blanc"],"jetpack_featured_media_url":"https:\/\/www.paudalho.pe.gov.br\/portal\/wp-content\/uploads\/2020\/11\/IMG-20200226-WA0020-1.jpg","jetpack_sharing_enabled":true,"jetpack_shortlink":"https:\/\/wp.me\/p98mS2-3fT","_links":{"self":[{"href":"https:\/\/www.paudalho.pe.gov.br\/portal\/wp-json\/wp\/v2\/posts\/12517","targetHints":{"allow":["GET"]}}],"collection":[{"href":"https:\/\/www.paudalho.pe.gov.br\/portal\/wp-json\/wp\/v2\/posts"}],"about":[{"href":"https:\/\/www.paudalho.pe.gov.br\/portal\/wp-json\/wp\/v2\/types\/post"}],"author":[{"embeddable":true,"href":"https:\/\/www.paudalho.pe.gov.br\/portal\/wp-json\/wp\/v2\/users\/6"}],"replies":[{"embeddable":true,"href":"https:\/\/www.paudalho.pe.gov.br\/portal\/wp-json\/wp\/v2\/comments?post=12517"}],"version-history":[{"count":16,"href":"https:\/\/www.paudalho.pe.gov.br\/portal\/wp-json\/wp\/v2\/posts\/12517\/revisions"}],"predecessor-version":[{"id":12535,"href":"https:\/\/www.paudalho.pe.gov.br\/portal\/wp-json\/wp\/v2\/posts\/12517\/revisions\/12535"}],"wp:featuredmedia":[{"embeddable":true,"href":"https:\/\/www.paudalho.pe.gov.br\/portal\/wp-json\/wp\/v2\/media\/12533"}],"wp:attachment":[{"href":"https:\/\/www.paudalho.pe.gov.br\/portal\/wp-json\/wp\/v2\/media?parent=12517"}],"wp:term":[{"taxonomy":"category","embeddable":true,"href":"https:\/\/www.paudalho.pe.gov.br\/portal\/wp-json\/wp\/v2\/categories?post=12517"},{"taxonomy":"post_tag","embeddable":true,"href":"https:\/\/www.paudalho.pe.gov.br\/portal\/wp-json\/wp\/v2\/tags?post=12517"}],"curies":[{"name":"wp","href":"https:\/\/api.w.org\/{rel}","templated":true}]}}