{"id":12455,"date":"2020-10-23T18:16:10","date_gmt":"2020-10-23T21:16:10","guid":{"rendered":"https:\/\/www.paudalho.pe.gov.br\/portal\/?p=12455"},"modified":"2025-01-08T00:39:50","modified_gmt":"2025-01-08T03:39:50","slug":"paudalho-publica-dois-editais-de-selecao-pela-lei-de-emergencia-cultural-aldir-blanc","status":"publish","type":"post","link":"https:\/\/www.paudalho.pe.gov.br\/portal\/paudalho-publica-dois-editais-de-selecao-pela-lei-de-emergencia-cultural-aldir-blanc\/","title":{"rendered":"Paudalho publica dois editais de sele\u00e7\u00e3o pela Lei de Emerg\u00eancia Cultural Aldir Blanc"},"content":{"rendered":"\n<p>A Prefeitura do Paudalho por meio de sua Secretaria Municipal de Cultura, Esporte, Juventude, Turismo e Lazer lan\u00e7a nesta sexta-feira (23) dois editais de chamamento referentes a Lei n\u00b0 14.017, tamb\u00e9m denominada como <a rel=\"noreferrer noopener\" href=\"https:\/\/www.paudalho.pe.gov.br\/portal\/paudalho-divulga-decreto-de-regulamentacao-dos-recursos-da-lei-aldir-blanc-no-municipio\/\" target=\"_blank\">Lei de Emerg\u00eancia Cultural Aldir Blanc<\/a>. S\u00e3o eles: o Edital de Premia\u00e7\u00e3o Ant\u00f4nio do Caboclo de Cultura Popular e o Edital Chamamento P\u00fablico N\u00ba 002\/2020; ambos com inscri\u00e7\u00f5es a partir da pr\u00f3xima segunda-feira, dia 26.<\/p>\n\n\n\n<p>O<strong> Edital de Premia\u00e7\u00e3o Ant\u00f4nio do Caboclo de Cultura Popular<\/strong> prev\u00ea recursos para artistas e agentes culturais que residem em Paudalho e que estiveram em atividade durante os \u00faltimos dois anos em suas \u00e1reas culturais indicadas. No total, ser\u00e3o destinados dez pr\u00eamios no valor de R$ 1.000,00 para mestres e mestras da cultura popular, artistas e fazedores da cultura que possuem inscri\u00e7\u00e3o homologada no Cadastro Municipal Art\u00edstico e Cultural.<\/p>\n\n\n\n<p>J\u00e1 o <strong>Edital Chamamento P\u00fablico N\u00ba 002\/2020<\/strong> tem como objetivo a sele\u00e7\u00e3o dos espa\u00e7os culturais e art\u00edsticos, micro e pequenas empresas culturais, organiza\u00e7\u00f5es culturais comunit\u00e1rias, cooperativas e institui\u00e7\u00f5es culturais, com sede no munic\u00edpio, cadastradas pelo Sistema Municipal de Indicadores e Informa\u00e7\u00f5es Culturais do Paudalho &#8211; SMIIC, para receber apoio financeiro em forma de subs\u00eddio. Ao todo, ser\u00e1 feito o repasse de quatro parcelas com valor m\u00ednimo de R$ 3.000,00 e m\u00e1ximo de R$ 5.000,00 para cerca de oito entidades habilitadas selecionadas.<\/p>\n\n\n\n<h3 class=\"wp-block-heading\">Das inscri\u00e7\u00f5es<\/h3>\n\n\n\n<p>Para se inscrever os interessados devem entregar os documentos listados nos editais abaixo na sede da Secretaria Municipal de Cultura, Esporte, Juventude, Turismo e Lazer, localizada na Esta\u00e7\u00e3o Ferrovi\u00e1ria, S\/N, Santa Tereza, Paudalho, ou envi\u00e1-los para o email <strong>smcpaudalho@gmail.com<\/strong>. Confira os detalhes:<\/p>\n\n\n\n<div class=\"wp-block-file\"><a href=\"https:\/\/www.paudalho.pe.gov.br\/portal\/wp-content\/uploads\/2020\/10\/Edital-de-Premia\u00e7\u00e3o-Ant\u00f4nio-do-Caboclo-de-Cultura-Popular.pdf\"><strong>Edital de Premia\u00e7\u00e3o Ant\u00f4nio do Caboclo de Cultura Popular<\/strong> &#8211; INSCRI\u00c7\u00d5ES AT\u00c9 O DIA 30 DE OUTUBRO DE 2020.<\/a><a href=\"https:\/\/www.paudalho.pe.gov.br\/portal\/wp-content\/uploads\/2020\/10\/Edital-de-Premia\u00e7\u00e3o-Ant\u00f4nio-do-Caboclo-de-Cultura-Popular.pdf\" class=\"wp-block-file__button\" download>Baixar<\/a><\/div>\n\n\n\n<div class=\"wp-block-file\"><a href=\"https:\/\/www.paudalho.pe.gov.br\/portal\/wp-content\/uploads\/2020\/10\/Edital-de-Espa\u00e7os.pdf\"><strong>Edital Chamamento P\u00fablico N\u00ba 002\/2020<\/strong> &#8211; INSCRI\u00c7\u00d5ES AT\u00c9 O DIA 03 DE NOVEMBRO DE 2020.<\/a><a href=\"https:\/\/www.paudalho.pe.gov.br\/portal\/wp-content\/uploads\/2020\/10\/Edital-de-Espa\u00e7os.pdf\" class=\"wp-block-file__button\" download>Baixar<\/a><\/div>\n\n\n\n<p><\/p>\n","protected":false},"excerpt":{"rendered":"<p>A Prefeitura do Paudalho lan\u00e7a nesta sexta-feira (23) dois editais de chamamento referentes a Lei de Emerg\u00eancia Cultural Aldir Blanc, ambos com inscri\u00e7\u00f5es a partir da pr\u00f3xima segunda-feira, dia 26. S\u00e3o eles: o Edital de Premia\u00e7\u00e3o Ant\u00f4nio do Caboclo de Cultura Popular e o Edital Chamamento P\u00fablico N\u00ba 002\/2020.<\/p>\n","protected":false},"author":6,"featured_media":12483,"comment_status":"open","ping_status":"open","sticky":false,"template":"","format":"standard","meta":{"_jetpack_newsletter_access":"","_jetpack_dont_email_post_to_subs":false,"_jetpack_newsletter_tier_id":0,"_jetpack_memberships_contains_paywalled_content":false,"_jetpack_memberships_contains_paid_content":false,"footnotes":""},"categories":[6,2,1],"tags":[68,681,666],"class_list":["post-12455","post","type-post","status-publish","format-standard","has-post-thumbnail","hentry","category-cultura","category-destaque","category-noticias","tag-cultura","tag-editais","tag-lei-aldir-blanc"],"jetpack_featured_media_url":"https:\/\/www.paudalho.pe.gov.br\/portal\/wp-content\/uploads\/2020\/10\/109471910_2151717461618658_6018140777842591544_o.jpg","jetpack_sharing_enabled":true,"jetpack_shortlink":"https:\/\/wp.me\/p98mS2-3eT","_links":{"self":[{"href":"https:\/\/www.paudalho.pe.gov.br\/portal\/wp-json\/wp\/v2\/posts\/12455","targetHints":{"allow":["GET"]}}],"collection":[{"href":"https:\/\/www.paudalho.pe.gov.br\/portal\/wp-json\/wp\/v2\/posts"}],"about":[{"href":"https:\/\/www.paudalho.pe.gov.br\/portal\/wp-json\/wp\/v2\/types\/post"}],"author":[{"embeddable":true,"href":"https:\/\/www.paudalho.pe.gov.br\/portal\/wp-json\/wp\/v2\/users\/6"}],"replies":[{"embeddable":true,"href":"https:\/\/www.paudalho.pe.gov.br\/portal\/wp-json\/wp\/v2\/comments?post=12455"}],"version-history":[{"count":34,"href":"https:\/\/www.paudalho.pe.gov.br\/portal\/wp-json\/wp\/v2\/posts\/12455\/revisions"}],"predecessor-version":[{"id":12492,"href":"https:\/\/www.paudalho.pe.gov.br\/portal\/wp-json\/wp\/v2\/posts\/12455\/revisions\/12492"}],"wp:featuredmedia":[{"embeddable":true,"href":"https:\/\/www.paudalho.pe.gov.br\/portal\/wp-json\/wp\/v2\/media\/12483"}],"wp:attachment":[{"href":"https:\/\/www.paudalho.pe.gov.br\/portal\/wp-json\/wp\/v2\/media?parent=12455"}],"wp:term":[{"taxonomy":"category","embeddable":true,"href":"https:\/\/www.paudalho.pe.gov.br\/portal\/wp-json\/wp\/v2\/categories?post=12455"},{"taxonomy":"post_tag","embeddable":true,"href":"https:\/\/www.paudalho.pe.gov.br\/portal\/wp-json\/wp\/v2\/tags?post=12455"}],"curies":[{"name":"wp","href":"https:\/\/api.w.org\/{rel}","templated":true}]}}