{"id":12421,"date":"2020-10-20T14:16:33","date_gmt":"2020-10-20T17:16:33","guid":{"rendered":"https:\/\/www.paudalho.pe.gov.br\/portal\/?p=12421"},"modified":"2025-01-08T00:39:51","modified_gmt":"2025-01-08T03:39:51","slug":"prefeitura-do-paudalho-inicia-campanha-de-vacinacao-antirrabica-nesta-quarta-feira-21","status":"publish","type":"post","link":"https:\/\/www.paudalho.pe.gov.br\/portal\/prefeitura-do-paudalho-inicia-campanha-de-vacinacao-antirrabica-nesta-quarta-feira-21\/","title":{"rendered":"Prefeitura do Paudalho inicia Campanha de Vacina\u00e7\u00e3o Antirr\u00e1bica nesta quarta-feira (21)"},"content":{"rendered":"\n<p>Come\u00e7a amanh\u00e3 (21) a Campanha Nacional de Vacina\u00e7\u00e3o Antirr\u00e1bica para c\u00e3es e gatos no munic\u00edpio do Paudalho. A a\u00e7\u00e3o ser\u00e1 promovida pela Secretaria Municipal de Sa\u00fade junto a Vigil\u00e2ncia Ambiental e tem como objetivo imunizar esses animais contra a raiva, doen\u00e7a que tamb\u00e9m \u00e9 transmiss\u00edvel para seres humanos. De acordo com o cronograma das pastas, a campanha ocorrer\u00e1 at\u00e9 o dia 10 de novembro e passar\u00e1 por v\u00e1rios pontos da cidade.<\/p>\n\n\n\n<p>A primeira etapa da campanha ser\u00e1 realizada na \u00e1rea rural do munic\u00edpio. O atendimento ocorrer\u00e1 das 8h \u00e0s 16h nas datas e lugares previamente definidos. O ponto de partida da a\u00e7\u00e3o ser\u00e1 a comunidade de Guadalajara, a vacina estar\u00e1 dispon\u00edvel no Col\u00e9gio Municipal de Guadalajara (CMG) e na Escola Gilda Barbosa.<strong> <\/strong>\u00c9 recomend\u00e1vel comparecer no local estabelecido portando a caderneta de vacina\u00e7\u00e3o do pet. Caso o animal ainda n\u00e3o tenha, o documento ser\u00e1 feito durante a consulta.<\/p>\n\n\n\n<p><strong>Confira abaixo a lista com as datas e os locais onde a vacina\u00e7\u00e3o ser\u00e1 realizada:<\/strong><\/p>\n\n\n\n<figure class=\"wp-block-table is-style-stripes\"><table><tbody><tr><td><strong>Data<\/strong><\/td><td><strong>Bairro<\/strong><\/td><td><strong>Local<\/strong><\/td><td><strong>Hor\u00e1rio<\/strong><\/td><\/tr><tr><td>21 e 22.10<\/td><td>Guadalajara<\/td><td>1 &#8211; CMG<br>2 \u2013 Escola Gilda Barbosa<\/td><td>8h \u00e0s 16h<\/td><\/tr><tr><td>23.10.20<\/td><td>Ch\u00e3 Alegre<\/td><td>Pr\u00f3ximo ao PSF de Ch\u00e3 Alegre<\/td><td>8h \u00e0s 16h<\/td><\/tr><tr><td>23.10.20<\/td><td>Ch\u00e3 de Camila<\/td><td>Pr\u00f3ximo ao Bar de Bibi<\/td><td>8h \u00e0s 16h<\/td><\/tr><tr><td>26.10.20<\/td><td>Ch\u00e3 de Cruz<\/td><td>Escola Mun. Maria de F\u00e1tima<\/td><td>8h \u00e0s 16h<\/td><\/tr><tr><td>26.10.20<\/td><td>Mussurepe<\/td><td>Escola Mun. Sinh\u00f4 Bandeira<\/td><td>8h \u00e0s 16h<\/td><\/tr><tr><td>27.10.20<\/td><td>Muriongo<\/td><td>Volante<\/td><td>8h \u00e0s 16h<\/td><\/tr><tr><td>27.10.20<\/td><td>Rosarinho&nbsp;<\/td><td>Volante<\/td><td>8h \u00e0s 16h<\/td><\/tr><tr><td>27.10.20<\/td><td>Desterro<\/td><td>Escola Elisa Fidelis<\/td><td>8h \u00e0s 16h<\/td><\/tr><tr><td>29.10.20<\/td><td>Ch\u00e3 de Conselho Fonte de Aldeia<\/td><td>Escola Mun. Jose Bonif\u00e1cio Volante<\/td><td>8h \u00e0s 16h<\/td><\/tr><tr><td>29.10.20<\/td><td>Junco<\/td><td>Escola Mun. do Junco<\/td><td>8h \u00e0s 16h<\/td><\/tr><tr><td>29.10.20<\/td><td>Itabora\u00ed<\/td><td>Volante<\/td><td>8h \u00e0s 16h<\/td><\/tr><tr><td>30.10.20<\/td><td>Barragem do Goit\u00e1<\/td><td>Volante<\/td><td>8h \u00e0s 16h<\/td><\/tr><tr><td>30.10.20<\/td><td>S\u00e3o Severino dos Ramos<\/td><td>Volante<\/td><td>8h \u00e0s 16h<\/td><\/tr><\/tbody><\/table><\/figure>\n\n\n\n<figure class=\"wp-block-image size-large\"><img loading=\"lazy\" decoding=\"async\" width=\"1920\" height=\"1129\" data-attachment-id=\"12444\" data-permalink=\"https:\/\/www.paudalho.pe.gov.br\/portal\/prefeitura-do-paudalho-inicia-campanha-de-vacinacao-antirrabica-nesta-quarta-feira-21\/friends-1149841_1920\/\" data-orig-file=\"https:\/\/www.paudalho.pe.gov.br\/portal\/wp-content\/uploads\/2020\/10\/friends-1149841_1920.jpg\" data-orig-size=\"1920,1129\" data-comments-opened=\"1\" data-image-meta=\"{&quot;aperture&quot;:&quot;0&quot;,&quot;credit&quot;:&quot;&quot;,&quot;camera&quot;:&quot;&quot;,&quot;caption&quot;:&quot;&quot;,&quot;created_timestamp&quot;:&quot;0&quot;,&quot;copyright&quot;:&quot;&quot;,&quot;focal_length&quot;:&quot;0&quot;,&quot;iso&quot;:&quot;0&quot;,&quot;shutter_speed&quot;:&quot;0&quot;,&quot;title&quot;:&quot;&quot;,&quot;orientation&quot;:&quot;0&quot;}\" data-image-title=\"friends-1149841_1920\" data-image-description=\"\" data-image-caption=\"\" data-medium-file=\"https:\/\/www.paudalho.pe.gov.br\/portal\/wp-content\/uploads\/2020\/10\/friends-1149841_1920-350x230.jpg\" data-large-file=\"https:\/\/www.paudalho.pe.gov.br\/portal\/wp-content\/uploads\/2020\/10\/friends-1149841_1920-800x450.jpg\" src=\"https:\/\/i0.wp.com\/www.paudalho.pe.gov.br\/portal\/wp-content\/uploads\/2020\/10\/friends-1149841_1920.jpg?resize=800%2C450&amp;ssl=1\" alt=\"\" class=\"wp-image-12444\" srcset=\"https:\/\/www.paudalho.pe.gov.br\/portal\/wp-content\/uploads\/2020\/10\/friends-1149841_1920.jpg 1920w, https:\/\/www.paudalho.pe.gov.br\/portal\/wp-content\/uploads\/2020\/10\/friends-1149841_1920-768x452.jpg 768w, https:\/\/www.paudalho.pe.gov.br\/portal\/wp-content\/uploads\/2020\/10\/friends-1149841_1920-1536x903.jpg 1536w\" sizes=\"auto, (max-width: 1920px) 100vw, 1920px\" \/><figcaption><em>Foto: Pixabay.<\/em><\/figcaption><\/figure>\n\n\n\n<h2 class=\"wp-block-heading\">Saiba mais sobre a doen\u00e7a <\/h2>\n\n\n\n<p>A raiva \u00e9 uma enfermidade viral infecciosa aguda transmitida por meio da saliva dos animais contaminados e passada, principalmente, pela mordida dos animais doentes \u2013 sejam eles gatos ou c\u00e3es. Nos cachorros e no homem, o v\u00edrus da doen\u00e7a pode permanecer incubado por at\u00e9 2 meses antes que os seus sintomas (tamb\u00e9m bastante similares) comecem a aparecer; sendo que, nos gatos, a doen\u00e7a destaca sinais diferenciados, mas n\u00e3o menos agressivos. Os sintomas podem\u00a0incluir a dor de cabe\u00e7a, saliva\u00e7\u00e3o excessiva, espasmos musculares, paralisia e confus\u00e3o mental. Na maioria dos casos a raiva \u00e9 fatal. O \u00fanico modo de proteger os animais \u00e9 por meio da vacina.<\/p>\n","protected":false},"excerpt":{"rendered":"<p>Come\u00e7a nesta quarta-feira (21) a Campanha Nacional de Vacina\u00e7\u00e3o Antirr\u00e1bica para c\u00e3es e gatos no munic\u00edpio do Paudalho. De acordo com o cronograma da a\u00e7\u00e3o, a campanha ocorrer\u00e1 at\u00e9 o dia 10 de novembro e passar\u00e1 por v\u00e1rios pontos da cidade.<\/p>\n","protected":false},"author":6,"featured_media":12433,"comment_status":"open","ping_status":"open","sticky":false,"template":"","format":"standard","meta":{"_jetpack_newsletter_access":"","_jetpack_dont_email_post_to_subs":false,"_jetpack_newsletter_tier_id":0,"_jetpack_memberships_contains_paywalled_content":false,"_jetpack_memberships_contains_paid_content":false,"footnotes":""},"categories":[2,1,3],"tags":[372,680,22,314],"class_list":["post-12421","post","type-post","status-publish","format-standard","has-post-thumbnail","hentry","category-destaque","category-noticias","category-saude","tag-animais","tag-campanha-de-vacinacao-antirrabica","tag-prefeitura-do-paudalho","tag-vacinacao"],"jetpack_featured_media_url":"https:\/\/www.paudalho.pe.gov.br\/portal\/wp-content\/uploads\/2020\/10\/veterinarian-in-latex-loves-dong-injection-for-dog-vet-holds-syringe-in-hands-4-scaled.jpg","jetpack_sharing_enabled":true,"jetpack_shortlink":"https:\/\/wp.me\/p98mS2-3el","_links":{"self":[{"href":"https:\/\/www.paudalho.pe.gov.br\/portal\/wp-json\/wp\/v2\/posts\/12421","targetHints":{"allow":["GET"]}}],"collection":[{"href":"https:\/\/www.paudalho.pe.gov.br\/portal\/wp-json\/wp\/v2\/posts"}],"about":[{"href":"https:\/\/www.paudalho.pe.gov.br\/portal\/wp-json\/wp\/v2\/types\/post"}],"author":[{"embeddable":true,"href":"https:\/\/www.paudalho.pe.gov.br\/portal\/wp-json\/wp\/v2\/users\/6"}],"replies":[{"embeddable":true,"href":"https:\/\/www.paudalho.pe.gov.br\/portal\/wp-json\/wp\/v2\/comments?post=12421"}],"version-history":[{"count":30,"href":"https:\/\/www.paudalho.pe.gov.br\/portal\/wp-json\/wp\/v2\/posts\/12421\/revisions"}],"predecessor-version":[{"id":20307,"href":"https:\/\/www.paudalho.pe.gov.br\/portal\/wp-json\/wp\/v2\/posts\/12421\/revisions\/20307"}],"wp:featuredmedia":[{"embeddable":true,"href":"https:\/\/www.paudalho.pe.gov.br\/portal\/wp-json\/wp\/v2\/media\/12433"}],"wp:attachment":[{"href":"https:\/\/www.paudalho.pe.gov.br\/portal\/wp-json\/wp\/v2\/media?parent=12421"}],"wp:term":[{"taxonomy":"category","embeddable":true,"href":"https:\/\/www.paudalho.pe.gov.br\/portal\/wp-json\/wp\/v2\/categories?post=12421"},{"taxonomy":"post_tag","embeddable":true,"href":"https:\/\/www.paudalho.pe.gov.br\/portal\/wp-json\/wp\/v2\/tags?post=12421"}],"curies":[{"name":"wp","href":"https:\/\/api.w.org\/{rel}","templated":true}]}}