{"id":12369,"date":"2020-10-13T15:44:22","date_gmt":"2020-10-13T18:44:22","guid":{"rendered":"https:\/\/www.paudalho.pe.gov.br\/portal\/?p=12369"},"modified":"2025-01-08T00:39:51","modified_gmt":"2025-01-08T03:39:51","slug":"paudalho-realiza-ate-o-fim-do-mes-campanha-de-multivacinacao-e-de-vacinacao-contra-a-poliomielite","status":"publish","type":"post","link":"https:\/\/www.paudalho.pe.gov.br\/portal\/paudalho-realiza-ate-o-fim-do-mes-campanha-de-multivacinacao-e-de-vacinacao-contra-a-poliomielite\/","title":{"rendered":"Paudalho realiza campanha de multivacina\u00e7\u00e3o e de vacina\u00e7\u00e3o contra a poliomielite at\u00e9 o fim do m\u00eas"},"content":{"rendered":"\n<p>A vacina\u00e7\u00e3o, principalmente nos primeiros anos de vida, \u00e9 um cuidado essencial que protege o corpo humano contra v\u00e1rios tipos de doen\u00e7as. Com a finalidade de garantir a sa\u00fade da popula\u00e7\u00e3o, a Secretaria de Sa\u00fade da Prefeitura do Paudalho promove durante o m\u00eas de outubro a Campanha Nacional de Vacina\u00e7\u00e3o contra a Poliomielite e a Campanha de Multivacina\u00e7\u00e3o para Atualiza\u00e7\u00e3o de Caderneta da Crian\u00e7a e do Adolescente menores de 15 anos. As campanhas tiveram in\u00edcio no dia 05 de outubro e seguir\u00e3o sendo realizadas at\u00e9 o dia 30. As doses est\u00e3o dispon\u00edveis em todas as Unidades B\u00e1sicas de Sa\u00fade (UBSs) do munic\u00edpio.  <\/p>\n\n\n\n<p>A Campanha de Multivacina\u00e7\u00e3o para Atualiza\u00e7\u00e3o de Caderneta da Crian\u00e7a e do Adolescente com at\u00e9 15 anos tem o intuito de assegurar a imuniza\u00e7\u00e3o desse p\u00fablico e proporcionar as doses das vacinas para os que est\u00e3o com o sistema incompleto. Mesmo com a pandemia da Covid-19, os pais e respons\u00e1veis devem se dirigir at\u00e9 as UBSs portando a caderneta. De acordo com o Minist\u00e9rio da Sa\u00fade todos os protocolos de seguran\u00e7a contra a transmiss\u00e3o da COVID-19 ser\u00e3o respeitados.<\/p>\n\n\n\n<h3 class=\"wp-block-heading\">Imuniza\u00e7\u00e3o Contra a Poliomielite<\/h3>\n\n\n\n<p>A vacina contra a poliomielite, p\u00f3lio ou paralisia infantil, \u00e9 destinada a crian\u00e7as menores de cinco anos de idade. A doen\u00e7a \u00e9 contagiosa aguda e pode deixar sequelas como paralisias musculares ou at\u00e9 mesmo levar a morte caso n\u00e3o seja prevenida e tratada. De acordo com dados do Minist\u00e9rio da Sa\u00fade divulgados pela Ag\u00eancia Brasil, no pa\u00eds cerca de 11,2 milh\u00f5es de crian\u00e7as est\u00e3o nessa faixa et\u00e1ria. A a\u00e7\u00e3o busca alcan\u00e7ar ao menos 95% desse n\u00famero. \u00c9 essencial que os pais e respons\u00e1veis procurem a Unidade B\u00e1sica de Sa\u00fade (UBS) mais pr\u00f3xima para que a imuniza\u00e7\u00e3o seja realizada.<\/p>\n","protected":false},"excerpt":{"rendered":"<p>A vacina\u00e7\u00e3o, principalmente nos primeiros anos de vida, \u00e9 um cuidado essencial que protege o corpo humano contra v\u00e1rios tipos de doen\u00e7as. Com a finalidade de garantir a sa\u00fade da popula\u00e7\u00e3o, a Secretaria de Sa\u00fade da Prefeitura do Paudalho promove durante o m\u00eas de outubro a Campanha Nacional de Vacina\u00e7\u00e3o contra a Poliomielite e a [&hellip;]<\/p>\n","protected":false},"author":6,"featured_media":12375,"comment_status":"open","ping_status":"open","sticky":false,"template":"","format":"standard","meta":{"_jetpack_newsletter_access":"","_jetpack_dont_email_post_to_subs":false,"_jetpack_newsletter_tier_id":0,"_jetpack_memberships_contains_paywalled_content":false,"_jetpack_memberships_contains_paid_content":false,"footnotes":""},"categories":[2,1,3],"tags":[285,16],"class_list":["post-12369","post","type-post","status-publish","format-standard","has-post-thumbnail","hentry","category-destaque","category-noticias","category-saude","tag-campanha-vacinacao","tag-saude"],"jetpack_featured_media_url":"https:\/\/www.paudalho.pe.gov.br\/portal\/wp-content\/uploads\/2020\/10\/2413645-scaled.jpg","jetpack_sharing_enabled":true,"jetpack_shortlink":"https:\/\/wp.me\/p98mS2-3dv","_links":{"self":[{"href":"https:\/\/www.paudalho.pe.gov.br\/portal\/wp-json\/wp\/v2\/posts\/12369","targetHints":{"allow":["GET"]}}],"collection":[{"href":"https:\/\/www.paudalho.pe.gov.br\/portal\/wp-json\/wp\/v2\/posts"}],"about":[{"href":"https:\/\/www.paudalho.pe.gov.br\/portal\/wp-json\/wp\/v2\/types\/post"}],"author":[{"embeddable":true,"href":"https:\/\/www.paudalho.pe.gov.br\/portal\/wp-json\/wp\/v2\/users\/6"}],"replies":[{"embeddable":true,"href":"https:\/\/www.paudalho.pe.gov.br\/portal\/wp-json\/wp\/v2\/comments?post=12369"}],"version-history":[{"count":14,"href":"https:\/\/www.paudalho.pe.gov.br\/portal\/wp-json\/wp\/v2\/posts\/12369\/revisions"}],"predecessor-version":[{"id":12383,"href":"https:\/\/www.paudalho.pe.gov.br\/portal\/wp-json\/wp\/v2\/posts\/12369\/revisions\/12383"}],"wp:featuredmedia":[{"embeddable":true,"href":"https:\/\/www.paudalho.pe.gov.br\/portal\/wp-json\/wp\/v2\/media\/12375"}],"wp:attachment":[{"href":"https:\/\/www.paudalho.pe.gov.br\/portal\/wp-json\/wp\/v2\/media?parent=12369"}],"wp:term":[{"taxonomy":"category","embeddable":true,"href":"https:\/\/www.paudalho.pe.gov.br\/portal\/wp-json\/wp\/v2\/categories?post=12369"},{"taxonomy":"post_tag","embeddable":true,"href":"https:\/\/www.paudalho.pe.gov.br\/portal\/wp-json\/wp\/v2\/tags?post=12369"}],"curies":[{"name":"wp","href":"https:\/\/api.w.org\/{rel}","templated":true}]}}