{"id":11968,"date":"2020-08-13T19:14:18","date_gmt":"2020-08-13T22:14:18","guid":{"rendered":"https:\/\/www.paudalho.pe.gov.br\/portal\/?p=11968"},"modified":"2021-08-11T15:24:08","modified_gmt":"2021-08-11T18:24:08","slug":"centro-de-parto-normal-gabrielly-ramos-comemora-2-anos-em-funcionamento","status":"publish","type":"post","link":"https:\/\/www.paudalho.pe.gov.br\/portal\/centro-de-parto-normal-gabrielly-ramos-comemora-2-anos-em-funcionamento\/","title":{"rendered":"Centro de Parto Normal Gabrielly Ramos comemora 2 anos em funcionamento"},"content":{"rendered":"\n<p>Localizado no munic\u00edpio do Paudalho, Zona da Mata de Pernambuco, o Centro de Parto Normal Gabrielly Ramos \u00e9 refer\u00eancia quando se trata de servi\u00e7o humanizado. Na \u00faltima quarta-feira (12), a unidade completou dois anos em funcionamento com um total de 3.327 atendimentos e 497 partos realizados. Para n\u00e3o deixar o anivers\u00e1rio passar em branco, uma pequena celebra\u00e7\u00e3o foi realizada na local. Na ocasi\u00e3o, estiveram presentes profissionais da \u00e1rea de sa\u00fade e algumas das m\u00e3es atendidas no centro.<\/p>\n\n\n\n<figure class=\"wp-block-image size-large\"><img loading=\"lazy\" decoding=\"async\" width=\"800\" height=\"450\" data-attachment-id=\"11976\" data-permalink=\"https:\/\/www.paudalho.pe.gov.br\/portal\/centro-de-parto-normal-gabrielly-ramos-comemora-2-anos-em-funcionamento\/img_2434\/\" data-orig-file=\"https:\/\/www.paudalho.pe.gov.br\/portal\/wp-content\/uploads\/2020\/08\/IMG_2434-scaled.jpg\" data-orig-size=\"2560,1707\" data-comments-opened=\"1\" data-image-meta=\"{&quot;aperture&quot;:&quot;4&quot;,&quot;credit&quot;:&quot;&quot;,&quot;camera&quot;:&quot;Canon EOS 6D Mark II&quot;,&quot;caption&quot;:&quot;&quot;,&quot;created_timestamp&quot;:&quot;1597242740&quot;,&quot;copyright&quot;:&quot;&quot;,&quot;focal_length&quot;:&quot;50&quot;,&quot;iso&quot;:&quot;1000&quot;,&quot;shutter_speed&quot;:&quot;0.01&quot;,&quot;title&quot;:&quot;&quot;,&quot;orientation&quot;:&quot;0&quot;}\" data-image-title=\"IMG_2434\" data-image-description=\"\" data-image-caption=\"&lt;p&gt;Foto: Josu\u00e9 J\u00fanior\/PMP.&lt;\/p&gt;\n\" data-medium-file=\"https:\/\/www.paudalho.pe.gov.br\/portal\/wp-content\/uploads\/2020\/08\/IMG_2434-350x230.jpg\" data-large-file=\"https:\/\/www.paudalho.pe.gov.br\/portal\/wp-content\/uploads\/2020\/08\/IMG_2434-800x450.jpg\" src=\"https:\/\/www.paudalho.pe.gov.br\/portal\/wp-content\/uploads\/2020\/08\/IMG_2434-800x450.jpg\" alt=\"\" class=\"wp-image-11976\"\/><figcaption><em>Larissa Leilane e sua filha Emanuele Na\u00edce. Foto: Josu\u00e9 J\u00fanior\/PMP.<\/em><\/figcaption><\/figure>\n\n\n\n<p>A paudalhense Larissa Leilane, m\u00e3e da beb\u00ea Emanuele Na\u00edce, esteve presente na celebra\u00e7\u00e3o e demonstrou sua felicidade por ter escolhido dar a luz no local. &#8220;Faz quatro meses que tive o meu beb\u00ea e foi uma experi\u00eancia \u00fanica. Foi maravilhoso, fui muito bem atendida. Aqui \u00e9 um lugar muito perfeito, indico para muitas amigas minhas. Ali\u00e1s, indiquei a uma amiga de S\u00e3o Loure\u00e7o e ela teve a nen\u00ea dela aqui&#8221;. Por ser o \u00fanico Centro de Parto Normal peri-hospitalar habilitado em todo Pernambuco, mulheres de v\u00e1rios locais do estado, inclusive da Regi\u00e3o Metropolitana do Recife, procuram o atendimento.<\/p>\n\n\n\n<figure class=\"wp-block-image size-large\"><img loading=\"lazy\" decoding=\"async\" width=\"2560\" height=\"1707\" data-attachment-id=\"11998\" data-permalink=\"https:\/\/www.paudalho.pe.gov.br\/portal\/centro-de-parto-normal-gabrielly-ramos-comemora-2-anos-em-funcionamento\/img_2496\/\" data-orig-file=\"https:\/\/www.paudalho.pe.gov.br\/portal\/wp-content\/uploads\/2020\/08\/IMG_2496-scaled.jpg\" data-orig-size=\"2560,1707\" data-comments-opened=\"1\" data-image-meta=\"{&quot;aperture&quot;:&quot;7.1&quot;,&quot;credit&quot;:&quot;&quot;,&quot;camera&quot;:&quot;Canon EOS 6D Mark II&quot;,&quot;caption&quot;:&quot;&quot;,&quot;created_timestamp&quot;:&quot;1597243774&quot;,&quot;copyright&quot;:&quot;&quot;,&quot;focal_length&quot;:&quot;54&quot;,&quot;iso&quot;:&quot;640&quot;,&quot;shutter_speed&quot;:&quot;0.008&quot;,&quot;title&quot;:&quot;&quot;,&quot;orientation&quot;:&quot;0&quot;}\" data-image-title=\"IMG_2496\" data-image-description=\"\" data-image-caption=\"\" data-medium-file=\"https:\/\/www.paudalho.pe.gov.br\/portal\/wp-content\/uploads\/2020\/08\/IMG_2496-350x230.jpg\" data-large-file=\"https:\/\/www.paudalho.pe.gov.br\/portal\/wp-content\/uploads\/2020\/08\/IMG_2496-800x450.jpg\" src=\"https:\/\/i1.wp.com\/www.paudalho.pe.gov.br\/portal\/wp-content\/uploads\/2020\/08\/IMG_2496-scaled.jpg?resize=800%2C450&amp;ssl=1\" alt=\"\" class=\"wp-image-11998\" srcset=\"https:\/\/www.paudalho.pe.gov.br\/portal\/wp-content\/uploads\/2020\/08\/IMG_2496-scaled.jpg 2560w, https:\/\/www.paudalho.pe.gov.br\/portal\/wp-content\/uploads\/2020\/08\/IMG_2496-768x512.jpg 768w, https:\/\/www.paudalho.pe.gov.br\/portal\/wp-content\/uploads\/2020\/08\/IMG_2496-1536x1024.jpg 1536w, https:\/\/www.paudalho.pe.gov.br\/portal\/wp-content\/uploads\/2020\/08\/IMG_2496-2048x1365.jpg 2048w\" sizes=\"auto, (max-width: 2560px) 100vw, 2560px\" \/><figcaption><em>Foto: Josu\u00e9 J\u00fanior\/PMP.<\/em><\/figcaption><\/figure>\n\n\n\n<p>A enfermeira obstetra Andressa Juliane se sente realizada em fazer parte dessa hist\u00f3ria. Ela trabalha no local desde o ano da inaugura\u00e7\u00e3o do espa\u00e7o, em 2018. \u201cA sensa\u00e7\u00e3o de trabalhar no Centro de Parto \u00e9 de verdadeira realiza\u00e7\u00e3o pelo fato de fazer o que eu amo, de fazer o que eu estudei e me especializei. Trabalhar em um local que te proporciona todos os materiais, todos os recursos necess\u00e1rios para oferecer o parto humanizado a uma mulher traz um sentimento de gratid\u00e3o\u201d. <\/p>\n\n\n\n<p>Ela destaca a valoriza\u00e7\u00e3o que cada paciente recebe. \u201cN\u00f3s da equipe fazemos tudo conforme as diretrizes, buscando o melhor para a m\u00e3e e o beb\u00ea. Sem infligir nenhum tipo de regra, sempre trabalhamos conforme as evid\u00eancias cient\u00edficas, somos enfermeiras obstetras atualizadas\u201d.<\/p>\n\n\n\n<figure class=\"wp-block-gallery columns-3 is-cropped wp-block-gallery-1 is-layout-flex wp-block-gallery-is-layout-flex\"><ul class=\"blocks-gallery-grid\"><li class=\"blocks-gallery-item\"><figure><img loading=\"lazy\" decoding=\"async\" width=\"800\" height=\"450\" data-attachment-id=\"11974\" data-permalink=\"https:\/\/www.paudalho.pe.gov.br\/portal\/centro-de-parto-normal-gabrielly-ramos-comemora-2-anos-em-funcionamento\/img_2428\/\" data-orig-file=\"https:\/\/www.paudalho.pe.gov.br\/portal\/wp-content\/uploads\/2020\/08\/IMG_2428-scaled.jpg\" data-orig-size=\"2560,1795\" data-comments-opened=\"1\" data-image-meta=\"{&quot;aperture&quot;:&quot;2.2&quot;,&quot;credit&quot;:&quot;&quot;,&quot;camera&quot;:&quot;Canon EOS 6D Mark II&quot;,&quot;caption&quot;:&quot;&quot;,&quot;created_timestamp&quot;:&quot;1597242643&quot;,&quot;copyright&quot;:&quot;&quot;,&quot;focal_length&quot;:&quot;50&quot;,&quot;iso&quot;:&quot;1000&quot;,&quot;shutter_speed&quot;:&quot;0.01&quot;,&quot;title&quot;:&quot;&quot;,&quot;orientation&quot;:&quot;0&quot;}\" data-image-title=\"IMG_2428\" data-image-description=\"\" data-image-caption=\"&lt;p&gt;Foto: Josu\u00e9 J\u00fanior\/PMP.&lt;\/p&gt;\n\" data-medium-file=\"https:\/\/www.paudalho.pe.gov.br\/portal\/wp-content\/uploads\/2020\/08\/IMG_2428-350x230.jpg\" data-large-file=\"https:\/\/www.paudalho.pe.gov.br\/portal\/wp-content\/uploads\/2020\/08\/IMG_2428-800x450.jpg\" src=\"https:\/\/www.paudalho.pe.gov.br\/portal\/wp-content\/uploads\/2020\/08\/IMG_2428-800x450.jpg\" alt=\"\" data-id=\"11974\" data-full-url=\"https:\/\/www.paudalho.pe.gov.br\/portal\/wp-content\/uploads\/2020\/08\/IMG_2428-scaled.jpg\" data-link=\"https:\/\/www.paudalho.pe.gov.br\/portal\/?attachment_id=11974\" class=\"wp-image-11974\"\/><figcaption class=\"blocks-gallery-item__caption\">Foto: Josu\u00e9 J\u00fanior\/PMP.<\/figcaption><\/figure><\/li><li class=\"blocks-gallery-item\"><figure><img loading=\"lazy\" decoding=\"async\" width=\"800\" height=\"450\" data-attachment-id=\"11975\" data-permalink=\"https:\/\/www.paudalho.pe.gov.br\/portal\/centro-de-parto-normal-gabrielly-ramos-comemora-2-anos-em-funcionamento\/img_2430\/\" data-orig-file=\"https:\/\/www.paudalho.pe.gov.br\/portal\/wp-content\/uploads\/2020\/08\/IMG_2430-scaled.jpg\" data-orig-size=\"1707,2560\" data-comments-opened=\"1\" data-image-meta=\"{&quot;aperture&quot;:&quot;2.2&quot;,&quot;credit&quot;:&quot;&quot;,&quot;camera&quot;:&quot;Canon EOS 6D Mark II&quot;,&quot;caption&quot;:&quot;&quot;,&quot;created_timestamp&quot;:&quot;1597242652&quot;,&quot;copyright&quot;:&quot;&quot;,&quot;focal_length&quot;:&quot;50&quot;,&quot;iso&quot;:&quot;1000&quot;,&quot;shutter_speed&quot;:&quot;0.0125&quot;,&quot;title&quot;:&quot;&quot;,&quot;orientation&quot;:&quot;0&quot;}\" data-image-title=\"IMG_2430\" data-image-description=\"\" data-image-caption=\"&lt;p&gt;Foto: Josu\u00e9 J\u00fanior\/PMP.&lt;\/p&gt;\n\" data-medium-file=\"https:\/\/www.paudalho.pe.gov.br\/portal\/wp-content\/uploads\/2020\/08\/IMG_2430-350x230.jpg\" data-large-file=\"https:\/\/www.paudalho.pe.gov.br\/portal\/wp-content\/uploads\/2020\/08\/IMG_2430-800x450.jpg\" src=\"https:\/\/www.paudalho.pe.gov.br\/portal\/wp-content\/uploads\/2020\/08\/IMG_2430-800x450.jpg\" alt=\"\" data-id=\"11975\" data-full-url=\"https:\/\/www.paudalho.pe.gov.br\/portal\/wp-content\/uploads\/2020\/08\/IMG_2430-scaled.jpg\" data-link=\"https:\/\/www.paudalho.pe.gov.br\/portal\/?attachment_id=11975\" class=\"wp-image-11975\"\/><figcaption class=\"blocks-gallery-item__caption\">Foto: Josu\u00e9 J\u00fanior\/PMP.<\/figcaption><\/figure><\/li><li class=\"blocks-gallery-item\"><figure><img loading=\"lazy\" decoding=\"async\" width=\"800\" height=\"450\" data-attachment-id=\"11973\" data-permalink=\"https:\/\/www.paudalho.pe.gov.br\/portal\/centro-de-parto-normal-gabrielly-ramos-comemora-2-anos-em-funcionamento\/img_2427\/\" data-orig-file=\"https:\/\/www.paudalho.pe.gov.br\/portal\/wp-content\/uploads\/2020\/08\/IMG_2427-scaled.jpg\" data-orig-size=\"2560,1707\" data-comments-opened=\"1\" data-image-meta=\"{&quot;aperture&quot;:&quot;2&quot;,&quot;credit&quot;:&quot;&quot;,&quot;camera&quot;:&quot;Canon EOS 6D Mark II&quot;,&quot;caption&quot;:&quot;&quot;,&quot;created_timestamp&quot;:&quot;1597242626&quot;,&quot;copyright&quot;:&quot;&quot;,&quot;focal_length&quot;:&quot;50&quot;,&quot;iso&quot;:&quot;640&quot;,&quot;shutter_speed&quot;:&quot;0.0125&quot;,&quot;title&quot;:&quot;&quot;,&quot;orientation&quot;:&quot;0&quot;}\" data-image-title=\"IMG_2427\" data-image-description=\"\" data-image-caption=\"&lt;p&gt;Foto: Josu\u00e9 J\u00fanior\/PMP.&lt;\/p&gt;\n\" data-medium-file=\"https:\/\/www.paudalho.pe.gov.br\/portal\/wp-content\/uploads\/2020\/08\/IMG_2427-350x230.jpg\" data-large-file=\"https:\/\/www.paudalho.pe.gov.br\/portal\/wp-content\/uploads\/2020\/08\/IMG_2427-800x450.jpg\" src=\"https:\/\/www.paudalho.pe.gov.br\/portal\/wp-content\/uploads\/2020\/08\/IMG_2427-800x450.jpg\" alt=\"\" data-id=\"11973\" data-full-url=\"https:\/\/www.paudalho.pe.gov.br\/portal\/wp-content\/uploads\/2020\/08\/IMG_2427-scaled.jpg\" data-link=\"https:\/\/www.paudalho.pe.gov.br\/portal\/?attachment_id=11973\" class=\"wp-image-11973\"\/><figcaption class=\"blocks-gallery-item__caption\">Foto: Josu\u00e9 J\u00fanior\/PMP.<\/figcaption><\/figure><\/li><li class=\"blocks-gallery-item\"><figure><img loading=\"lazy\" decoding=\"async\" width=\"800\" height=\"450\" data-attachment-id=\"11977\" data-permalink=\"https:\/\/www.paudalho.pe.gov.br\/portal\/centro-de-parto-normal-gabrielly-ramos-comemora-2-anos-em-funcionamento\/img_2435\/\" data-orig-file=\"https:\/\/www.paudalho.pe.gov.br\/portal\/wp-content\/uploads\/2020\/08\/IMG_2435-scaled.jpg\" data-orig-size=\"1926,2560\" data-comments-opened=\"1\" data-image-meta=\"{&quot;aperture&quot;:&quot;3.5&quot;,&quot;credit&quot;:&quot;&quot;,&quot;camera&quot;:&quot;Canon EOS 6D Mark II&quot;,&quot;caption&quot;:&quot;&quot;,&quot;created_timestamp&quot;:&quot;1597242811&quot;,&quot;copyright&quot;:&quot;&quot;,&quot;focal_length&quot;:&quot;50&quot;,&quot;iso&quot;:&quot;2000&quot;,&quot;shutter_speed&quot;:&quot;0.0125&quot;,&quot;title&quot;:&quot;&quot;,&quot;orientation&quot;:&quot;0&quot;}\" data-image-title=\"IMG_2435\" data-image-description=\"\" data-image-caption=\"&lt;p&gt;Foto: Josu\u00e9 J\u00fanior\/PMP.&lt;\/p&gt;\n\" data-medium-file=\"https:\/\/www.paudalho.pe.gov.br\/portal\/wp-content\/uploads\/2020\/08\/IMG_2435-350x230.jpg\" data-large-file=\"https:\/\/www.paudalho.pe.gov.br\/portal\/wp-content\/uploads\/2020\/08\/IMG_2435-800x450.jpg\" src=\"https:\/\/www.paudalho.pe.gov.br\/portal\/wp-content\/uploads\/2020\/08\/IMG_2435-800x450.jpg\" alt=\"\" data-id=\"11977\" data-full-url=\"https:\/\/www.paudalho.pe.gov.br\/portal\/wp-content\/uploads\/2020\/08\/IMG_2435-scaled.jpg\" data-link=\"https:\/\/www.paudalho.pe.gov.br\/portal\/?attachment_id=11977\" class=\"wp-image-11977\"\/><figcaption class=\"blocks-gallery-item__caption\">Foto: Josu\u00e9 J\u00fanior\/PMP.<\/figcaption><\/figure><\/li><li class=\"blocks-gallery-item\"><figure><img loading=\"lazy\" decoding=\"async\" width=\"800\" height=\"450\" data-attachment-id=\"11979\" data-permalink=\"https:\/\/www.paudalho.pe.gov.br\/portal\/centro-de-parto-normal-gabrielly-ramos-comemora-2-anos-em-funcionamento\/img_2437\/\" data-orig-file=\"https:\/\/www.paudalho.pe.gov.br\/portal\/wp-content\/uploads\/2020\/08\/IMG_2437-scaled.jpg\" data-orig-size=\"2560,1707\" data-comments-opened=\"1\" data-image-meta=\"{&quot;aperture&quot;:&quot;3.5&quot;,&quot;credit&quot;:&quot;&quot;,&quot;camera&quot;:&quot;Canon EOS 6D Mark II&quot;,&quot;caption&quot;:&quot;&quot;,&quot;created_timestamp&quot;:&quot;1597242829&quot;,&quot;copyright&quot;:&quot;&quot;,&quot;focal_length&quot;:&quot;50&quot;,&quot;iso&quot;:&quot;2000&quot;,&quot;shutter_speed&quot;:&quot;0.0125&quot;,&quot;title&quot;:&quot;&quot;,&quot;orientation&quot;:&quot;0&quot;}\" data-image-title=\"IMG_2437\" data-image-description=\"\" data-image-caption=\"&lt;p&gt;Foto: Josu\u00e9 J\u00fanior\/PMP.&lt;\/p&gt;\n\" data-medium-file=\"https:\/\/www.paudalho.pe.gov.br\/portal\/wp-content\/uploads\/2020\/08\/IMG_2437-350x230.jpg\" data-large-file=\"https:\/\/www.paudalho.pe.gov.br\/portal\/wp-content\/uploads\/2020\/08\/IMG_2437-800x450.jpg\" src=\"https:\/\/www.paudalho.pe.gov.br\/portal\/wp-content\/uploads\/2020\/08\/IMG_2437-800x450.jpg\" alt=\"\" data-id=\"11979\" data-full-url=\"https:\/\/www.paudalho.pe.gov.br\/portal\/wp-content\/uploads\/2020\/08\/IMG_2437-scaled.jpg\" data-link=\"https:\/\/www.paudalho.pe.gov.br\/portal\/?attachment_id=11979\" class=\"wp-image-11979\"\/><figcaption class=\"blocks-gallery-item__caption\">Foto: Josu\u00e9 J\u00fanior\/PMP.<\/figcaption><\/figure><\/li><li class=\"blocks-gallery-item\"><figure><img loading=\"lazy\" decoding=\"async\" width=\"800\" height=\"450\" data-attachment-id=\"11980\" data-permalink=\"https:\/\/www.paudalho.pe.gov.br\/portal\/centro-de-parto-normal-gabrielly-ramos-comemora-2-anos-em-funcionamento\/img_2439\/\" data-orig-file=\"https:\/\/www.paudalho.pe.gov.br\/portal\/wp-content\/uploads\/2020\/08\/IMG_2439-scaled.jpg\" data-orig-size=\"1707,2560\" data-comments-opened=\"1\" data-image-meta=\"{&quot;aperture&quot;:&quot;3.5&quot;,&quot;credit&quot;:&quot;&quot;,&quot;camera&quot;:&quot;Canon EOS 6D Mark II&quot;,&quot;caption&quot;:&quot;&quot;,&quot;created_timestamp&quot;:&quot;1597242853&quot;,&quot;copyright&quot;:&quot;&quot;,&quot;focal_length&quot;:&quot;50&quot;,&quot;iso&quot;:&quot;2000&quot;,&quot;shutter_speed&quot;:&quot;0.0125&quot;,&quot;title&quot;:&quot;&quot;,&quot;orientation&quot;:&quot;0&quot;}\" data-image-title=\"IMG_2439\" data-image-description=\"\" data-image-caption=\"&lt;p&gt;Foto: Josu\u00e9 J\u00fanior\/PMP.&lt;\/p&gt;\n\" data-medium-file=\"https:\/\/www.paudalho.pe.gov.br\/portal\/wp-content\/uploads\/2020\/08\/IMG_2439-350x230.jpg\" data-large-file=\"https:\/\/www.paudalho.pe.gov.br\/portal\/wp-content\/uploads\/2020\/08\/IMG_2439-800x450.jpg\" src=\"https:\/\/www.paudalho.pe.gov.br\/portal\/wp-content\/uploads\/2020\/08\/IMG_2439-800x450.jpg\" alt=\"\" data-id=\"11980\" data-full-url=\"https:\/\/www.paudalho.pe.gov.br\/portal\/wp-content\/uploads\/2020\/08\/IMG_2439-scaled.jpg\" data-link=\"https:\/\/www.paudalho.pe.gov.br\/portal\/?attachment_id=11980\" class=\"wp-image-11980\"\/><figcaption class=\"blocks-gallery-item__caption\">Foto: Josu\u00e9 J\u00fanior\/PMP.<\/figcaption><\/figure><\/li><li class=\"blocks-gallery-item\"><figure><img loading=\"lazy\" decoding=\"async\" width=\"800\" height=\"450\" data-attachment-id=\"11982\" data-permalink=\"https:\/\/www.paudalho.pe.gov.br\/portal\/centro-de-parto-normal-gabrielly-ramos-comemora-2-anos-em-funcionamento\/img_2442\/\" data-orig-file=\"https:\/\/www.paudalho.pe.gov.br\/portal\/wp-content\/uploads\/2020\/08\/IMG_2442-scaled.jpg\" data-orig-size=\"2560,1707\" data-comments-opened=\"1\" data-image-meta=\"{&quot;aperture&quot;:&quot;3.5&quot;,&quot;credit&quot;:&quot;&quot;,&quot;camera&quot;:&quot;Canon EOS 6D Mark II&quot;,&quot;caption&quot;:&quot;&quot;,&quot;created_timestamp&quot;:&quot;1597242927&quot;,&quot;copyright&quot;:&quot;&quot;,&quot;focal_length&quot;:&quot;50&quot;,&quot;iso&quot;:&quot;2000&quot;,&quot;shutter_speed&quot;:&quot;0.0125&quot;,&quot;title&quot;:&quot;&quot;,&quot;orientation&quot;:&quot;0&quot;}\" data-image-title=\"IMG_2442\" data-image-description=\"\" data-image-caption=\"&lt;p&gt;Foto: Josu\u00e9 J\u00fanior\/PMP.&lt;\/p&gt;\n\" data-medium-file=\"https:\/\/www.paudalho.pe.gov.br\/portal\/wp-content\/uploads\/2020\/08\/IMG_2442-350x230.jpg\" data-large-file=\"https:\/\/www.paudalho.pe.gov.br\/portal\/wp-content\/uploads\/2020\/08\/IMG_2442-800x450.jpg\" src=\"https:\/\/www.paudalho.pe.gov.br\/portal\/wp-content\/uploads\/2020\/08\/IMG_2442-800x450.jpg\" alt=\"\" data-id=\"11982\" data-full-url=\"https:\/\/www.paudalho.pe.gov.br\/portal\/wp-content\/uploads\/2020\/08\/IMG_2442-scaled.jpg\" data-link=\"https:\/\/www.paudalho.pe.gov.br\/portal\/?attachment_id=11982\" class=\"wp-image-11982\"\/><figcaption class=\"blocks-gallery-item__caption\">Foto: Josu\u00e9 J\u00fanior\/PMP.<\/figcaption><\/figure><\/li><li class=\"blocks-gallery-item\"><figure><img loading=\"lazy\" decoding=\"async\" width=\"800\" height=\"450\" data-attachment-id=\"11984\" data-permalink=\"https:\/\/www.paudalho.pe.gov.br\/portal\/centro-de-parto-normal-gabrielly-ramos-comemora-2-anos-em-funcionamento\/img_2443\/\" data-orig-file=\"https:\/\/www.paudalho.pe.gov.br\/portal\/wp-content\/uploads\/2020\/08\/IMG_2443-scaled.jpg\" data-orig-size=\"2560,1707\" data-comments-opened=\"1\" data-image-meta=\"{&quot;aperture&quot;:&quot;3.2&quot;,&quot;credit&quot;:&quot;&quot;,&quot;camera&quot;:&quot;Canon EOS 6D Mark II&quot;,&quot;caption&quot;:&quot;&quot;,&quot;created_timestamp&quot;:&quot;1597242987&quot;,&quot;copyright&quot;:&quot;&quot;,&quot;focal_length&quot;:&quot;50&quot;,&quot;iso&quot;:&quot;2000&quot;,&quot;shutter_speed&quot;:&quot;0.01&quot;,&quot;title&quot;:&quot;&quot;,&quot;orientation&quot;:&quot;0&quot;}\" data-image-title=\"IMG_2443\" data-image-description=\"\" data-image-caption=\"&lt;p&gt;Foto: Josu\u00e9 J\u00fanior\/PMP.&lt;\/p&gt;\n\" data-medium-file=\"https:\/\/www.paudalho.pe.gov.br\/portal\/wp-content\/uploads\/2020\/08\/IMG_2443-350x230.jpg\" data-large-file=\"https:\/\/www.paudalho.pe.gov.br\/portal\/wp-content\/uploads\/2020\/08\/IMG_2443-800x450.jpg\" src=\"https:\/\/www.paudalho.pe.gov.br\/portal\/wp-content\/uploads\/2020\/08\/IMG_2443-800x450.jpg\" alt=\"\" data-id=\"11984\" data-full-url=\"https:\/\/www.paudalho.pe.gov.br\/portal\/wp-content\/uploads\/2020\/08\/IMG_2443-scaled.jpg\" data-link=\"https:\/\/www.paudalho.pe.gov.br\/portal\/?attachment_id=11984\" class=\"wp-image-11984\"\/><figcaption class=\"blocks-gallery-item__caption\">Foto: Josu\u00e9 J\u00fanior\/PMP.<\/figcaption><\/figure><\/li><li class=\"blocks-gallery-item\"><figure><img loading=\"lazy\" decoding=\"async\" width=\"800\" height=\"450\" data-attachment-id=\"11986\" data-permalink=\"https:\/\/www.paudalho.pe.gov.br\/portal\/centro-de-parto-normal-gabrielly-ramos-comemora-2-anos-em-funcionamento\/img_2464\/\" data-orig-file=\"https:\/\/www.paudalho.pe.gov.br\/portal\/wp-content\/uploads\/2020\/08\/IMG_2464-scaled.jpg\" data-orig-size=\"2560,1707\" data-comments-opened=\"1\" data-image-meta=\"{&quot;aperture&quot;:&quot;2.5&quot;,&quot;credit&quot;:&quot;&quot;,&quot;camera&quot;:&quot;Canon EOS 6D Mark II&quot;,&quot;caption&quot;:&quot;&quot;,&quot;created_timestamp&quot;:&quot;1597243397&quot;,&quot;copyright&quot;:&quot;&quot;,&quot;focal_length&quot;:&quot;50&quot;,&quot;iso&quot;:&quot;1000&quot;,&quot;shutter_speed&quot;:&quot;0.01&quot;,&quot;title&quot;:&quot;&quot;,&quot;orientation&quot;:&quot;0&quot;}\" data-image-title=\"IMG_2464\" data-image-description=\"\" data-image-caption=\"&lt;p&gt;Foto: Josu\u00e9 J\u00fanior\/PMP.&lt;\/p&gt;\n\" data-medium-file=\"https:\/\/www.paudalho.pe.gov.br\/portal\/wp-content\/uploads\/2020\/08\/IMG_2464-350x230.jpg\" data-large-file=\"https:\/\/www.paudalho.pe.gov.br\/portal\/wp-content\/uploads\/2020\/08\/IMG_2464-800x450.jpg\" src=\"https:\/\/www.paudalho.pe.gov.br\/portal\/wp-content\/uploads\/2020\/08\/IMG_2464-800x450.jpg\" alt=\"\" data-id=\"11986\" data-full-url=\"https:\/\/www.paudalho.pe.gov.br\/portal\/wp-content\/uploads\/2020\/08\/IMG_2464-scaled.jpg\" data-link=\"https:\/\/www.paudalho.pe.gov.br\/portal\/?attachment_id=11986\" class=\"wp-image-11986\"\/><figcaption class=\"blocks-gallery-item__caption\">Foto: Josu\u00e9 J\u00fanior\/PMP.<\/figcaption><\/figure><\/li><\/ul><\/figure>\n\n\n\n<h3 class=\"wp-block-heading\">Mudan\u00e7as com a pandemia <\/h3>\n\n\n\n<p>Devido a pandemia do Covid-19, a demanda de atendimentos no Centro de Parto Gabrielly Ramos se intensificou. De acordo com Andressa Juliane, o fluxo de gestantes de outras cidades que procuram o espa\u00e7o aumentou em raz\u00e3o da preocupa\u00e7\u00e3o que o momento despertou nessas mulheres. Por oferecer servi\u00e7os de baixo risco e parto humanizado, a unidade se diferencia das demais maternidades do estado. <\/p>\n\n\n\n<p>Como forma de evitar o cont\u00e1gio do coronav\u00edrus no local, o n\u00famero de acompanhantes diminuiu de dois para apenas um. Caso o pai da crian\u00e7a n\u00e3o seja o escolhido, por direito, ele pode marcar uma visita em hor\u00e1rio espec\u00edfico. Tamb\u00e9m por causa da pandemia, a unidade passou a dar alta as m\u00e3es em 24h para evitar que os rec\u00e9m nascidos passem muito tempo internados. Antes, esse procedimento ocorria em at\u00e9 48h. A enfermeira explica o porqu\u00ea da mudan\u00e7a: &#8220;As m\u00e3es s\u00e3o grupo de risco tanto enquanto gestantes como pu\u00e9rperas. Ent\u00e3o, se estiver tudo certo com a mulher e com o beb\u00ea, eles t\u00eam alta&#8221;.<\/p>\n\n\n\n<h3 class=\"wp-block-heading\">Estrutura <\/h3>\n\n\n\n<p>Cada quarto tem referencia \u201cPPP\u201d, ou seja: pr\u00e9-parto, parto e puerp\u00e9rio, e conta com equipamentos de \u00faltima gera\u00e7\u00e3o, wifi e Smarts TVs com servi\u00e7os de streaming. O Centro possui uma \u00e1rea de aproximadamente 502 metros quadrados. Tudo planejado em min\u00facias para garantir a seguran\u00e7a e o bem-estar da m\u00e3e e do beb\u00ea.<\/p>\n\n\n\n<p><strong>Confira mais fotos do evento em comemora\u00e7\u00e3o aos 2 anos do Centro de Parto Normal Gabrielly Ramos: <\/strong><\/p>\n\n\n\n<figure class=\"wp-block-gallery columns-3 is-cropped wp-block-gallery-2 is-layout-flex wp-block-gallery-is-layout-flex\"><ul class=\"blocks-gallery-grid\"><li class=\"blocks-gallery-item\"><figure><img loading=\"lazy\" decoding=\"async\" width=\"800\" height=\"450\" data-attachment-id=\"12003\" data-permalink=\"https:\/\/www.paudalho.pe.gov.br\/portal\/centro-de-parto-normal-gabrielly-ramos-comemora-2-anos-em-funcionamento\/img_2451\/\" data-orig-file=\"https:\/\/www.paudalho.pe.gov.br\/portal\/wp-content\/uploads\/2020\/08\/IMG_2451-scaled.jpg\" data-orig-size=\"2560,1707\" data-comments-opened=\"1\" data-image-meta=\"{&quot;aperture&quot;:&quot;3.2&quot;,&quot;credit&quot;:&quot;&quot;,&quot;camera&quot;:&quot;Canon EOS 6D Mark II&quot;,&quot;caption&quot;:&quot;&quot;,&quot;created_timestamp&quot;:&quot;1597243111&quot;,&quot;copyright&quot;:&quot;&quot;,&quot;focal_length&quot;:&quot;50&quot;,&quot;iso&quot;:&quot;2000&quot;,&quot;shutter_speed&quot;:&quot;0.008&quot;,&quot;title&quot;:&quot;&quot;,&quot;orientation&quot;:&quot;0&quot;}\" data-image-title=\"IMG_2451\" data-image-description=\"\" data-image-caption=\"\" data-medium-file=\"https:\/\/www.paudalho.pe.gov.br\/portal\/wp-content\/uploads\/2020\/08\/IMG_2451-350x230.jpg\" data-large-file=\"https:\/\/www.paudalho.pe.gov.br\/portal\/wp-content\/uploads\/2020\/08\/IMG_2451-800x450.jpg\" src=\"https:\/\/www.paudalho.pe.gov.br\/portal\/wp-content\/uploads\/2020\/08\/IMG_2451-800x450.jpg\" alt=\"\" data-id=\"12003\" data-full-url=\"https:\/\/www.paudalho.pe.gov.br\/portal\/wp-content\/uploads\/2020\/08\/IMG_2451-scaled.jpg\" data-link=\"https:\/\/www.paudalho.pe.gov.br\/portal\/?attachment_id=12003\" class=\"wp-image-12003\"\/><\/figure><\/li><li class=\"blocks-gallery-item\"><figure><img loading=\"lazy\" decoding=\"async\" width=\"800\" height=\"450\" data-attachment-id=\"12002\" data-permalink=\"https:\/\/www.paudalho.pe.gov.br\/portal\/centro-de-parto-normal-gabrielly-ramos-comemora-2-anos-em-funcionamento\/img_2449\/\" data-orig-file=\"https:\/\/www.paudalho.pe.gov.br\/portal\/wp-content\/uploads\/2020\/08\/IMG_2449-scaled.jpg\" data-orig-size=\"2560,1707\" data-comments-opened=\"1\" data-image-meta=\"{&quot;aperture&quot;:&quot;3.2&quot;,&quot;credit&quot;:&quot;&quot;,&quot;camera&quot;:&quot;Canon EOS 6D Mark II&quot;,&quot;caption&quot;:&quot;&quot;,&quot;created_timestamp&quot;:&quot;1597243105&quot;,&quot;copyright&quot;:&quot;&quot;,&quot;focal_length&quot;:&quot;50&quot;,&quot;iso&quot;:&quot;2000&quot;,&quot;shutter_speed&quot;:&quot;0.008&quot;,&quot;title&quot;:&quot;&quot;,&quot;orientation&quot;:&quot;0&quot;}\" data-image-title=\"IMG_2449\" data-image-description=\"\" data-image-caption=\"\" data-medium-file=\"https:\/\/www.paudalho.pe.gov.br\/portal\/wp-content\/uploads\/2020\/08\/IMG_2449-350x230.jpg\" data-large-file=\"https:\/\/www.paudalho.pe.gov.br\/portal\/wp-content\/uploads\/2020\/08\/IMG_2449-800x450.jpg\" src=\"https:\/\/www.paudalho.pe.gov.br\/portal\/wp-content\/uploads\/2020\/08\/IMG_2449-800x450.jpg\" alt=\"\" data-id=\"12002\" data-full-url=\"https:\/\/www.paudalho.pe.gov.br\/portal\/wp-content\/uploads\/2020\/08\/IMG_2449-scaled.jpg\" data-link=\"https:\/\/www.paudalho.pe.gov.br\/portal\/?attachment_id=12002\" class=\"wp-image-12002\"\/><\/figure><\/li><li class=\"blocks-gallery-item\"><figure><img loading=\"lazy\" decoding=\"async\" width=\"800\" height=\"450\" data-attachment-id=\"12006\" data-permalink=\"https:\/\/www.paudalho.pe.gov.br\/portal\/centro-de-parto-normal-gabrielly-ramos-comemora-2-anos-em-funcionamento\/img_2461\/\" data-orig-file=\"https:\/\/www.paudalho.pe.gov.br\/portal\/wp-content\/uploads\/2020\/08\/IMG_2461-scaled.jpg\" data-orig-size=\"2560,1707\" data-comments-opened=\"1\" data-image-meta=\"{&quot;aperture&quot;:&quot;2.5&quot;,&quot;credit&quot;:&quot;&quot;,&quot;camera&quot;:&quot;Canon EOS 6D Mark II&quot;,&quot;caption&quot;:&quot;&quot;,&quot;created_timestamp&quot;:&quot;1597243374&quot;,&quot;copyright&quot;:&quot;&quot;,&quot;focal_length&quot;:&quot;50&quot;,&quot;iso&quot;:&quot;1000&quot;,&quot;shutter_speed&quot;:&quot;0.01&quot;,&quot;title&quot;:&quot;&quot;,&quot;orientation&quot;:&quot;0&quot;}\" data-image-title=\"IMG_2461\" data-image-description=\"\" data-image-caption=\"\" data-medium-file=\"https:\/\/www.paudalho.pe.gov.br\/portal\/wp-content\/uploads\/2020\/08\/IMG_2461-350x230.jpg\" data-large-file=\"https:\/\/www.paudalho.pe.gov.br\/portal\/wp-content\/uploads\/2020\/08\/IMG_2461-800x450.jpg\" src=\"https:\/\/www.paudalho.pe.gov.br\/portal\/wp-content\/uploads\/2020\/08\/IMG_2461-800x450.jpg\" alt=\"\" data-id=\"12006\" data-full-url=\"https:\/\/www.paudalho.pe.gov.br\/portal\/wp-content\/uploads\/2020\/08\/IMG_2461-scaled.jpg\" data-link=\"https:\/\/www.paudalho.pe.gov.br\/portal\/?attachment_id=12006\" class=\"wp-image-12006\"\/><\/figure><\/li><li class=\"blocks-gallery-item\"><figure><img loading=\"lazy\" decoding=\"async\" width=\"800\" height=\"450\" data-attachment-id=\"12011\" data-permalink=\"https:\/\/www.paudalho.pe.gov.br\/portal\/centro-de-parto-normal-gabrielly-ramos-comemora-2-anos-em-funcionamento\/img_2469\/\" data-orig-file=\"https:\/\/www.paudalho.pe.gov.br\/portal\/wp-content\/uploads\/2020\/08\/IMG_2469-scaled.jpg\" data-orig-size=\"2560,1707\" data-comments-opened=\"1\" data-image-meta=\"{&quot;aperture&quot;:&quot;5&quot;,&quot;credit&quot;:&quot;&quot;,&quot;camera&quot;:&quot;Canon EOS 6D Mark II&quot;,&quot;caption&quot;:&quot;&quot;,&quot;created_timestamp&quot;:&quot;1597243519&quot;,&quot;copyright&quot;:&quot;&quot;,&quot;focal_length&quot;:&quot;30&quot;,&quot;iso&quot;:&quot;250&quot;,&quot;shutter_speed&quot;:&quot;0.016666666666667&quot;,&quot;title&quot;:&quot;&quot;,&quot;orientation&quot;:&quot;0&quot;}\" data-image-title=\"IMG_2469\" data-image-description=\"\" data-image-caption=\"\" data-medium-file=\"https:\/\/www.paudalho.pe.gov.br\/portal\/wp-content\/uploads\/2020\/08\/IMG_2469-350x230.jpg\" data-large-file=\"https:\/\/www.paudalho.pe.gov.br\/portal\/wp-content\/uploads\/2020\/08\/IMG_2469-800x450.jpg\" src=\"https:\/\/www.paudalho.pe.gov.br\/portal\/wp-content\/uploads\/2020\/08\/IMG_2469-800x450.jpg\" alt=\"\" data-id=\"12011\" data-full-url=\"https:\/\/www.paudalho.pe.gov.br\/portal\/wp-content\/uploads\/2020\/08\/IMG_2469-scaled.jpg\" data-link=\"https:\/\/www.paudalho.pe.gov.br\/portal\/?attachment_id=12011\" class=\"wp-image-12011\"\/><\/figure><\/li><li class=\"blocks-gallery-item\"><figure><img loading=\"lazy\" decoding=\"async\" width=\"800\" height=\"450\" data-attachment-id=\"12013\" data-permalink=\"https:\/\/www.paudalho.pe.gov.br\/portal\/centro-de-parto-normal-gabrielly-ramos-comemora-2-anos-em-funcionamento\/img_2470\/\" data-orig-file=\"https:\/\/www.paudalho.pe.gov.br\/portal\/wp-content\/uploads\/2020\/08\/IMG_2470-scaled.jpg\" data-orig-size=\"2560,1707\" data-comments-opened=\"1\" data-image-meta=\"{&quot;aperture&quot;:&quot;5.6&quot;,&quot;credit&quot;:&quot;&quot;,&quot;camera&quot;:&quot;Canon EOS 6D Mark II&quot;,&quot;caption&quot;:&quot;&quot;,&quot;created_timestamp&quot;:&quot;1597243524&quot;,&quot;copyright&quot;:&quot;&quot;,&quot;focal_length&quot;:&quot;24&quot;,&quot;iso&quot;:&quot;250&quot;,&quot;shutter_speed&quot;:&quot;0.016666666666667&quot;,&quot;title&quot;:&quot;&quot;,&quot;orientation&quot;:&quot;0&quot;}\" data-image-title=\"IMG_2470\" data-image-description=\"\" data-image-caption=\"\" data-medium-file=\"https:\/\/www.paudalho.pe.gov.br\/portal\/wp-content\/uploads\/2020\/08\/IMG_2470-350x230.jpg\" data-large-file=\"https:\/\/www.paudalho.pe.gov.br\/portal\/wp-content\/uploads\/2020\/08\/IMG_2470-800x450.jpg\" src=\"https:\/\/www.paudalho.pe.gov.br\/portal\/wp-content\/uploads\/2020\/08\/IMG_2470-800x450.jpg\" alt=\"\" data-id=\"12013\" data-full-url=\"https:\/\/www.paudalho.pe.gov.br\/portal\/wp-content\/uploads\/2020\/08\/IMG_2470-scaled.jpg\" data-link=\"https:\/\/www.paudalho.pe.gov.br\/portal\/?attachment_id=12013\" class=\"wp-image-12013\"\/><\/figure><\/li><li class=\"blocks-gallery-item\"><figure><img loading=\"lazy\" decoding=\"async\" width=\"800\" height=\"450\" data-attachment-id=\"12014\" data-permalink=\"https:\/\/www.paudalho.pe.gov.br\/portal\/centro-de-parto-normal-gabrielly-ramos-comemora-2-anos-em-funcionamento\/img_2471\/\" data-orig-file=\"https:\/\/www.paudalho.pe.gov.br\/portal\/wp-content\/uploads\/2020\/08\/IMG_2471-scaled.jpg\" data-orig-size=\"2560,1707\" data-comments-opened=\"1\" data-image-meta=\"{&quot;aperture&quot;:&quot;5.6&quot;,&quot;credit&quot;:&quot;&quot;,&quot;camera&quot;:&quot;Canon EOS 6D Mark II&quot;,&quot;caption&quot;:&quot;&quot;,&quot;created_timestamp&quot;:&quot;1597243530&quot;,&quot;copyright&quot;:&quot;&quot;,&quot;focal_length&quot;:&quot;99&quot;,&quot;iso&quot;:&quot;250&quot;,&quot;shutter_speed&quot;:&quot;0.016666666666667&quot;,&quot;title&quot;:&quot;&quot;,&quot;orientation&quot;:&quot;0&quot;}\" data-image-title=\"IMG_2471\" data-image-description=\"\" data-image-caption=\"\" data-medium-file=\"https:\/\/www.paudalho.pe.gov.br\/portal\/wp-content\/uploads\/2020\/08\/IMG_2471-350x230.jpg\" data-large-file=\"https:\/\/www.paudalho.pe.gov.br\/portal\/wp-content\/uploads\/2020\/08\/IMG_2471-800x450.jpg\" src=\"https:\/\/www.paudalho.pe.gov.br\/portal\/wp-content\/uploads\/2020\/08\/IMG_2471-800x450.jpg\" alt=\"\" data-id=\"12014\" data-full-url=\"https:\/\/www.paudalho.pe.gov.br\/portal\/wp-content\/uploads\/2020\/08\/IMG_2471-scaled.jpg\" data-link=\"https:\/\/www.paudalho.pe.gov.br\/portal\/?attachment_id=12014\" class=\"wp-image-12014\"\/><\/figure><\/li><li class=\"blocks-gallery-item\"><figure><img loading=\"lazy\" decoding=\"async\" width=\"800\" height=\"450\" data-attachment-id=\"12015\" data-permalink=\"https:\/\/www.paudalho.pe.gov.br\/portal\/centro-de-parto-normal-gabrielly-ramos-comemora-2-anos-em-funcionamento\/img_2472\/\" data-orig-file=\"https:\/\/www.paudalho.pe.gov.br\/portal\/wp-content\/uploads\/2020\/08\/IMG_2472-scaled.jpg\" data-orig-size=\"2560,1707\" data-comments-opened=\"1\" data-image-meta=\"{&quot;aperture&quot;:&quot;6.3&quot;,&quot;credit&quot;:&quot;&quot;,&quot;camera&quot;:&quot;Canon EOS 6D Mark II&quot;,&quot;caption&quot;:&quot;&quot;,&quot;created_timestamp&quot;:&quot;1597243550&quot;,&quot;copyright&quot;:&quot;&quot;,&quot;focal_length&quot;:&quot;105&quot;,&quot;iso&quot;:&quot;640&quot;,&quot;shutter_speed&quot;:&quot;0.01&quot;,&quot;title&quot;:&quot;&quot;,&quot;orientation&quot;:&quot;0&quot;}\" data-image-title=\"IMG_2472\" data-image-description=\"\" data-image-caption=\"\" data-medium-file=\"https:\/\/www.paudalho.pe.gov.br\/portal\/wp-content\/uploads\/2020\/08\/IMG_2472-350x230.jpg\" data-large-file=\"https:\/\/www.paudalho.pe.gov.br\/portal\/wp-content\/uploads\/2020\/08\/IMG_2472-800x450.jpg\" src=\"https:\/\/www.paudalho.pe.gov.br\/portal\/wp-content\/uploads\/2020\/08\/IMG_2472-800x450.jpg\" alt=\"\" data-id=\"12015\" data-full-url=\"https:\/\/www.paudalho.pe.gov.br\/portal\/wp-content\/uploads\/2020\/08\/IMG_2472-scaled.jpg\" data-link=\"https:\/\/www.paudalho.pe.gov.br\/portal\/?attachment_id=12015\" class=\"wp-image-12015\"\/><\/figure><\/li><li class=\"blocks-gallery-item\"><figure><img loading=\"lazy\" decoding=\"async\" width=\"800\" height=\"450\" data-attachment-id=\"12020\" data-permalink=\"https:\/\/www.paudalho.pe.gov.br\/portal\/centro-de-parto-normal-gabrielly-ramos-comemora-2-anos-em-funcionamento\/img_2514\/\" data-orig-file=\"https:\/\/www.paudalho.pe.gov.br\/portal\/wp-content\/uploads\/2020\/08\/IMG_2514-scaled.jpg\" data-orig-size=\"1707,2560\" data-comments-opened=\"1\" data-image-meta=\"{&quot;aperture&quot;:&quot;5.6&quot;,&quot;credit&quot;:&quot;&quot;,&quot;camera&quot;:&quot;Canon EOS 6D Mark II&quot;,&quot;caption&quot;:&quot;&quot;,&quot;created_timestamp&quot;:&quot;1597244132&quot;,&quot;copyright&quot;:&quot;&quot;,&quot;focal_length&quot;:&quot;96&quot;,&quot;iso&quot;:&quot;800&quot;,&quot;shutter_speed&quot;:&quot;0.00625&quot;,&quot;title&quot;:&quot;&quot;,&quot;orientation&quot;:&quot;0&quot;}\" data-image-title=\"IMG_2514\" data-image-description=\"\" data-image-caption=\"\" data-medium-file=\"https:\/\/www.paudalho.pe.gov.br\/portal\/wp-content\/uploads\/2020\/08\/IMG_2514-350x230.jpg\" data-large-file=\"https:\/\/www.paudalho.pe.gov.br\/portal\/wp-content\/uploads\/2020\/08\/IMG_2514-800x450.jpg\" src=\"https:\/\/www.paudalho.pe.gov.br\/portal\/wp-content\/uploads\/2020\/08\/IMG_2514-800x450.jpg\" alt=\"\" data-id=\"12020\" data-full-url=\"https:\/\/www.paudalho.pe.gov.br\/portal\/wp-content\/uploads\/2020\/08\/IMG_2514-scaled.jpg\" data-link=\"https:\/\/www.paudalho.pe.gov.br\/portal\/?attachment_id=12020\" class=\"wp-image-12020\"\/><\/figure><\/li><li class=\"blocks-gallery-item\"><figure><img loading=\"lazy\" decoding=\"async\" width=\"800\" height=\"450\" data-attachment-id=\"12019\" data-permalink=\"https:\/\/www.paudalho.pe.gov.br\/portal\/centro-de-parto-normal-gabrielly-ramos-comemora-2-anos-em-funcionamento\/img_2510\/\" data-orig-file=\"https:\/\/www.paudalho.pe.gov.br\/portal\/wp-content\/uploads\/2020\/08\/IMG_2510-scaled.jpg\" data-orig-size=\"2560,1707\" data-comments-opened=\"1\" data-image-meta=\"{&quot;aperture&quot;:&quot;5.6&quot;,&quot;credit&quot;:&quot;&quot;,&quot;camera&quot;:&quot;Canon EOS 6D Mark II&quot;,&quot;caption&quot;:&quot;&quot;,&quot;created_timestamp&quot;:&quot;1597244071&quot;,&quot;copyright&quot;:&quot;&quot;,&quot;focal_length&quot;:&quot;90&quot;,&quot;iso&quot;:&quot;800&quot;,&quot;shutter_speed&quot;:&quot;0.00625&quot;,&quot;title&quot;:&quot;&quot;,&quot;orientation&quot;:&quot;0&quot;}\" data-image-title=\"IMG_2510\" data-image-description=\"\" data-image-caption=\"\" data-medium-file=\"https:\/\/www.paudalho.pe.gov.br\/portal\/wp-content\/uploads\/2020\/08\/IMG_2510-350x230.jpg\" data-large-file=\"https:\/\/www.paudalho.pe.gov.br\/portal\/wp-content\/uploads\/2020\/08\/IMG_2510-800x450.jpg\" src=\"https:\/\/www.paudalho.pe.gov.br\/portal\/wp-content\/uploads\/2020\/08\/IMG_2510-800x450.jpg\" alt=\"\" data-id=\"12019\" data-full-url=\"https:\/\/www.paudalho.pe.gov.br\/portal\/wp-content\/uploads\/2020\/08\/IMG_2510-scaled.jpg\" data-link=\"https:\/\/www.paudalho.pe.gov.br\/portal\/?attachment_id=12019\" class=\"wp-image-12019\"\/><\/figure><\/li><\/ul><\/figure>\n\n\n\n<figure class=\"wp-block-gallery columns-3 is-cropped wp-block-gallery-3 is-layout-flex wp-block-gallery-is-layout-flex\"><ul class=\"blocks-gallery-grid\"><li class=\"blocks-gallery-item\"><figure><img loading=\"lazy\" decoding=\"async\" width=\"800\" height=\"450\" data-attachment-id=\"12025\" data-permalink=\"https:\/\/www.paudalho.pe.gov.br\/portal\/centro-de-parto-normal-gabrielly-ramos-comemora-2-anos-em-funcionamento\/img_2547\/\" data-orig-file=\"https:\/\/www.paudalho.pe.gov.br\/portal\/wp-content\/uploads\/2020\/08\/IMG_2547-scaled.jpg\" data-orig-size=\"2560,1707\" data-comments-opened=\"1\" data-image-meta=\"{&quot;aperture&quot;:&quot;5.6&quot;,&quot;credit&quot;:&quot;&quot;,&quot;camera&quot;:&quot;Canon EOS 6D Mark II&quot;,&quot;caption&quot;:&quot;&quot;,&quot;created_timestamp&quot;:&quot;1597244830&quot;,&quot;copyright&quot;:&quot;&quot;,&quot;focal_length&quot;:&quot;105&quot;,&quot;iso&quot;:&quot;1000&quot;,&quot;shutter_speed&quot;:&quot;0.008&quot;,&quot;title&quot;:&quot;&quot;,&quot;orientation&quot;:&quot;0&quot;}\" data-image-title=\"IMG_2547\" data-image-description=\"\" data-image-caption=\"\" data-medium-file=\"https:\/\/www.paudalho.pe.gov.br\/portal\/wp-content\/uploads\/2020\/08\/IMG_2547-350x230.jpg\" data-large-file=\"https:\/\/www.paudalho.pe.gov.br\/portal\/wp-content\/uploads\/2020\/08\/IMG_2547-800x450.jpg\" src=\"https:\/\/www.paudalho.pe.gov.br\/portal\/wp-content\/uploads\/2020\/08\/IMG_2547-800x450.jpg\" alt=\"\" data-id=\"12025\" data-link=\"https:\/\/www.paudalho.pe.gov.br\/portal\/?attachment_id=12025\" class=\"wp-image-12025\"\/><\/figure><\/li><li class=\"blocks-gallery-item\"><figure><img loading=\"lazy\" decoding=\"async\" width=\"800\" height=\"450\" data-attachment-id=\"12026\" data-permalink=\"https:\/\/www.paudalho.pe.gov.br\/portal\/centro-de-parto-normal-gabrielly-ramos-comemora-2-anos-em-funcionamento\/img_2560\/\" data-orig-file=\"https:\/\/www.paudalho.pe.gov.br\/portal\/wp-content\/uploads\/2020\/08\/IMG_2560-scaled.jpg\" data-orig-size=\"2560,1707\" data-comments-opened=\"1\" data-image-meta=\"{&quot;aperture&quot;:&quot;5.6&quot;,&quot;credit&quot;:&quot;&quot;,&quot;camera&quot;:&quot;Canon EOS 6D Mark II&quot;,&quot;caption&quot;:&quot;&quot;,&quot;created_timestamp&quot;:&quot;1597245376&quot;,&quot;copyright&quot;:&quot;&quot;,&quot;focal_length&quot;:&quot;92&quot;,&quot;iso&quot;:&quot;1000&quot;,&quot;shutter_speed&quot;:&quot;0.01&quot;,&quot;title&quot;:&quot;&quot;,&quot;orientation&quot;:&quot;0&quot;}\" data-image-title=\"IMG_2560\" data-image-description=\"\" data-image-caption=\"\" data-medium-file=\"https:\/\/www.paudalho.pe.gov.br\/portal\/wp-content\/uploads\/2020\/08\/IMG_2560-350x230.jpg\" data-large-file=\"https:\/\/www.paudalho.pe.gov.br\/portal\/wp-content\/uploads\/2020\/08\/IMG_2560-800x450.jpg\" src=\"https:\/\/www.paudalho.pe.gov.br\/portal\/wp-content\/uploads\/2020\/08\/IMG_2560-800x450.jpg\" alt=\"\" data-id=\"12026\" data-link=\"https:\/\/www.paudalho.pe.gov.br\/portal\/?attachment_id=12026\" class=\"wp-image-12026\"\/><\/figure><\/li><li class=\"blocks-gallery-item\"><figure><img loading=\"lazy\" decoding=\"async\" width=\"800\" height=\"450\" data-attachment-id=\"12023\" data-permalink=\"https:\/\/www.paudalho.pe.gov.br\/portal\/centro-de-parto-normal-gabrielly-ramos-comemora-2-anos-em-funcionamento\/img_2478\/\" data-orig-file=\"https:\/\/www.paudalho.pe.gov.br\/portal\/wp-content\/uploads\/2020\/08\/IMG_2478-scaled.jpg\" data-orig-size=\"2560,1707\" data-comments-opened=\"1\" data-image-meta=\"{&quot;aperture&quot;:&quot;6.3&quot;,&quot;credit&quot;:&quot;&quot;,&quot;camera&quot;:&quot;Canon EOS 6D Mark II&quot;,&quot;caption&quot;:&quot;&quot;,&quot;created_timestamp&quot;:&quot;1597243608&quot;,&quot;copyright&quot;:&quot;&quot;,&quot;focal_length&quot;:&quot;105&quot;,&quot;iso&quot;:&quot;640&quot;,&quot;shutter_speed&quot;:&quot;0.016666666666667&quot;,&quot;title&quot;:&quot;&quot;,&quot;orientation&quot;:&quot;0&quot;}\" data-image-title=\"IMG_2478\" data-image-description=\"\" data-image-caption=\"\" data-medium-file=\"https:\/\/www.paudalho.pe.gov.br\/portal\/wp-content\/uploads\/2020\/08\/IMG_2478-350x230.jpg\" data-large-file=\"https:\/\/www.paudalho.pe.gov.br\/portal\/wp-content\/uploads\/2020\/08\/IMG_2478-800x450.jpg\" src=\"https:\/\/www.paudalho.pe.gov.br\/portal\/wp-content\/uploads\/2020\/08\/IMG_2478-800x450.jpg\" alt=\"\" data-id=\"12023\" data-link=\"https:\/\/www.paudalho.pe.gov.br\/portal\/?attachment_id=12023\" class=\"wp-image-12023\"\/><\/figure><\/li><li class=\"blocks-gallery-item\"><figure><img loading=\"lazy\" decoding=\"async\" width=\"2560\" height=\"1707\" data-attachment-id=\"12032\" data-permalink=\"https:\/\/www.paudalho.pe.gov.br\/portal\/centro-de-parto-normal-gabrielly-ramos-comemora-2-anos-em-funcionamento\/img_2564-1\/\" data-orig-file=\"https:\/\/www.paudalho.pe.gov.br\/portal\/wp-content\/uploads\/2020\/08\/IMG_2564-1-scaled.jpg\" data-orig-size=\"2560,1707\" data-comments-opened=\"1\" data-image-meta=\"{&quot;aperture&quot;:&quot;6.3&quot;,&quot;credit&quot;:&quot;&quot;,&quot;camera&quot;:&quot;Canon EOS 6D Mark II&quot;,&quot;caption&quot;:&quot;&quot;,&quot;created_timestamp&quot;:&quot;1597245503&quot;,&quot;copyright&quot;:&quot;&quot;,&quot;focal_length&quot;:&quot;54&quot;,&quot;iso&quot;:&quot;640&quot;,&quot;shutter_speed&quot;:&quot;0.01&quot;,&quot;title&quot;:&quot;&quot;,&quot;orientation&quot;:&quot;0&quot;}\" data-image-title=\"IMG_2564-1\" data-image-description=\"\" data-image-caption=\"\" data-medium-file=\"https:\/\/www.paudalho.pe.gov.br\/portal\/wp-content\/uploads\/2020\/08\/IMG_2564-1-350x230.jpg\" data-large-file=\"https:\/\/www.paudalho.pe.gov.br\/portal\/wp-content\/uploads\/2020\/08\/IMG_2564-1-800x450.jpg\" src=\"https:\/\/i2.wp.com\/www.paudalho.pe.gov.br\/portal\/wp-content\/uploads\/2020\/08\/IMG_2564-1-scaled.jpg?resize=800%2C450&amp;ssl=1\" alt=\"\" data-id=\"12032\" data-full-url=\"https:\/\/i2.wp.com\/www.paudalho.pe.gov.br\/portal\/wp-content\/uploads\/2020\/08\/IMG_2564-1-scaled.jpg?fit=2560%2C1707&amp;ssl=1\" data-link=\"https:\/\/www.paudalho.pe.gov.br\/portal\/?attachment_id=12032\" class=\"wp-image-12032\" srcset=\"https:\/\/www.paudalho.pe.gov.br\/portal\/wp-content\/uploads\/2020\/08\/IMG_2564-1-scaled.jpg 2560w, https:\/\/www.paudalho.pe.gov.br\/portal\/wp-content\/uploads\/2020\/08\/IMG_2564-1-768x512.jpg 768w, https:\/\/www.paudalho.pe.gov.br\/portal\/wp-content\/uploads\/2020\/08\/IMG_2564-1-1536x1024.jpg 1536w, https:\/\/www.paudalho.pe.gov.br\/portal\/wp-content\/uploads\/2020\/08\/IMG_2564-1-2048x1365.jpg 2048w\" sizes=\"auto, (max-width: 2560px) 100vw, 2560px\" \/><\/figure><\/li><\/ul><\/figure>\n","protected":false},"excerpt":{"rendered":"<p>Localizado no munic\u00edpio do Paudalho, Zona da Mata de Pernambuco, o Centro de Parto Normal Gabrielly Ramos \u00e9 refer\u00eancia quando se trata de servi\u00e7o humanizado. Na \u00faltima quarta-feira (12), a unidade completou dois anos em funcionamento com um total de 3.327 atendimentos e 497 partos realizados. Para n\u00e3o deixar o anivers\u00e1rio passar em branco, uma pequena celebra\u00e7\u00e3o foi realizada na local. Na ocasi\u00e3o, estiveram presentes profissionais da \u00e1rea de sa\u00fade e algumas das m\u00e3es atendidas no centro.<\/p>\n","protected":false},"author":6,"featured_media":11971,"comment_status":"open","ping_status":"open","sticky":false,"template":"","format":"standard","meta":{"_jetpack_newsletter_access":"","_jetpack_dont_email_post_to_subs":false,"_jetpack_newsletter_tier_id":0,"_jetpack_memberships_contains_paywalled_content":false,"_jetpack_memberships_contains_paid_content":false,"footnotes":""},"categories":[2,1,3],"tags":[436,673,16],"class_list":["post-11968","post","type-post","status-publish","format-standard","has-post-thumbnail","hentry","category-destaque","category-noticias","category-saude","tag-centro-de-parto-normal-gabrielly-ramos","tag-parto-humanizado","tag-saude"],"jetpack_featured_media_url":"https:\/\/www.paudalho.pe.gov.br\/portal\/wp-content\/uploads\/2020\/08\/IMG_2463-scaled.jpg","jetpack_sharing_enabled":true,"jetpack_shortlink":"https:\/\/wp.me\/p98mS2-372","_links":{"self":[{"href":"https:\/\/www.paudalho.pe.gov.br\/portal\/wp-json\/wp\/v2\/posts\/11968","targetHints":{"allow":["GET"]}}],"collection":[{"href":"https:\/\/www.paudalho.pe.gov.br\/portal\/wp-json\/wp\/v2\/posts"}],"about":[{"href":"https:\/\/www.paudalho.pe.gov.br\/portal\/wp-json\/wp\/v2\/types\/post"}],"author":[{"embeddable":true,"href":"https:\/\/www.paudalho.pe.gov.br\/portal\/wp-json\/wp\/v2\/users\/6"}],"replies":[{"embeddable":true,"href":"https:\/\/www.paudalho.pe.gov.br\/portal\/wp-json\/wp\/v2\/comments?post=11968"}],"version-history":[{"count":22,"href":"https:\/\/www.paudalho.pe.gov.br\/portal\/wp-json\/wp\/v2\/posts\/11968\/revisions"}],"predecessor-version":[{"id":17135,"href":"https:\/\/www.paudalho.pe.gov.br\/portal\/wp-json\/wp\/v2\/posts\/11968\/revisions\/17135"}],"wp:featuredmedia":[{"embeddable":true,"href":"https:\/\/www.paudalho.pe.gov.br\/portal\/wp-json\/wp\/v2\/media\/11971"}],"wp:attachment":[{"href":"https:\/\/www.paudalho.pe.gov.br\/portal\/wp-json\/wp\/v2\/media?parent=11968"}],"wp:term":[{"taxonomy":"category","embeddable":true,"href":"https:\/\/www.paudalho.pe.gov.br\/portal\/wp-json\/wp\/v2\/categories?post=11968"},{"taxonomy":"post_tag","embeddable":true,"href":"https:\/\/www.paudalho.pe.gov.br\/portal\/wp-json\/wp\/v2\/tags?post=11968"}],"curies":[{"name":"wp","href":"https:\/\/api.w.org\/{rel}","templated":true}]}}