{"id":1149,"date":"2017-09-18T14:02:03","date_gmt":"2017-09-18T17:02:03","guid":{"rendered":"http:\/\/www.paudalho.pe.gov.br\/portal\/?p=1149"},"modified":"2017-09-22T01:38:10","modified_gmt":"2017-09-22T04:38:10","slug":"uma-maravilha-diz-moradora-de-guadalajara-sobre-desfile-civico","status":"publish","type":"post","link":"https:\/\/www.paudalho.pe.gov.br\/portal\/uma-maravilha-diz-moradora-de-guadalajara-sobre-desfile-civico\/","title":{"rendered":"\u201cUma maravilha\u201d, diz moradora de Guadalajara sobre Desfile C\u00edvico"},"content":{"rendered":"<p>\u201cNota 10\u201d: foi assim que moradores de Guadalajara avaliaram o Desfile C\u00edvico que, ap\u00f3s tr\u00eas anos, foi promovido pela Prefeitura do Paudalho neste domingo (17) na comunidade. O evento celebrou a Independ\u00eancia do Brasil e teve participa\u00e7\u00f5es das bandas marciais de escolas, equipe da Preven\u00e7\u00e3o Seguran\u00e7a do Trabalho e Treinamento (PREVENSEGTRA) e a For\u00e7a T\u00e1tica Pr\u00e9-Militar. Centenas de pessoas estiveram no ato que teve concentra\u00e7\u00e3o em um palco armado na frente da Academia de Sa\u00fade da comunidade. A dona de casa, Roseane Maria, disse que estava satisfeita em ver a filha, Vit\u00f3ria, desfilando. \u201c<em>\u00c9 uma maravilha, o ano passado n\u00e3o teve, mas esse ano eu gostei e minha filha est\u00e1 feliz<\/em>\u201d, comentou. Ao ser perguntada sobre que nota daria \u00e0 programa\u00e7\u00e3o c\u00edvica, a pequena Vit\u00f3ria disparou: <em>\u201cdez\u201d<\/em>.<\/p>\n<div id=\"attachment_1151\" style=\"width: 310px\" class=\"wp-caption alignnone\"><img loading=\"lazy\" decoding=\"async\" aria-describedby=\"caption-attachment-1151\" data-attachment-id=\"1151\" data-permalink=\"https:\/\/www.paudalho.pe.gov.br\/portal\/uma-maravilha-diz-moradora-de-guadalajara-sobre-desfile-civico\/1-3\/\" data-orig-file=\"https:\/\/www.paudalho.pe.gov.br\/portal\/wp-content\/uploads\/2017\/09\/1.jpg\" data-orig-size=\"565,380\" data-comments-opened=\"1\" data-image-meta=\"{&quot;aperture&quot;:&quot;13&quot;,&quot;credit&quot;:&quot;&quot;,&quot;camera&quot;:&quot;Canon EOS REBEL T5&quot;,&quot;caption&quot;:&quot;&quot;,&quot;created_timestamp&quot;:&quot;1505615254&quot;,&quot;copyright&quot;:&quot;&quot;,&quot;focal_length&quot;:&quot;27&quot;,&quot;iso&quot;:&quot;400&quot;,&quot;shutter_speed&quot;:&quot;0.005&quot;,&quot;title&quot;:&quot;&quot;,&quot;orientation&quot;:&quot;1&quot;}\" data-image-title=\"1\" data-image-description=\"\" data-image-caption=\"&lt;p&gt;Foto: Isak de Castro\/Comunica\u00e7\u00e3oPrefeituradePaudalho&lt;\/p&gt;\n\" data-medium-file=\"https:\/\/www.paudalho.pe.gov.br\/portal\/wp-content\/uploads\/2017\/09\/1-350x230.jpg\" data-large-file=\"https:\/\/www.paudalho.pe.gov.br\/portal\/wp-content\/uploads\/2017\/09\/1.jpg\" class=\"size-medium wp-image-1151\" src=\"http:\/\/www.paudalho.pe.gov.br\/portal\/wp-content\/uploads\/2017\/09\/1-350x230.jpg\" alt=\"\" width=\"300\" height=\"197\" \/><p id=\"caption-attachment-1151\" class=\"wp-caption-text\">Foto: Isak de Castro\/Comunica\u00e7\u00e3oPrefeituradePaudalho<\/p><\/div>\n<div id=\"attachment_1154\" style=\"width: 310px\" class=\"wp-caption alignnone\"><img loading=\"lazy\" decoding=\"async\" aria-describedby=\"caption-attachment-1154\" data-attachment-id=\"1154\" data-permalink=\"https:\/\/www.paudalho.pe.gov.br\/portal\/uma-maravilha-diz-moradora-de-guadalajara-sobre-desfile-civico\/img_6143\/\" data-orig-file=\"https:\/\/www.paudalho.pe.gov.br\/portal\/wp-content\/uploads\/2017\/09\/IMG_6143.jpg\" data-orig-size=\"1024,683\" data-comments-opened=\"1\" data-image-meta=\"{&quot;aperture&quot;:&quot;8&quot;,&quot;credit&quot;:&quot;&quot;,&quot;camera&quot;:&quot;Canon EOS REBEL T5&quot;,&quot;caption&quot;:&quot;&quot;,&quot;created_timestamp&quot;:&quot;1505618762&quot;,&quot;copyright&quot;:&quot;&quot;,&quot;focal_length&quot;:&quot;60&quot;,&quot;iso&quot;:&quot;1600&quot;,&quot;shutter_speed&quot;:&quot;0.003125&quot;,&quot;title&quot;:&quot;&quot;,&quot;orientation&quot;:&quot;1&quot;}\" data-image-title=\"IMG_6143\" data-image-description=\"\" data-image-caption=\"&lt;p&gt;Foto: Isak de Castro\/Comunica\u00e7\u00e3oPrefeituradePaudalho&lt;\/p&gt;\n\" data-medium-file=\"https:\/\/www.paudalho.pe.gov.br\/portal\/wp-content\/uploads\/2017\/09\/IMG_6143-350x230.jpg\" data-large-file=\"https:\/\/www.paudalho.pe.gov.br\/portal\/wp-content\/uploads\/2017\/09\/IMG_6143-800x450.jpg\" class=\"size-medium wp-image-1154\" src=\"http:\/\/www.paudalho.pe.gov.br\/portal\/wp-content\/uploads\/2017\/09\/IMG_6143-350x230.jpg\" alt=\"\" width=\"300\" height=\"197\" \/><p id=\"caption-attachment-1154\" class=\"wp-caption-text\">Foto: Isak de Castro\/Comunica\u00e7\u00e3oPrefeituradePaudalho<\/p><\/div>\n<div id=\"attachment_1155\" style=\"width: 310px\" class=\"wp-caption alignnone\"><img loading=\"lazy\" decoding=\"async\" aria-describedby=\"caption-attachment-1155\" data-attachment-id=\"1155\" data-permalink=\"https:\/\/www.paudalho.pe.gov.br\/portal\/uma-maravilha-diz-moradora-de-guadalajara-sobre-desfile-civico\/img_6188\/\" data-orig-file=\"https:\/\/www.paudalho.pe.gov.br\/portal\/wp-content\/uploads\/2017\/09\/IMG_6188.jpg\" data-orig-size=\"1024,683\" data-comments-opened=\"1\" data-image-meta=\"{&quot;aperture&quot;:&quot;5.6&quot;,&quot;credit&quot;:&quot;&quot;,&quot;camera&quot;:&quot;Canon EOS REBEL T5&quot;,&quot;caption&quot;:&quot;&quot;,&quot;created_timestamp&quot;:&quot;1505620131&quot;,&quot;copyright&quot;:&quot;&quot;,&quot;focal_length&quot;:&quot;240&quot;,&quot;iso&quot;:&quot;800&quot;,&quot;shutter_speed&quot;:&quot;0.004&quot;,&quot;title&quot;:&quot;&quot;,&quot;orientation&quot;:&quot;1&quot;}\" data-image-title=\"IMG_6188\" data-image-description=\"\" data-image-caption=\"&lt;p&gt;Foto: Isak de Castro\/Comunica\u00e7\u00e3oPrefeituradePaudalho&lt;\/p&gt;\n\" data-medium-file=\"https:\/\/www.paudalho.pe.gov.br\/portal\/wp-content\/uploads\/2017\/09\/IMG_6188-350x230.jpg\" data-large-file=\"https:\/\/www.paudalho.pe.gov.br\/portal\/wp-content\/uploads\/2017\/09\/IMG_6188-800x450.jpg\" class=\"size-medium wp-image-1155\" src=\"http:\/\/www.paudalho.pe.gov.br\/portal\/wp-content\/uploads\/2017\/09\/IMG_6188-350x230.jpg\" alt=\"\" width=\"300\" height=\"197\" \/><p id=\"caption-attachment-1155\" class=\"wp-caption-text\">Foto: Isak de Castro\/Comunica\u00e7\u00e3oPrefeituradePaudalho<\/p><\/div>\n<p>&nbsp;<\/p>\n<div id=\"attachment_1156\" style=\"width: 310px\" class=\"wp-caption alignnone\"><img loading=\"lazy\" decoding=\"async\" aria-describedby=\"caption-attachment-1156\" data-attachment-id=\"1156\" data-permalink=\"https:\/\/www.paudalho.pe.gov.br\/portal\/uma-maravilha-diz-moradora-de-guadalajara-sobre-desfile-civico\/img_6247\/\" data-orig-file=\"https:\/\/www.paudalho.pe.gov.br\/portal\/wp-content\/uploads\/2017\/09\/IMG_6247.jpg\" data-orig-size=\"1024,683\" data-comments-opened=\"1\" data-image-meta=\"{&quot;aperture&quot;:&quot;4&quot;,&quot;credit&quot;:&quot;&quot;,&quot;camera&quot;:&quot;Canon EOS REBEL T5&quot;,&quot;caption&quot;:&quot;&quot;,&quot;created_timestamp&quot;:&quot;1505621285&quot;,&quot;copyright&quot;:&quot;&quot;,&quot;focal_length&quot;:&quot;70&quot;,&quot;iso&quot;:&quot;800&quot;,&quot;shutter_speed&quot;:&quot;0.008&quot;,&quot;title&quot;:&quot;&quot;,&quot;orientation&quot;:&quot;1&quot;}\" data-image-title=\"IMG_6247\" data-image-description=\"\" data-image-caption=\"&lt;p&gt;Foto: Isak de Castro\/Comunica\u00e7\u00e3oPrefeituradePaudalho&lt;\/p&gt;\n\" data-medium-file=\"https:\/\/www.paudalho.pe.gov.br\/portal\/wp-content\/uploads\/2017\/09\/IMG_6247-350x230.jpg\" data-large-file=\"https:\/\/www.paudalho.pe.gov.br\/portal\/wp-content\/uploads\/2017\/09\/IMG_6247-800x450.jpg\" class=\"size-medium wp-image-1156\" src=\"http:\/\/www.paudalho.pe.gov.br\/portal\/wp-content\/uploads\/2017\/09\/IMG_6247-350x230.jpg\" alt=\"\" width=\"300\" height=\"197\" \/><p id=\"caption-attachment-1156\" class=\"wp-caption-text\">Foto: Isak de Castro\/Comunica\u00e7\u00e3oPrefeituradePaudalho<\/p><\/div>\n<p>A Independ\u00eancia marca o rompimento do Brasil com as cortes portuguesas. O epis\u00f3dio ficou conhecido como o &#8220;Grito do Ipiranga&#8221; ao ser proclamado por Dom Pedro I, nas proximidades do Rio Ipiranga, em S\u00e3o Paulo. Para o Secret\u00e1rio de Educa\u00e7\u00e3o, Ednaldo Ernesto, a programa\u00e7\u00e3o c\u00edvica \u00e9 um exemplo de que a Prefeitura est\u00e1 comprometida com o resgate da autoestima da comunidade de Guadalajara. \u201c<em>Durante a campanha n\u00f3s prometemos a comunidade que ir\u00edamos trazer de volta esse desfile t\u00e3o importante do ponto de vista educativo, n\u00e3o s\u00f3 para os nossos estudantes como para toda a comunidade\u201d<\/em>, destacou.<\/p>\n<div id=\"attachment_1150\" style=\"width: 310px\" class=\"wp-caption alignnone\"><img loading=\"lazy\" decoding=\"async\" aria-describedby=\"caption-attachment-1150\" data-attachment-id=\"1150\" data-permalink=\"https:\/\/www.paudalho.pe.gov.br\/portal\/uma-maravilha-diz-moradora-de-guadalajara-sobre-desfile-civico\/img_6388\/\" data-orig-file=\"https:\/\/www.paudalho.pe.gov.br\/portal\/wp-content\/uploads\/2017\/09\/IMG_6388.jpg\" data-orig-size=\"1024,683\" data-comments-opened=\"1\" data-image-meta=\"{&quot;aperture&quot;:&quot;4&quot;,&quot;credit&quot;:&quot;&quot;,&quot;camera&quot;:&quot;Canon EOS REBEL T5&quot;,&quot;caption&quot;:&quot;&quot;,&quot;created_timestamp&quot;:&quot;1505628759&quot;,&quot;copyright&quot;:&quot;&quot;,&quot;focal_length&quot;:&quot;21&quot;,&quot;iso&quot;:&quot;6400&quot;,&quot;shutter_speed&quot;:&quot;0.0166666666667&quot;,&quot;title&quot;:&quot;&quot;,&quot;orientation&quot;:&quot;1&quot;}\" data-image-title=\"IMG_6388\" data-image-description=\"\" data-image-caption=\"&lt;p&gt;Foto: Isak de Castro\/Comunica\u00e7\u00e3oPrefeituradePaudalho&lt;\/p&gt;\n\" data-medium-file=\"https:\/\/www.paudalho.pe.gov.br\/portal\/wp-content\/uploads\/2017\/09\/IMG_6388-350x230.jpg\" data-large-file=\"https:\/\/www.paudalho.pe.gov.br\/portal\/wp-content\/uploads\/2017\/09\/IMG_6388-800x450.jpg\" class=\"size-medium wp-image-1150\" src=\"http:\/\/www.paudalho.pe.gov.br\/portal\/wp-content\/uploads\/2017\/09\/IMG_6388-350x230.jpg\" alt=\"\" width=\"300\" height=\"197\" \/><p id=\"caption-attachment-1150\" class=\"wp-caption-text\">Foto: Isak de Castro\/Comunica\u00e7\u00e3oPrefeituradePaudalho<\/p><\/div>\n<p style=\"text-align: left\">Ao som de m\u00fasicas das bandas marciais e coreografias, a popula\u00e7\u00e3o celebrou o marco na hist\u00f3ria do povo brasileiro. A aposentada, Elizabeth Luna, mora h\u00e1 23 anos na comunidade e disse que estava feliz com o retorno do evento ao distrito. <em>\u201cFaz tr\u00eas anos que a gente n\u00e3o via esse movimento aqui em Guadalajara\u2026 A gest\u00e3o est\u00e1 de parab\u00e9ns e espero que cada dia esteja melhorando<\/em>\u201d, comentou.<\/p>\n<div id=\"attachment_1152\" style=\"width: 310px\" class=\"wp-caption alignnone\"><img loading=\"lazy\" decoding=\"async\" aria-describedby=\"caption-attachment-1152\" data-attachment-id=\"1152\" data-permalink=\"https:\/\/www.paudalho.pe.gov.br\/portal\/uma-maravilha-diz-moradora-de-guadalajara-sobre-desfile-civico\/2-2\/\" data-orig-file=\"https:\/\/www.paudalho.pe.gov.br\/portal\/wp-content\/uploads\/2017\/09\/2.jpg\" data-orig-size=\"565,380\" data-comments-opened=\"1\" data-image-meta=\"{&quot;aperture&quot;:&quot;13&quot;,&quot;credit&quot;:&quot;&quot;,&quot;camera&quot;:&quot;Canon EOS REBEL T5&quot;,&quot;caption&quot;:&quot;&quot;,&quot;created_timestamp&quot;:&quot;1505617584&quot;,&quot;copyright&quot;:&quot;&quot;,&quot;focal_length&quot;:&quot;37&quot;,&quot;iso&quot;:&quot;1600&quot;,&quot;shutter_speed&quot;:&quot;0.005&quot;,&quot;title&quot;:&quot;&quot;,&quot;orientation&quot;:&quot;1&quot;}\" data-image-title=\"2\" data-image-description=\"\" data-image-caption=\"&lt;p&gt;Foto: Isak de Castro\/Comunica\u00e7\u00e3oPrefeituradePaudalho&lt;\/p&gt;\n\" data-medium-file=\"https:\/\/www.paudalho.pe.gov.br\/portal\/wp-content\/uploads\/2017\/09\/2-350x230.jpg\" data-large-file=\"https:\/\/www.paudalho.pe.gov.br\/portal\/wp-content\/uploads\/2017\/09\/2.jpg\" class=\"size-medium wp-image-1152\" src=\"http:\/\/www.paudalho.pe.gov.br\/portal\/wp-content\/uploads\/2017\/09\/2-350x230.jpg\" alt=\"\" width=\"300\" height=\"197\" \/><p id=\"caption-attachment-1152\" class=\"wp-caption-text\">Foto: Isak de Castro\/Comunica\u00e7\u00e3oPrefeituradePaudalho<\/p><\/div>\n<p>O secret\u00e1rio de Cultura, Jobson Oliveira, comentou sobre a import\u00e2ncia de levar o desfile \u00e0s comunidades afastadas do centro da cidade. <em>\u201cGuadalajara \u00e9 uma das principais comunidades de Paudalho e por ficar um pouco longe do centro, muita gente n\u00e3o tem a possibilidade de prestigiar o evento de Sete de Setembro. Ent\u00e3o \u00e9 uma coisa muito importante trazer esse evento para o povo que n\u00e3o pode se locomover para Paudalho\u201d<\/em>, esclareceu.<\/p>\n<div id=\"attachment_1153\" style=\"width: 310px\" class=\"wp-caption alignnone\"><img loading=\"lazy\" decoding=\"async\" aria-describedby=\"caption-attachment-1153\" data-attachment-id=\"1153\" data-permalink=\"https:\/\/www.paudalho.pe.gov.br\/portal\/uma-maravilha-diz-moradora-de-guadalajara-sobre-desfile-civico\/3-2\/\" data-orig-file=\"https:\/\/www.paudalho.pe.gov.br\/portal\/wp-content\/uploads\/2017\/09\/3.jpg\" data-orig-size=\"565,380\" data-comments-opened=\"1\" data-image-meta=\"{&quot;aperture&quot;:&quot;16&quot;,&quot;credit&quot;:&quot;&quot;,&quot;camera&quot;:&quot;Canon EOS REBEL T5&quot;,&quot;caption&quot;:&quot;&quot;,&quot;created_timestamp&quot;:&quot;1505617851&quot;,&quot;copyright&quot;:&quot;&quot;,&quot;focal_length&quot;:&quot;29&quot;,&quot;iso&quot;:&quot;1600&quot;,&quot;shutter_speed&quot;:&quot;0.005&quot;,&quot;title&quot;:&quot;&quot;,&quot;orientation&quot;:&quot;1&quot;}\" data-image-title=\"3\" data-image-description=\"\" data-image-caption=\"&lt;p&gt;Foto: Isak de Castro\/Comunica\u00e7\u00e3oPrefeituradePaudalho&lt;\/p&gt;\n\" data-medium-file=\"https:\/\/www.paudalho.pe.gov.br\/portal\/wp-content\/uploads\/2017\/09\/3-350x230.jpg\" data-large-file=\"https:\/\/www.paudalho.pe.gov.br\/portal\/wp-content\/uploads\/2017\/09\/3.jpg\" class=\"size-medium wp-image-1153\" src=\"http:\/\/www.paudalho.pe.gov.br\/portal\/wp-content\/uploads\/2017\/09\/3-350x230.jpg\" alt=\"\" width=\"300\" height=\"197\" \/><p id=\"caption-attachment-1153\" class=\"wp-caption-text\">Foto: Isak de Castro\/Comunica\u00e7\u00e3oPrefeituradePaudalho<\/p><\/div>\n<p>A Prefeitura do Paudalho segue avan\u00e7ando no comprometimento com o bem-estar do paudalhense, pensando no povo em todo o territ\u00f3rio da cidade.<\/p>\n<p>Leia mais:\u00a0<a href=\"http:\/\/www.paudalho.pe.gov.br\/portal\/paudalho-participativo-reune-mais-de-100-moradores-de-desterro-e-rosarinho-e-promove-contato-direto-com-a-gestao\/\" target=\"_blank\" rel=\"noopener\">Sucesso: Paudalho Participativo re\u00fane mais de 100 moradores de Desterro e Rosarinho<\/a><\/p>\n<p><a href=\"http:\/\/www.paudalho.pe.gov.br\/portal\/em-entrevista-a-radio-clube-secretario-de-obras-detalha-avancos-em-paudalho\/\" target=\"_blank\" rel=\"noopener\">\u00a0\u00a0Em entrevista a R\u00e1dio Clube, secret\u00e1rio de Obras detalha avan\u00e7os em Paudalho<\/a><\/p>\n<p><a href=\"http:\/\/www.paudalho.pe.gov.br\/portal\/prefeito-marcelo-gouveia-divulga-comeco-de-obras-do-minha-casa-minha-vida-em-paudalho\/\" target=\"_blank\" rel=\"noopener\"> \u00a0Prefeito Marcelo Gouveia divulga come\u00e7o de obras do Minha Casa Minha Vida em Paudalho<\/a><\/p>\n<p>&nbsp;<\/p>\n","protected":false},"excerpt":{"rendered":"<p>\u201cNota 10\u201d: foi assim que moradores de Guadalajara avaliaram o Desfile C\u00edvico que, ap\u00f3s tr\u00eas anos, foi promovido pela Prefeitura do Paudalho neste domingo (17) na comunidade. O evento celebrou a Independ\u00eancia do Brasil e teve participa\u00e7\u00f5es das bandas marciais de escolas, equipe da Preven\u00e7\u00e3o Seguran\u00e7a do Trabalho e Treinamento (PREVENSEGTRA) e a For\u00e7a T\u00e1tica [&hellip;]<\/p>\n","protected":false},"author":4,"featured_media":1157,"comment_status":"open","ping_status":"open","sticky":false,"template":"","format":"standard","meta":{"_jetpack_newsletter_access":"","_jetpack_dont_email_post_to_subs":false,"_jetpack_newsletter_tier_id":0,"_jetpack_memberships_contains_paywalled_content":false,"_jetpack_memberships_contains_paid_content":false,"footnotes":""},"categories":[2,1],"tags":[95,132,14],"class_list":["post-1149","post","type-post","status-publish","format-standard","has-post-thumbnail","hentry","category-destaque","category-noticias","tag-desfile-civico","tag-guadalajara","tag-paudalho"],"jetpack_featured_media_url":"https:\/\/www.paudalho.pe.gov.br\/portal\/wp-content\/uploads\/2017\/09\/IMG_6226.jpg","jetpack_sharing_enabled":true,"jetpack_shortlink":"https:\/\/wp.me\/p98mS2-ix","_links":{"self":[{"href":"https:\/\/www.paudalho.pe.gov.br\/portal\/wp-json\/wp\/v2\/posts\/1149","targetHints":{"allow":["GET"]}}],"collection":[{"href":"https:\/\/www.paudalho.pe.gov.br\/portal\/wp-json\/wp\/v2\/posts"}],"about":[{"href":"https:\/\/www.paudalho.pe.gov.br\/portal\/wp-json\/wp\/v2\/types\/post"}],"author":[{"embeddable":true,"href":"https:\/\/www.paudalho.pe.gov.br\/portal\/wp-json\/wp\/v2\/users\/4"}],"replies":[{"embeddable":true,"href":"https:\/\/www.paudalho.pe.gov.br\/portal\/wp-json\/wp\/v2\/comments?post=1149"}],"version-history":[{"count":9,"href":"https:\/\/www.paudalho.pe.gov.br\/portal\/wp-json\/wp\/v2\/posts\/1149\/revisions"}],"predecessor-version":[{"id":1250,"href":"https:\/\/www.paudalho.pe.gov.br\/portal\/wp-json\/wp\/v2\/posts\/1149\/revisions\/1250"}],"wp:featuredmedia":[{"embeddable":true,"href":"https:\/\/www.paudalho.pe.gov.br\/portal\/wp-json\/wp\/v2\/media\/1157"}],"wp:attachment":[{"href":"https:\/\/www.paudalho.pe.gov.br\/portal\/wp-json\/wp\/v2\/media?parent=1149"}],"wp:term":[{"taxonomy":"category","embeddable":true,"href":"https:\/\/www.paudalho.pe.gov.br\/portal\/wp-json\/wp\/v2\/categories?post=1149"},{"taxonomy":"post_tag","embeddable":true,"href":"https:\/\/www.paudalho.pe.gov.br\/portal\/wp-json\/wp\/v2\/tags?post=1149"}],"curies":[{"name":"wp","href":"https:\/\/api.w.org\/{rel}","templated":true}]}}