{"id":11464,"date":"2020-06-16T15:47:01","date_gmt":"2020-06-16T18:47:01","guid":{"rendered":"https:\/\/www.paudalho.pe.gov.br\/portal\/?p=11464"},"modified":"2025-01-08T00:39:51","modified_gmt":"2025-01-08T03:39:51","slug":"prefeitura-convoca-profissionais-aprovados-em-selecao-publica-da-secretaria-de-saude-para-a-realizacao-de-curso-de-formacao-inicial-e-continuada","status":"publish","type":"post","link":"https:\/\/www.paudalho.pe.gov.br\/portal\/prefeitura-convoca-profissionais-aprovados-em-selecao-publica-da-secretaria-de-saude-para-a-realizacao-de-curso-de-formacao-inicial-e-continuada\/","title":{"rendered":"Prefeitura convoca profissionais aprovados em Sele\u00e7\u00e3o P\u00fablica da Secretaria de Sa\u00fade para a realiza\u00e7\u00e3o de Curso de Forma\u00e7\u00e3o Inicial e Continuada"},"content":{"rendered":"\n<p>A Prefeitura do Paudalho, por meio da sua Secretaria de Sa\u00fade, divulga na tarde desta ter\u00e7a-feira (16) o Edital de Convoca\u00e7\u00e3o para a realiza\u00e7\u00e3o do Curso de Forma\u00e7\u00e3o Inicial e Continuada dos candidatos aprovados na Sele\u00e7\u00e3o P\u00fablica Simplificada N\u00ba 001\/2020. O processo seletivo tem como finalidade a contrata\u00e7\u00e3o de Agentes Comunit\u00e1rios de Sa\u00fade (ACS) e Agentes de Combate a Endemias que atuar\u00e3o na Estrat\u00e9gia Sa\u00fade da Fam\u00edlia e Vigil\u00e2ncia Ambiental. <\/p>\n\n\n\n<p>Como consta no documento oficial, o Curso de Forma\u00e7\u00e3o Inicial e Continuada \u00e9 a segunda fase do processo seletivo, assim sendo, tem car\u00e1ter eliminat\u00f3rio. Os candidatos aprovados na primeira etapa devem se apresentar na pr\u00f3xima quinta-feira (18), \u00e0s 9h, na Coordena\u00e7\u00e3o de Aten\u00e7\u00e3o B\u00e1sica da Secretaria Municipal de Sa\u00fade, localizada no Centro da cidade.  Confira o edital na \u00edntegra:<\/p>\n\n\n\n<div class=\"wp-block-file\"><a href=\"https:\/\/www.paudalho.pe.gov.br\/portal\/wp-content\/uploads\/2020\/06\/EDITAL-CONVOCA\u00c7\u00c3O-CANDIDATOS-PARA-PARTICIPAREM-DO-CURSO-QUALIFICA\u00c7\u00c3O-B\u00c1SICA-1-1.pdf\">Baixe o Edital de Convoca\u00e7\u00e3o de Candidatos para Realiza\u00e7\u00e3o do Curso de Forma\u00e7\u00e3o inicial e Continuada.<\/a><a href=\"https:\/\/www.paudalho.pe.gov.br\/portal\/wp-content\/uploads\/2020\/06\/EDITAL-CONVOCA\u00c7\u00c3O-CANDIDATOS-PARA-PARTICIPAREM-DO-CURSO-QUALIFICA\u00c7\u00c3O-B\u00c1SICA-1-1.pdf\" class=\"wp-block-file__button\" download> Baixar<\/a><\/div>\n\n\n\n<p>A Secretaria de Sa\u00fade tamb\u00e9m divulgou o relat\u00f3rio com o resultado da an\u00e1lise documental dos candidatos selecionados na primeira fase, a qual foi constitu\u00edda por uma prova objetiva. Confira:<\/p>\n\n\n\n<div class=\"wp-block-file\"><a href=\"https:\/\/www.paudalho.pe.gov.br\/portal\/wp-content\/uploads\/2020\/06\/RELAT\u00d3RIO-DA-VISITA-CONFIRMAT\u00d3RIA-SELE\u00c7\u00c3O-ACS-1.pdf\">Baixe o Resultado da An\u00e1lise Documental descrita no item I do Edital 01\/2019<\/a><a href=\"https:\/\/www.paudalho.pe.gov.br\/portal\/wp-content\/uploads\/2020\/06\/RELAT\u00d3RIO-DA-VISITA-CONFIRMAT\u00d3RIA-SELE\u00c7\u00c3O-ACS-1.pdf\" class=\"wp-block-file__button\" download>Baixar<\/a><\/div>\n\n\n\n<p><\/p>\n","protected":false},"excerpt":{"rendered":"<p>A Prefeitura do Paudalho, por meio da sua Secretaria de Sa\u00fade, divulga na tarde desta ter\u00e7a-feira (16) o Edital de Convoca\u00e7\u00e3o para a realiza\u00e7\u00e3o do Curso de Forma\u00e7\u00e3o Inicial e Continuada dos candidatos aprovados na Sele\u00e7\u00e3o P\u00fablica Simplificada N\u00ba 001\/2020. O processo seletivo tem como finalidade a contrata\u00e7\u00e3o de Agentes Comunit\u00e1rios de Sa\u00fade (ACS) e [&hellip;]<\/p>\n","protected":false},"author":6,"featured_media":11480,"comment_status":"open","ping_status":"open","sticky":false,"template":"","format":"standard","meta":{"_jetpack_newsletter_access":"","_jetpack_dont_email_post_to_subs":false,"_jetpack_newsletter_tier_id":0,"_jetpack_memberships_contains_paywalled_content":false,"_jetpack_memberships_contains_paid_content":false,"footnotes":""},"categories":[2,1,3],"tags":[657,168,485,658],"class_list":["post-11464","post","type-post","status-publish","format-standard","has-post-thumbnail","hentry","category-destaque","category-noticias","category-saude","tag-saude-da-familia","tag-secretaria-de-saude","tag-selecao-publica","tag-vigilancia-ambiental"],"jetpack_featured_media_url":"https:\/\/www.paudalho.pe.gov.br\/portal\/wp-content\/uploads\/2020\/06\/3665270-scaled.jpg","jetpack_sharing_enabled":true,"jetpack_shortlink":"https:\/\/wp.me\/p98mS2-2YU","_links":{"self":[{"href":"https:\/\/www.paudalho.pe.gov.br\/portal\/wp-json\/wp\/v2\/posts\/11464","targetHints":{"allow":["GET"]}}],"collection":[{"href":"https:\/\/www.paudalho.pe.gov.br\/portal\/wp-json\/wp\/v2\/posts"}],"about":[{"href":"https:\/\/www.paudalho.pe.gov.br\/portal\/wp-json\/wp\/v2\/types\/post"}],"author":[{"embeddable":true,"href":"https:\/\/www.paudalho.pe.gov.br\/portal\/wp-json\/wp\/v2\/users\/6"}],"replies":[{"embeddable":true,"href":"https:\/\/www.paudalho.pe.gov.br\/portal\/wp-json\/wp\/v2\/comments?post=11464"}],"version-history":[{"count":18,"href":"https:\/\/www.paudalho.pe.gov.br\/portal\/wp-json\/wp\/v2\/posts\/11464\/revisions"}],"predecessor-version":[{"id":11491,"href":"https:\/\/www.paudalho.pe.gov.br\/portal\/wp-json\/wp\/v2\/posts\/11464\/revisions\/11491"}],"wp:featuredmedia":[{"embeddable":true,"href":"https:\/\/www.paudalho.pe.gov.br\/portal\/wp-json\/wp\/v2\/media\/11480"}],"wp:attachment":[{"href":"https:\/\/www.paudalho.pe.gov.br\/portal\/wp-json\/wp\/v2\/media?parent=11464"}],"wp:term":[{"taxonomy":"category","embeddable":true,"href":"https:\/\/www.paudalho.pe.gov.br\/portal\/wp-json\/wp\/v2\/categories?post=11464"},{"taxonomy":"post_tag","embeddable":true,"href":"https:\/\/www.paudalho.pe.gov.br\/portal\/wp-json\/wp\/v2\/tags?post=11464"}],"curies":[{"name":"wp","href":"https:\/\/api.w.org\/{rel}","templated":true}]}}