{"id":1135,"date":"2017-09-16T03:30:06","date_gmt":"2017-09-16T06:30:06","guid":{"rendered":"http:\/\/www.paudalho.pe.gov.br\/portal\/?p=1135"},"modified":"2017-09-22T01:35:05","modified_gmt":"2017-09-22T04:35:05","slug":"paudalho-participativo-reune-mais-de-100-moradores-de-desterro-e-rosarinho-e-promove-contato-direto-com-a-gestao","status":"publish","type":"post","link":"https:\/\/www.paudalho.pe.gov.br\/portal\/paudalho-participativo-reune-mais-de-100-moradores-de-desterro-e-rosarinho-e-promove-contato-direto-com-a-gestao\/","title":{"rendered":"Sucesso: Paudalho Participativo re\u00fane mais de 100 moradores de Desterro e Rosarinho"},"content":{"rendered":"<p>Com o objetivo de aproximar a popula\u00e7\u00e3o, a Prefeitura do Paudalho realizou na noite desta sexta-feira (15) o Paudalho Participativo, na escola Elisa Fid\u00e9lis, em Rosarinho. A primeira a\u00e7\u00e3o do projeto foi um sucesso e contou com a participa\u00e7\u00e3o de mais de 100 moradores dos bairros de Desterro e Rosarinho.<\/p>\n<p>O Projeto vai ser estendido por outras comunidades com o objetivo de discutir propostas que melhorem a qualidade de vida nos bairros de forma coletiva e democr\u00e1tica. Na pauta, os populares debateram juntamente com o prefeito Marcelo Gouveia e secret\u00e1rios, assuntos como: sa\u00fade, educa\u00e7\u00e3o, saneamento b\u00e1sico, ilumina\u00e7\u00e3o p\u00fablica, pavimenta\u00e7\u00e3o, entre outros e todos foram respondidos.<\/p>\n<p>Grato, o morador de Rosarinho, Leandro disse que o projeto \u00e9 uma grande oportunidade. <em>\u201cCom essa atitude que a Prefeitura teve, nos dar a oportunidade de a gente passar todas as nossas necessidades, o que cada morador quer, o que cada um acha, o que a gente tem de prefer\u00eancia na comunidade, como na \u00e1rea de obra, sa\u00fade, educa\u00e7\u00e3o. Foi muito bom\u201d<\/em>, elogiou.<\/p>\n<p><img loading=\"lazy\" decoding=\"async\" data-attachment-id=\"1139\" data-permalink=\"https:\/\/www.paudalho.pe.gov.br\/portal\/paudalho-participativo-reune-mais-de-100-moradores-de-desterro-e-rosarinho-e-promove-contato-direto-com-a-gestao\/d7baefcf-210b-44b8-8302-b52a5b8de115\/\" data-orig-file=\"https:\/\/www.paudalho.pe.gov.br\/portal\/wp-content\/uploads\/2017\/09\/d7baefcf-210b-44b8-8302-b52a5b8de115.jpg\" data-orig-size=\"1280,720\" data-comments-opened=\"1\" data-image-meta=\"{&quot;aperture&quot;:&quot;0&quot;,&quot;credit&quot;:&quot;&quot;,&quot;camera&quot;:&quot;&quot;,&quot;caption&quot;:&quot;&quot;,&quot;created_timestamp&quot;:&quot;0&quot;,&quot;copyright&quot;:&quot;&quot;,&quot;focal_length&quot;:&quot;0&quot;,&quot;iso&quot;:&quot;0&quot;,&quot;shutter_speed&quot;:&quot;0&quot;,&quot;title&quot;:&quot;&quot;,&quot;orientation&quot;:&quot;0&quot;}\" data-image-title=\"d7baefcf-210b-44b8-8302-b52a5b8de115\" data-image-description=\"\" data-image-caption=\"\" data-medium-file=\"https:\/\/www.paudalho.pe.gov.br\/portal\/wp-content\/uploads\/2017\/09\/d7baefcf-210b-44b8-8302-b52a5b8de115-350x230.jpg\" data-large-file=\"https:\/\/www.paudalho.pe.gov.br\/portal\/wp-content\/uploads\/2017\/09\/d7baefcf-210b-44b8-8302-b52a5b8de115-800x450.jpg\" class=\"alignnone size-medium wp-image-1139\" src=\"http:\/\/www.paudalho.pe.gov.br\/portal\/wp-content\/uploads\/2017\/09\/d7baefcf-210b-44b8-8302-b52a5b8de115-350x230.jpg\" alt=\"\" width=\"300\" height=\"197\" \/><\/p>\n<div id=\"attachment_1136\" style=\"width: 310px\" class=\"wp-caption alignnone\"><img loading=\"lazy\" decoding=\"async\" aria-describedby=\"caption-attachment-1136\" data-attachment-id=\"1136\" data-permalink=\"https:\/\/www.paudalho.pe.gov.br\/portal\/paudalho-participativo-reune-mais-de-100-moradores-de-desterro-e-rosarinho-e-promove-contato-direto-com-a-gestao\/7b41acff-fbd3-4e72-8932-0413fc42696e\/\" data-orig-file=\"https:\/\/www.paudalho.pe.gov.br\/portal\/wp-content\/uploads\/2017\/09\/7b41acff-fbd3-4e72-8932-0413fc42696e.jpg\" data-orig-size=\"1024,683\" data-comments-opened=\"1\" data-image-meta=\"{&quot;aperture&quot;:&quot;0&quot;,&quot;credit&quot;:&quot;&quot;,&quot;camera&quot;:&quot;&quot;,&quot;caption&quot;:&quot;&quot;,&quot;created_timestamp&quot;:&quot;0&quot;,&quot;copyright&quot;:&quot;&quot;,&quot;focal_length&quot;:&quot;0&quot;,&quot;iso&quot;:&quot;0&quot;,&quot;shutter_speed&quot;:&quot;0&quot;,&quot;title&quot;:&quot;&quot;,&quot;orientation&quot;:&quot;0&quot;}\" data-image-title=\"7b41acff-fbd3-4e72-8932-0413fc42696e\" data-image-description=\"\" data-image-caption=\"&lt;p&gt;Foto: Isak de Castro\/Comunica\u00e7\u00e3oPrefeituradePaudalho&lt;\/p&gt;\n\" data-medium-file=\"https:\/\/www.paudalho.pe.gov.br\/portal\/wp-content\/uploads\/2017\/09\/7b41acff-fbd3-4e72-8932-0413fc42696e-350x230.jpg\" data-large-file=\"https:\/\/www.paudalho.pe.gov.br\/portal\/wp-content\/uploads\/2017\/09\/7b41acff-fbd3-4e72-8932-0413fc42696e-800x450.jpg\" class=\"size-medium wp-image-1136\" src=\"http:\/\/www.paudalho.pe.gov.br\/portal\/wp-content\/uploads\/2017\/09\/7b41acff-fbd3-4e72-8932-0413fc42696e-350x230.jpg\" alt=\"\" width=\"300\" height=\"197\" \/><p id=\"caption-attachment-1136\" class=\"wp-caption-text\">Foto: Isak de Castro\/Comunica\u00e7\u00e3oPrefeituradePaudalho<\/p><\/div>\n<div id=\"attachment_1137\" style=\"width: 310px\" class=\"wp-caption alignnone\"><img loading=\"lazy\" decoding=\"async\" aria-describedby=\"caption-attachment-1137\" data-attachment-id=\"1137\" data-permalink=\"https:\/\/www.paudalho.pe.gov.br\/portal\/paudalho-participativo-reune-mais-de-100-moradores-de-desterro-e-rosarinho-e-promove-contato-direto-com-a-gestao\/9e300e6b-5eb3-47d4-9bc0-b261f347730c\/\" data-orig-file=\"https:\/\/www.paudalho.pe.gov.br\/portal\/wp-content\/uploads\/2017\/09\/9e300e6b-5eb3-47d4-9bc0-b261f347730c.jpg\" data-orig-size=\"1024,683\" data-comments-opened=\"1\" data-image-meta=\"{&quot;aperture&quot;:&quot;0&quot;,&quot;credit&quot;:&quot;&quot;,&quot;camera&quot;:&quot;&quot;,&quot;caption&quot;:&quot;&quot;,&quot;created_timestamp&quot;:&quot;0&quot;,&quot;copyright&quot;:&quot;&quot;,&quot;focal_length&quot;:&quot;0&quot;,&quot;iso&quot;:&quot;0&quot;,&quot;shutter_speed&quot;:&quot;0&quot;,&quot;title&quot;:&quot;&quot;,&quot;orientation&quot;:&quot;0&quot;}\" data-image-title=\"9e300e6b-5eb3-47d4-9bc0-b261f347730c\" data-image-description=\"\" data-image-caption=\"&lt;p&gt;Foto: Isak de Castro\/Comunica\u00e7\u00e3oPrefeituradePaudalho&lt;\/p&gt;\n\" data-medium-file=\"https:\/\/www.paudalho.pe.gov.br\/portal\/wp-content\/uploads\/2017\/09\/9e300e6b-5eb3-47d4-9bc0-b261f347730c-350x230.jpg\" data-large-file=\"https:\/\/www.paudalho.pe.gov.br\/portal\/wp-content\/uploads\/2017\/09\/9e300e6b-5eb3-47d4-9bc0-b261f347730c-800x450.jpg\" class=\"size-medium wp-image-1137\" src=\"http:\/\/www.paudalho.pe.gov.br\/portal\/wp-content\/uploads\/2017\/09\/9e300e6b-5eb3-47d4-9bc0-b261f347730c-350x230.jpg\" alt=\"\" width=\"300\" height=\"197\" \/><p id=\"caption-attachment-1137\" class=\"wp-caption-text\">Foto: Isak de Castro\/Comunica\u00e7\u00e3oPrefeituradePaudalho<\/p><\/div>\n<div id=\"attachment_1138\" style=\"width: 310px\" class=\"wp-caption alignnone\"><img loading=\"lazy\" decoding=\"async\" aria-describedby=\"caption-attachment-1138\" data-attachment-id=\"1138\" data-permalink=\"https:\/\/www.paudalho.pe.gov.br\/portal\/paudalho-participativo-reune-mais-de-100-moradores-de-desterro-e-rosarinho-e-promove-contato-direto-com-a-gestao\/545e0116-2064-4a5b-a8a9-16525f06bb93\/\" data-orig-file=\"https:\/\/www.paudalho.pe.gov.br\/portal\/wp-content\/uploads\/2017\/09\/545e0116-2064-4a5b-a8a9-16525f06bb93.jpg\" data-orig-size=\"1024,683\" data-comments-opened=\"1\" data-image-meta=\"{&quot;aperture&quot;:&quot;0&quot;,&quot;credit&quot;:&quot;&quot;,&quot;camera&quot;:&quot;&quot;,&quot;caption&quot;:&quot;&quot;,&quot;created_timestamp&quot;:&quot;0&quot;,&quot;copyright&quot;:&quot;&quot;,&quot;focal_length&quot;:&quot;0&quot;,&quot;iso&quot;:&quot;0&quot;,&quot;shutter_speed&quot;:&quot;0&quot;,&quot;title&quot;:&quot;&quot;,&quot;orientation&quot;:&quot;0&quot;}\" data-image-title=\"545e0116-2064-4a5b-a8a9-16525f06bb93\" data-image-description=\"\" data-image-caption=\"&lt;p&gt;Foto: Isak de Castro\/Comunica\u00e7\u00e3oPrefeituradePaudalho&lt;\/p&gt;\n\" data-medium-file=\"https:\/\/www.paudalho.pe.gov.br\/portal\/wp-content\/uploads\/2017\/09\/545e0116-2064-4a5b-a8a9-16525f06bb93-350x230.jpg\" data-large-file=\"https:\/\/www.paudalho.pe.gov.br\/portal\/wp-content\/uploads\/2017\/09\/545e0116-2064-4a5b-a8a9-16525f06bb93-800x450.jpg\" class=\"size-medium wp-image-1138\" src=\"http:\/\/www.paudalho.pe.gov.br\/portal\/wp-content\/uploads\/2017\/09\/545e0116-2064-4a5b-a8a9-16525f06bb93-350x230.jpg\" alt=\"\" width=\"300\" height=\"197\" \/><p id=\"caption-attachment-1138\" class=\"wp-caption-text\">Foto: Isak de Castro\/Comunica\u00e7\u00e3oPrefeituradePaudalho<\/p><\/div>\n<p>O prefeito Marcelo Gouveia destacou o objetivo da a\u00e7\u00e3o. <em>\u201cEu estou vindo para comunidade para ouvir e fazer, hoje a gente tem a possibilidade nas nossas m\u00e3os, de executar, de melhorar a qualidade de vida de voc\u00eas\u201d,<\/em> enfatizou. O gestor ouviu os pedidos e comentou que em apenas nove meses de gest\u00e3o muita coisa mudou. &#8220;<em>A gente tem que fazer uma a\u00e7\u00e3o onde Rosarinho fique contente, onde Desterro fique contente, onde Ch\u00e3 de Conselho fique contente, Ch\u00e3 de Cruz fique contente, Alto Dois Irm\u00e3os, Guadalajara, Primavera&#8230; N\u00e3o adianta vir aqui e prometer que vai fazer tudo do dia para noite e n\u00e3o fazer, ent\u00e3o a gente est\u00e1 sendo objetivo e fazendo as coisas funcionarem<\/em>&#8220;, disse.<\/p>\n<p>Era n\u00edtido o sorrido no rosto da popula\u00e7\u00e3o que, confiante, agradeceu a iniciativa da gest\u00e3o.\u00a0\u00c9 a Prefeitura do Paudalho refor\u00e7ando o comprometimento de atrav\u00e9s do contato direto com a popula\u00e7\u00e3o, construir um novo amanh\u00e3.<\/p>\n<div id=\"attachment_1140\" style=\"width: 310px\" class=\"wp-caption alignnone\"><img loading=\"lazy\" decoding=\"async\" aria-describedby=\"caption-attachment-1140\" data-attachment-id=\"1140\" data-permalink=\"https:\/\/www.paudalho.pe.gov.br\/portal\/paudalho-participativo-reune-mais-de-100-moradores-de-desterro-e-rosarinho-e-promove-contato-direto-com-a-gestao\/d39a6877-eb68-42bd-9428-af5048494b53\/\" data-orig-file=\"https:\/\/www.paudalho.pe.gov.br\/portal\/wp-content\/uploads\/2017\/09\/d39a6877-eb68-42bd-9428-af5048494b53.jpg\" data-orig-size=\"1024,683\" data-comments-opened=\"1\" data-image-meta=\"{&quot;aperture&quot;:&quot;0&quot;,&quot;credit&quot;:&quot;&quot;,&quot;camera&quot;:&quot;&quot;,&quot;caption&quot;:&quot;&quot;,&quot;created_timestamp&quot;:&quot;0&quot;,&quot;copyright&quot;:&quot;&quot;,&quot;focal_length&quot;:&quot;0&quot;,&quot;iso&quot;:&quot;0&quot;,&quot;shutter_speed&quot;:&quot;0&quot;,&quot;title&quot;:&quot;&quot;,&quot;orientation&quot;:&quot;0&quot;}\" data-image-title=\"d39a6877-eb68-42bd-9428-af5048494b53\" data-image-description=\"\" data-image-caption=\"&lt;p&gt;Foto: Isak de Castro\/Comunica\u00e7\u00e3oPrefeituradePaudalho&lt;\/p&gt;\n\" data-medium-file=\"https:\/\/www.paudalho.pe.gov.br\/portal\/wp-content\/uploads\/2017\/09\/d39a6877-eb68-42bd-9428-af5048494b53-350x230.jpg\" data-large-file=\"https:\/\/www.paudalho.pe.gov.br\/portal\/wp-content\/uploads\/2017\/09\/d39a6877-eb68-42bd-9428-af5048494b53-800x450.jpg\" class=\"size-medium wp-image-1140\" src=\"http:\/\/www.paudalho.pe.gov.br\/portal\/wp-content\/uploads\/2017\/09\/d39a6877-eb68-42bd-9428-af5048494b53-350x230.jpg\" alt=\"\" width=\"300\" height=\"197\" \/><p id=\"caption-attachment-1140\" class=\"wp-caption-text\">Foto: Isak de Castro\/Comunica\u00e7\u00e3oPrefeituradePaudalho<\/p><\/div>\n<div id=\"attachment_1141\" style=\"width: 310px\" class=\"wp-caption alignnone\"><img loading=\"lazy\" decoding=\"async\" aria-describedby=\"caption-attachment-1141\" data-attachment-id=\"1141\" data-permalink=\"https:\/\/www.paudalho.pe.gov.br\/portal\/paudalho-participativo-reune-mais-de-100-moradores-de-desterro-e-rosarinho-e-promove-contato-direto-com-a-gestao\/96370649-a88d-4a9e-be85-f32a77c42a80\/\" data-orig-file=\"https:\/\/www.paudalho.pe.gov.br\/portal\/wp-content\/uploads\/2017\/09\/96370649-a88d-4a9e-be85-f32a77c42a80.jpg\" data-orig-size=\"1024,683\" data-comments-opened=\"1\" data-image-meta=\"{&quot;aperture&quot;:&quot;0&quot;,&quot;credit&quot;:&quot;&quot;,&quot;camera&quot;:&quot;&quot;,&quot;caption&quot;:&quot;&quot;,&quot;created_timestamp&quot;:&quot;0&quot;,&quot;copyright&quot;:&quot;&quot;,&quot;focal_length&quot;:&quot;0&quot;,&quot;iso&quot;:&quot;0&quot;,&quot;shutter_speed&quot;:&quot;0&quot;,&quot;title&quot;:&quot;&quot;,&quot;orientation&quot;:&quot;0&quot;}\" data-image-title=\"96370649-a88d-4a9e-be85-f32a77c42a80\" data-image-description=\"\" data-image-caption=\"&lt;p&gt;Foto: Isak de Castro\/Comunica\u00e7\u00e3oPrefeituradePaudalho&lt;\/p&gt;\n\" data-medium-file=\"https:\/\/www.paudalho.pe.gov.br\/portal\/wp-content\/uploads\/2017\/09\/96370649-a88d-4a9e-be85-f32a77c42a80-350x230.jpg\" data-large-file=\"https:\/\/www.paudalho.pe.gov.br\/portal\/wp-content\/uploads\/2017\/09\/96370649-a88d-4a9e-be85-f32a77c42a80-800x450.jpg\" class=\"size-medium wp-image-1141\" src=\"http:\/\/www.paudalho.pe.gov.br\/portal\/wp-content\/uploads\/2017\/09\/96370649-a88d-4a9e-be85-f32a77c42a80-350x230.jpg\" alt=\"\" width=\"300\" height=\"197\" \/><p id=\"caption-attachment-1141\" class=\"wp-caption-text\">Foto: Isak de Castro\/Comunica\u00e7\u00e3oPrefeituradePaudalho<\/p><\/div>\n<p><a href=\"https:\/\/drive.google.com\/open?id=0B91hDZ_NbeObLVVmVjF2NG12VEk\" target=\"_blank\" rel=\"noopener\"><strong>Ou\u00e7a o \u00e1udio do momento da conversa entre a popula\u00e7\u00e3o e o prefeito clicando aqui!<\/strong><\/a><\/p>\n<p>&nbsp;<\/p>\n<p><strong>Leia mais:\u00a0<\/strong><a href=\"http:\/\/www.paudalho.pe.gov.br\/portal\/apos-tres-anos-desfile-civico-em-guadalajara-volta-a-ser-realizado\/\" target=\"_blank\" rel=\"noopener\">Ap\u00f3s tr\u00eas anos, Desfile C\u00edvico em Guadalajara volta a ser realizado<\/a><\/p>\n<p><a href=\"http:\/\/www.paudalho.pe.gov.br\/portal\/em-entrevista-a-radio-clube-secretario-de-obras-detalha-avancos-em-paudalho\/\" target=\"_blank\" rel=\"noopener\">Em entrevista a R\u00e1dio Clube, secret\u00e1rio de Obras detalha avan\u00e7os em Paudalho<\/a><\/p>\n<p><a href=\"http:\/\/www.paudalho.pe.gov.br\/portal\/prefeito-marcelo-gouveia-divulga-comeco-de-obras-do-minha-casa-minha-vida-em-paudalho\/\" target=\"_blank\" rel=\"noopener\"> \u00a0Prefeito Marcelo Gouveia divulga come\u00e7o de obras do Minha Casa Minha Vida em Paudalho<\/a><\/p>\n","protected":false},"excerpt":{"rendered":"<p>Com o objetivo de aproximar a popula\u00e7\u00e3o, a Prefeitura do Paudalho realizou na noite desta sexta-feira (15) o Paudalho Participativo, na escola Elisa Fid\u00e9lis, em Rosarinho. A primeira a\u00e7\u00e3o do projeto foi um sucesso e contou com a participa\u00e7\u00e3o de mais de 100 moradores dos bairros de Desterro e Rosarinho. O Projeto vai ser estendido [&hellip;]<\/p>\n","protected":false},"author":4,"featured_media":1142,"comment_status":"open","ping_status":"open","sticky":false,"template":"","format":"standard","meta":{"_jetpack_newsletter_access":"","_jetpack_dont_email_post_to_subs":false,"_jetpack_newsletter_tier_id":0,"_jetpack_memberships_contains_paywalled_content":false,"_jetpack_memberships_contains_paid_content":false,"footnotes":""},"categories":[2,4,1,35,3],"tags":[134,133,22],"class_list":["post-1135","post","type-post","status-publish","format-standard","has-post-thumbnail","hentry","category-destaque","category-educacao","category-noticias","category-obras","category-saude","tag-participacao-popular","tag-paudalho-participativo","tag-prefeitura-do-paudalho"],"jetpack_featured_media_url":"https:\/\/www.paudalho.pe.gov.br\/portal\/wp-content\/uploads\/2017\/09\/b472901c-24da-414e-8a46-3080b54386bc.jpg","jetpack_sharing_enabled":true,"jetpack_shortlink":"https:\/\/wp.me\/p98mS2-ij","_links":{"self":[{"href":"https:\/\/www.paudalho.pe.gov.br\/portal\/wp-json\/wp\/v2\/posts\/1135","targetHints":{"allow":["GET"]}}],"collection":[{"href":"https:\/\/www.paudalho.pe.gov.br\/portal\/wp-json\/wp\/v2\/posts"}],"about":[{"href":"https:\/\/www.paudalho.pe.gov.br\/portal\/wp-json\/wp\/v2\/types\/post"}],"author":[{"embeddable":true,"href":"https:\/\/www.paudalho.pe.gov.br\/portal\/wp-json\/wp\/v2\/users\/4"}],"replies":[{"embeddable":true,"href":"https:\/\/www.paudalho.pe.gov.br\/portal\/wp-json\/wp\/v2\/comments?post=1135"}],"version-history":[{"count":7,"href":"https:\/\/www.paudalho.pe.gov.br\/portal\/wp-json\/wp\/v2\/posts\/1135\/revisions"}],"predecessor-version":[{"id":1249,"href":"https:\/\/www.paudalho.pe.gov.br\/portal\/wp-json\/wp\/v2\/posts\/1135\/revisions\/1249"}],"wp:featuredmedia":[{"embeddable":true,"href":"https:\/\/www.paudalho.pe.gov.br\/portal\/wp-json\/wp\/v2\/media\/1142"}],"wp:attachment":[{"href":"https:\/\/www.paudalho.pe.gov.br\/portal\/wp-json\/wp\/v2\/media?parent=1135"}],"wp:term":[{"taxonomy":"category","embeddable":true,"href":"https:\/\/www.paudalho.pe.gov.br\/portal\/wp-json\/wp\/v2\/categories?post=1135"},{"taxonomy":"post_tag","embeddable":true,"href":"https:\/\/www.paudalho.pe.gov.br\/portal\/wp-json\/wp\/v2\/tags?post=1135"}],"curies":[{"name":"wp","href":"https:\/\/api.w.org\/{rel}","templated":true}]}}