{"id":1116,"date":"2017-09-14T15:00:05","date_gmt":"2017-09-14T18:00:05","guid":{"rendered":"http:\/\/www.paudalho.pe.gov.br\/portal\/?p=1116"},"modified":"2017-09-22T01:29:01","modified_gmt":"2017-09-22T04:29:01","slug":"em-entrevista-a-radio-clube-secretario-de-obras-detalha-avancos-em-paudalho","status":"publish","type":"post","link":"https:\/\/www.paudalho.pe.gov.br\/portal\/em-entrevista-a-radio-clube-secretario-de-obras-detalha-avancos-em-paudalho\/","title":{"rendered":"Em entrevista a R\u00e1dio Clube, secret\u00e1rio de Obras detalha avan\u00e7os em Paudalho"},"content":{"rendered":"<p>O secret\u00e1rio de Obras e Servi\u00e7os P\u00fablicos, Gustavo Gouveia, foi entrevistado nesta ter\u00e7a-feira (12) pelo comunicador Valdir Bezerra, no programa &#8220;Voc\u00ea Faz a Not\u00edcia&#8221;, da R\u00e1dio Clube Recife. Na pauta, Gustavo Gouveia destacou os avan\u00e7os que a Secretaria tem realizado. Na \u00faltima quinta-feira a popula\u00e7\u00e3o ficou impressionada com a rapidez da <a href=\"http:\/\/www.paudalho.pe.gov.br\/portal\/qualidade-de-vida-para-os-alunos-diz-secretario-de-obras-sobre-reinauguracao-da-escola-municipal-de-guadalajara\/\" target=\"_blank\" rel=\"noopener\">reforma da Escola Municipal de Guadalajara<\/a>. Tr\u00eas salas foram constru\u00eddas em menos de um m\u00eas, com tecnologia avan\u00e7ada chamada de Light Woll, que permite a constru\u00e7\u00e3o r\u00e1pida.<\/p>\n<p>Com muita festa, alunos, pais e popula\u00e7\u00e3o participaram da reinaugura\u00e7\u00e3o. Al\u00e9m dessa unidade, a gest\u00e3o j\u00e1 est\u00e1 contabilizando 10 escolas reformadas. O secret\u00e1rio ainda destacou a reforma no Col\u00e9gio Municipal de Guadalajara, que est\u00e1 em andamento. \u201cTem o CMG que a gente est\u00e1 hoje ampliando, uma escola de 14 salas de aulas, que estava parada h\u00e1 quase quatro anos abandonada e os alunos estudando em dois galp\u00f5es. A escola vai ficar modelo para Paudalho&#8230; voltamos tamb\u00e9m \u00e0 obra da creche, que estava parada h\u00e1 12 anos e a gente hoje est\u00e1 finalizando ela e vamos come\u00e7ar mais duas creches l\u00e1, Primavera e Bel\u00e9m\u201d, detalhou.<\/p>\n<div id=\"attachment_1118\" style=\"width: 310px\" class=\"wp-caption alignnone\"><img loading=\"lazy\" decoding=\"async\" aria-describedby=\"caption-attachment-1118\" data-attachment-id=\"1118\" data-permalink=\"https:\/\/www.paudalho.pe.gov.br\/portal\/em-entrevista-a-radio-clube-secretario-de-obras-detalha-avancos-em-paudalho\/21729197_758287927678061_1381255494_n\/\" data-orig-file=\"https:\/\/www.paudalho.pe.gov.br\/portal\/wp-content\/uploads\/2017\/09\/21729197_758287927678061_1381255494_n.jpg\" data-orig-size=\"960,640\" data-comments-opened=\"1\" data-image-meta=\"{&quot;aperture&quot;:&quot;0&quot;,&quot;credit&quot;:&quot;&quot;,&quot;camera&quot;:&quot;&quot;,&quot;caption&quot;:&quot;&quot;,&quot;created_timestamp&quot;:&quot;0&quot;,&quot;copyright&quot;:&quot;&quot;,&quot;focal_length&quot;:&quot;0&quot;,&quot;iso&quot;:&quot;0&quot;,&quot;shutter_speed&quot;:&quot;0&quot;,&quot;title&quot;:&quot;&quot;,&quot;orientation&quot;:&quot;0&quot;}\" data-image-title=\"21729197_758287927678061_1381255494_n\" data-image-description=\"\" data-image-caption=\"&lt;p&gt;Foto: Isak de Castro\/Comunica\u00e7\u00e3oPrefeituradePaudalho&lt;\/p&gt;\n\" data-medium-file=\"https:\/\/www.paudalho.pe.gov.br\/portal\/wp-content\/uploads\/2017\/09\/21729197_758287927678061_1381255494_n-350x230.jpg\" data-large-file=\"https:\/\/www.paudalho.pe.gov.br\/portal\/wp-content\/uploads\/2017\/09\/21729197_758287927678061_1381255494_n-800x450.jpg\" class=\"size-medium wp-image-1118\" src=\"http:\/\/www.paudalho.pe.gov.br\/portal\/wp-content\/uploads\/2017\/09\/21729197_758287927678061_1381255494_n-350x230.jpg\" alt=\"\" width=\"300\" height=\"197\" \/><p id=\"caption-attachment-1118\" class=\"wp-caption-text\">Foto: Isak de Castro\/Comunica\u00e7\u00e3oPrefeituradePaudalho<\/p><\/div>\n<h2><strong>Leia mais:\u00a0<\/strong><\/h2>\n<p><a href=\"http:\/\/www.paudalho.pe.gov.br\/portal\/qualidade-de-vida-para-os-alunos-diz-secretario-de-obras-sobre-reinauguracao-da-escola-municipal-de-guadalajara\/\">\u201cQualidade de vida para os alunos\u201d, diz secret\u00e1rio de Obras sobre reinaugura\u00e7\u00e3o da Escola Municipal de Guadalajara<\/a><\/p>\n<p><a href=\"http:\/\/www.paudalho.pe.gov.br\/portal\/secretaria-de-obras-supera-obstaculos-e-recupera-13-escolas-e-oito-postos-de-saude\/\" target=\"_blank\" rel=\"noopener\">Secretaria de Obras supera obst\u00e1culos e recupera 13 postos de sa\u00fade e oito escolas<\/a><\/p>\n<p>Al\u00e9m disso, o secret\u00e1rio destacou as constru\u00e7\u00f5es e restaura\u00e7\u00e3o de Postos de Sa\u00fade na cidade e a constru\u00e7\u00e3o da Central de Parto. \u201cEstamos ampliando mais um no alto dois irm\u00e3os e hoje tamb\u00e9m a gente tem a constru\u00e7\u00e3o de um posto novo comunidade da Primavera&#8230;Gra\u00e7as a Deus hoje a gente vem melhorando bastante na sa\u00fade, a gente j\u00e1 reformou hospital estamos construindo a Central de Parto pois em Paudalho j\u00e1 n\u00e3o nascia mais crian\u00e7as em Paudalho h\u00e1 mais de 12 anos e hoje a gente est\u00e1 dando o direito de cidadania ao povo de Paudalho\u201d, comentou.<\/p>\n<p>Emprego, recapeamento de ruas, ilumina\u00e7\u00e3o p\u00fablica, seguran\u00e7a e outros assuntos relacionados foram esclarecidos pelo secret\u00e1rio. <a href=\"https:\/\/www.facebook.com\/gustavocamposgouveia1\/videos\/349980535459120\/\" target=\"_blank\" rel=\"noopener\">Assista na \u00edntegra!<\/a><\/p>\n<p>&nbsp;<\/p>\n","protected":false},"excerpt":{"rendered":"<p>O secret\u00e1rio de Obras e Servi\u00e7os P\u00fablicos, Gustavo Gouveia, foi entrevistado nesta ter\u00e7a-feira (12) pelo comunicador Valdir Bezerra, no programa &#8220;Voc\u00ea Faz a Not\u00edcia&#8221;, da R\u00e1dio Clube Recife. Na pauta, Gustavo Gouveia destacou os avan\u00e7os que a Secretaria tem realizado. Na \u00faltima quinta-feira a popula\u00e7\u00e3o ficou impressionada com a rapidez da reforma da Escola Municipal [&hellip;]<\/p>\n","protected":false},"author":4,"featured_media":1117,"comment_status":"open","ping_status":"open","sticky":false,"template":"","format":"standard","meta":{"_jetpack_newsletter_access":"","_jetpack_dont_email_post_to_subs":false,"_jetpack_newsletter_tier_id":0,"_jetpack_memberships_contains_paywalled_content":false,"_jetpack_memberships_contains_paid_content":false,"footnotes":""},"categories":[2,1,35],"tags":[36,14,131],"class_list":["post-1116","post","type-post","status-publish","format-standard","has-post-thumbnail","hentry","category-destaque","category-noticias","category-obras","tag-obras","tag-paudalho","tag-secretario-de-obras-e-servicos-publicos"],"jetpack_featured_media_url":"https:\/\/www.paudalho.pe.gov.br\/portal\/wp-content\/uploads\/2017\/09\/21744283_758287947678059_96951170_n.jpg","jetpack_sharing_enabled":true,"jetpack_shortlink":"https:\/\/wp.me\/p98mS2-i0","_links":{"self":[{"href":"https:\/\/www.paudalho.pe.gov.br\/portal\/wp-json\/wp\/v2\/posts\/1116","targetHints":{"allow":["GET"]}}],"collection":[{"href":"https:\/\/www.paudalho.pe.gov.br\/portal\/wp-json\/wp\/v2\/posts"}],"about":[{"href":"https:\/\/www.paudalho.pe.gov.br\/portal\/wp-json\/wp\/v2\/types\/post"}],"author":[{"embeddable":true,"href":"https:\/\/www.paudalho.pe.gov.br\/portal\/wp-json\/wp\/v2\/users\/4"}],"replies":[{"embeddable":true,"href":"https:\/\/www.paudalho.pe.gov.br\/portal\/wp-json\/wp\/v2\/comments?post=1116"}],"version-history":[{"count":9,"href":"https:\/\/www.paudalho.pe.gov.br\/portal\/wp-json\/wp\/v2\/posts\/1116\/revisions"}],"predecessor-version":[{"id":1246,"href":"https:\/\/www.paudalho.pe.gov.br\/portal\/wp-json\/wp\/v2\/posts\/1116\/revisions\/1246"}],"wp:featuredmedia":[{"embeddable":true,"href":"https:\/\/www.paudalho.pe.gov.br\/portal\/wp-json\/wp\/v2\/media\/1117"}],"wp:attachment":[{"href":"https:\/\/www.paudalho.pe.gov.br\/portal\/wp-json\/wp\/v2\/media?parent=1116"}],"wp:term":[{"taxonomy":"category","embeddable":true,"href":"https:\/\/www.paudalho.pe.gov.br\/portal\/wp-json\/wp\/v2\/categories?post=1116"},{"taxonomy":"post_tag","embeddable":true,"href":"https:\/\/www.paudalho.pe.gov.br\/portal\/wp-json\/wp\/v2\/tags?post=1116"}],"curies":[{"name":"wp","href":"https:\/\/api.w.org\/{rel}","templated":true}]}}