{"id":1108,"date":"2017-09-14T13:48:01","date_gmt":"2017-09-14T16:48:01","guid":{"rendered":"http:\/\/www.paudalho.pe.gov.br\/portal\/?p=1108"},"modified":"2018-03-02T10:59:32","modified_gmt":"2018-03-02T13:59:32","slug":"prefeito-marcelo-gouveia-divulga-comeco-de-obras-do-minha-casa-minha-vida-em-paudalho","status":"publish","type":"post","link":"https:\/\/www.paudalho.pe.gov.br\/portal\/prefeito-marcelo-gouveia-divulga-comeco-de-obras-do-minha-casa-minha-vida-em-paudalho\/","title":{"rendered":"Prefeito Marcelo Gouveia divulga come\u00e7o de obras do Minha Casa Minha Vida em Paudalho"},"content":{"rendered":"<p>Em entrevista concedida \u00e0 coluna Pequeno Expediente, comandada por Elielson Lima e Carlos Peruca, nesta quarta-feira (13), o prefeito Marcelo Gouveia detalhou projetos e a\u00e7\u00f5es no Munic\u00edpio. \u00a0Sobre a conserva\u00e7\u00e3o de patrim\u00f4nios na cidade, o gestor comentou que existe uma legisla\u00e7\u00e3o e, mesmo assim, problemas da falta de conserva\u00e7\u00e3o s\u00e3o frequentes, mas segundo ele, o trabalho est\u00e1 em andamento para mudar a situa\u00e7\u00e3o. \u201cNo in\u00edcio do ano n\u00f3s recebemos uma notifica\u00e7\u00e3o do Tribunal de Contas sobre a m\u00e1 conserva\u00e7\u00e3o dos casarios&#8230; e a gente est\u00e1 fazendo um levantamento de todos esses casarios que \u00e9 uma orienta\u00e7\u00e3o do pr\u00f3prio Tribunal de Contas. A gente vai fazer um diagn\u00f3stico para que a gente consiga atrair o turismo para a cidade\u201d, disse.<\/p>\n<h2><strong>Minha Casa Minha Vida\u00a0<\/strong><\/h2>\n<p>Em primeira m\u00e3o, o prefeito anunciou que recebeu o projeto final das 288 unidades do Minha Casa Minha Vida, em uma reuni\u00e3o nesta quarta-feira \u00a0com os empres\u00e1rios da 2MS, respons\u00e1veis pela constru\u00e7\u00e3o . Feliz, Marcelo detalhou o empreendimento que al\u00e9m de contemplar o paudalhenses, vai promover cerca de 300 a 400 empregos. \u201cSer\u00e3o apartamentos: t\u00e9rreo mais quartos, onde a empresa entra com toda infraestrutura. Vai ter \u00e1rea de lazer, vai entrar pavimentado e s\u00e3o 18 meses e obras. Nossa perspectiva \u00e9 que entre dezembro e janeiro as obras iniciem e basicamente agora s\u00f3 vai depender do CPRH, que \u00e9 uma licen\u00e7a que a gente vai ter que agilizar o processo&#8230; e vai empregar cerca e 300 a 400 pessoas de nossa cidade no per\u00edodo de um ano e meio. Vai aquecer o com\u00e9rcio e vai diminuir o desemprego\u201d, comentou. As unidades ser\u00e3o constru\u00eddas em Guadalajara, Paudalho, e se voc\u00ea ficou interessado, os crit\u00e9rios para a aquisi\u00e7\u00e3o ser\u00e3o divulgados quando 50% das obras estiverem conclu\u00eddas.<\/p>\n<h2><strong>COMANAS<\/strong><\/h2>\n<p>Atualmente o\u00a0Cons\u00f3rcio dos Munic\u00edpios da Mata Norte e Agreste Setentrional de Pernambuco (COMANAS) \u00e9 formado por 25 munic\u00edpios da regi\u00e3o e por meio de parcerias, promove o crescimento econ\u00f4mico das cidades associadas e como consequ\u00eancia da Regi\u00e3o. Presidente do cons\u00f3rcio, Marcelo Gouveia ainda destacou a import\u00e2ncia do \u00f3rg\u00e3o em conquistas para a Mata Norte. &#8220;Tem que ser algo de forma consorciada, ningu\u00e9m iria se instalar para atender um munic\u00edpio s\u00f3 e isso \u00e9 muito importante quando a gente come\u00e7a a ver os sonhos se transformarem em realidade; eu acredito que o COMANAS hoje \u00e9 mais forte que o COMANAS ontem e amanh\u00e3 ele ser\u00e1 mais forte que hoje&#8221;, enfatizou.<\/p>\n<p>No final de agosto, Marcelo em nome do cons\u00f3rcio, do Governo do Estado, na ocasi\u00e3o foram dois caminh\u00f5es com carroceria de madeira e um caminh\u00e3o ba\u00fa, al\u00e9m de 44 bancas de feira para a comercializa\u00e7\u00e3o dos produtos produzidos por agricultores locais. O investimento total foi de R$ 497 mil. O prefeito falou sobre aberturas de postos de sa\u00fade, inaugura\u00e7\u00f5es de escolas, entre outras a\u00e7\u00f5es que a Prefeitura do Paudalho continua fazendo.<\/p>\n<p><a href=\"https:\/\/m.facebook.com\/story.php?story_fbid=1221643577981140&amp;id=100004065271287\" target=\"_blank\" rel=\"noopener\">\u00a0Veja a entrevista na \u00edntegra.<\/a><\/p>\n","protected":false},"excerpt":{"rendered":"<p>Em entrevista concedida \u00e0 coluna Pequeno Expediente, comandada por Elielson Lima e Carlos Peruca, nesta quarta-feira (13), o prefeito Marcelo Gouveia detalhou projetos e a\u00e7\u00f5es no Munic\u00edpio. \u00a0Sobre a conserva\u00e7\u00e3o de patrim\u00f4nios na cidade, o gestor comentou que existe uma legisla\u00e7\u00e3o e, mesmo assim, problemas da falta de conserva\u00e7\u00e3o s\u00e3o frequentes, mas segundo ele, o [&hellip;]<\/p>\n","protected":false},"author":4,"featured_media":1111,"comment_status":"open","ping_status":"open","sticky":false,"template":"","format":"standard","meta":{"_jetpack_newsletter_access":"","_jetpack_dont_email_post_to_subs":false,"_jetpack_newsletter_tier_id":0,"_jetpack_memberships_contains_paywalled_content":false,"_jetpack_memberships_contains_paid_content":false,"footnotes":""},"categories":[2,1,35],"tags":[130,129,14],"class_list":["post-1108","post","type-post","status-publish","format-standard","has-post-thumbnail","hentry","category-destaque","category-noticias","category-obras","tag-comanas","tag-minha-casa-minha-vida","tag-paudalho"],"jetpack_featured_media_url":"https:\/\/www.paudalho.pe.gov.br\/portal\/wp-content\/uploads\/2017\/09\/opa-opa.jpg","jetpack_sharing_enabled":true,"jetpack_shortlink":"https:\/\/wp.me\/p98mS2-hS","_links":{"self":[{"href":"https:\/\/www.paudalho.pe.gov.br\/portal\/wp-json\/wp\/v2\/posts\/1108","targetHints":{"allow":["GET"]}}],"collection":[{"href":"https:\/\/www.paudalho.pe.gov.br\/portal\/wp-json\/wp\/v2\/posts"}],"about":[{"href":"https:\/\/www.paudalho.pe.gov.br\/portal\/wp-json\/wp\/v2\/types\/post"}],"author":[{"embeddable":true,"href":"https:\/\/www.paudalho.pe.gov.br\/portal\/wp-json\/wp\/v2\/users\/4"}],"replies":[{"embeddable":true,"href":"https:\/\/www.paudalho.pe.gov.br\/portal\/wp-json\/wp\/v2\/comments?post=1108"}],"version-history":[{"count":7,"href":"https:\/\/www.paudalho.pe.gov.br\/portal\/wp-json\/wp\/v2\/posts\/1108\/revisions"}],"predecessor-version":[{"id":2593,"href":"https:\/\/www.paudalho.pe.gov.br\/portal\/wp-json\/wp\/v2\/posts\/1108\/revisions\/2593"}],"wp:featuredmedia":[{"embeddable":true,"href":"https:\/\/www.paudalho.pe.gov.br\/portal\/wp-json\/wp\/v2\/media\/1111"}],"wp:attachment":[{"href":"https:\/\/www.paudalho.pe.gov.br\/portal\/wp-json\/wp\/v2\/media?parent=1108"}],"wp:term":[{"taxonomy":"category","embeddable":true,"href":"https:\/\/www.paudalho.pe.gov.br\/portal\/wp-json\/wp\/v2\/categories?post=1108"},{"taxonomy":"post_tag","embeddable":true,"href":"https:\/\/www.paudalho.pe.gov.br\/portal\/wp-json\/wp\/v2\/tags?post=1108"}],"curies":[{"name":"wp","href":"https:\/\/api.w.org\/{rel}","templated":true}]}}