{"id":11024,"date":"2020-05-15T13:50:08","date_gmt":"2020-05-15T16:50:08","guid":{"rendered":"https:\/\/www.paudalho.pe.gov.br\/portal\/?p=11024"},"modified":"2020-05-15T13:50:08","modified_gmt":"2020-05-15T16:50:08","slug":"confira-o-calendario-da-2a-parcela-do-auxilio-emergencial","status":"publish","type":"post","link":"https:\/\/www.paudalho.pe.gov.br\/portal\/confira-o-calendario-da-2a-parcela-do-auxilio-emergencial\/","title":{"rendered":"Confira o calend\u00e1rio da 2\u00aa parcela do Aux\u00edlio Emergencial"},"content":{"rendered":"\n<p>O cronograma da segunda parcela do Aux\u00edlio Emergencial come\u00e7ar\u00e1 a ser executado a partir da pr\u00f3xima segunda-feira (18) e seguir\u00e1 at\u00e9 o dia 13 de junho, de acordo com publica\u00e7\u00e3o do Di\u00e1rio Oficial da Uni\u00e3o, desta sexta-feira (15).<\/p>\n\n\n\n<p>O calend\u00e1rio da segunda parcela valer\u00e1 apenas para quem recebeu a primeira parcela at\u00e9 30 de abril. Al\u00e9m disso, foi sancionada tamb\u00e9m nesta sexta, a lei que amplia o grupo de pessoas aptas a receberem o aux\u00edlio. Com a san\u00e7\u00e3o, o abono poder\u00e1 ser pago a menores de 18 anos que forem m\u00e3es.<\/p>\n\n\n\n<p>Houve tamb\u00e9m mudan\u00e7a na forma de recebimento por meio da portaria que definiu o calend\u00e1rio. A segunda parcela ser\u00e1 depositada em poupan\u00e7a digital na Caixa Econ\u00f4mica para todos e o valor ser\u00e1 usado inicialmente, apenas digitalmente e poder\u00e1 ser utilizado para pagamentos de contas, boletos e compras por meio de cart\u00e3o de d\u00e9bito virtual.&nbsp;<\/p>\n\n\n\n<p>A partir de 30 de maio, a Caixa come\u00e7a a liberar saques e transfer\u00eancias a partir dessas contas. Para os trabalhadores que receberam a primeira parcela em outra conta, o dinheiro que ainda estiver na poupan\u00e7a digital ser\u00e1 transferido automaticamente nas datas desse mesmo calend\u00e1rio. A diferen\u00e7a dessa vez \u00e9 que o saque ser\u00e1 liberado m\u00eas a m\u00eas e n\u00e3o a cada dois meses como era feito na parcela anterior.<\/p>\n\n\n\n<p>Confira mais detalhes na Portaria. <a href=\"http:\/\/Confira mais detalhes na Portaria. Clique aqui!\" target=\"_blank\" rel=\"noreferrer noopener\">Clique aqui!<\/a><\/p>\n\n\n\n<h3 class=\"wp-block-heading\">Confira os calend\u00e1rios:&nbsp;<\/h3>\n\n\n\n<figure class=\"wp-block-image size-large\"><img loading=\"lazy\" decoding=\"async\" width=\"600\" height=\"457\" data-attachment-id=\"11025\" data-permalink=\"https:\/\/www.paudalho.pe.gov.br\/portal\/confira-o-calendario-da-2a-parcela-do-auxilio-emergencial\/d7be23db-ec9e-445f-9b5a-3825c74f4e2f\/\" data-orig-file=\"https:\/\/www.paudalho.pe.gov.br\/portal\/wp-content\/uploads\/2020\/05\/D7BE23DB-EC9E-445F-9B5A-3825C74F4E2F.jpeg\" data-orig-size=\"600,457\" data-comments-opened=\"1\" data-image-meta=\"{&quot;aperture&quot;:&quot;0&quot;,&quot;credit&quot;:&quot;&quot;,&quot;camera&quot;:&quot;&quot;,&quot;caption&quot;:&quot;&quot;,&quot;created_timestamp&quot;:&quot;0&quot;,&quot;copyright&quot;:&quot;&quot;,&quot;focal_length&quot;:&quot;0&quot;,&quot;iso&quot;:&quot;0&quot;,&quot;shutter_speed&quot;:&quot;0&quot;,&quot;title&quot;:&quot;&quot;,&quot;orientation&quot;:&quot;0&quot;}\" data-image-title=\"D7BE23DB-EC9E-445F-9B5A-3825C74F4E2F\" data-image-description=\"\" data-image-caption=\"\" data-medium-file=\"https:\/\/www.paudalho.pe.gov.br\/portal\/wp-content\/uploads\/2020\/05\/D7BE23DB-EC9E-445F-9B5A-3825C74F4E2F-350x230.jpeg\" data-large-file=\"https:\/\/www.paudalho.pe.gov.br\/portal\/wp-content\/uploads\/2020\/05\/D7BE23DB-EC9E-445F-9B5A-3825C74F4E2F-600x450.jpeg\" src=\"https:\/\/i0.wp.com\/www.paudalho.pe.gov.br\/portal\/wp-content\/uploads\/2020\/05\/D7BE23DB-EC9E-445F-9B5A-3825C74F4E2F.jpeg?resize=600%2C450&amp;ssl=1\" alt=\"\" class=\"wp-image-11025\"\/><\/figure>\n\n\n\n<figure class=\"wp-block-gallery columns-1 is-cropped wp-block-gallery-1 is-layout-flex wp-block-gallery-is-layout-flex\"><ul class=\"blocks-gallery-grid\"><li class=\"blocks-gallery-item\"><figure><img loading=\"lazy\" decoding=\"async\" width=\"600\" height=\"313\" data-attachment-id=\"11026\" data-permalink=\"https:\/\/www.paudalho.pe.gov.br\/portal\/confira-o-calendario-da-2a-parcela-do-auxilio-emergencial\/b01eb846-8936-4743-b22f-d0d27318c79b\/\" data-orig-file=\"https:\/\/www.paudalho.pe.gov.br\/portal\/wp-content\/uploads\/2020\/05\/B01EB846-8936-4743-B22F-D0D27318C79B.jpeg\" data-orig-size=\"600,313\" data-comments-opened=\"1\" data-image-meta=\"{&quot;aperture&quot;:&quot;0&quot;,&quot;credit&quot;:&quot;&quot;,&quot;camera&quot;:&quot;&quot;,&quot;caption&quot;:&quot;&quot;,&quot;created_timestamp&quot;:&quot;0&quot;,&quot;copyright&quot;:&quot;&quot;,&quot;focal_length&quot;:&quot;0&quot;,&quot;iso&quot;:&quot;0&quot;,&quot;shutter_speed&quot;:&quot;0&quot;,&quot;title&quot;:&quot;&quot;,&quot;orientation&quot;:&quot;0&quot;}\" data-image-title=\"B01EB846-8936-4743-B22F-D0D27318C79B\" data-image-description=\"\" data-image-caption=\"\" data-medium-file=\"https:\/\/www.paudalho.pe.gov.br\/portal\/wp-content\/uploads\/2020\/05\/B01EB846-8936-4743-B22F-D0D27318C79B-350x230.jpeg\" data-large-file=\"https:\/\/www.paudalho.pe.gov.br\/portal\/wp-content\/uploads\/2020\/05\/B01EB846-8936-4743-B22F-D0D27318C79B.jpeg\" src=\"https:\/\/www.paudalho.pe.gov.br\/portal\/wp-content\/uploads\/2020\/05\/B01EB846-8936-4743-B22F-D0D27318C79B.jpeg\" alt=\"\" data-id=\"11026\" data-full-url=\"https:\/\/i1.wp.com\/www.paudalho.pe.gov.br\/portal\/wp-content\/uploads\/2020\/05\/B01EB846-8936-4743-B22F-D0D27318C79B.jpeg?fit=600%2C313&amp;ssl=1\" data-link=\"https:\/\/www.paudalho.pe.gov.br\/portal\/?attachment_id=11026\" class=\"wp-image-11026\"\/><\/figure><\/li><\/ul><\/figure>\n\n\n\n<figure class=\"wp-block-image size-large\"><img loading=\"lazy\" decoding=\"async\" width=\"600\" height=\"528\" data-attachment-id=\"11027\" data-permalink=\"https:\/\/www.paudalho.pe.gov.br\/portal\/confira-o-calendario-da-2a-parcela-do-auxilio-emergencial\/6fa28f4a-70db-4be7-88b5-5a77a9890013\/\" data-orig-file=\"https:\/\/www.paudalho.pe.gov.br\/portal\/wp-content\/uploads\/2020\/05\/6FA28F4A-70DB-4BE7-88B5-5A77A9890013.jpeg\" data-orig-size=\"600,528\" data-comments-opened=\"1\" data-image-meta=\"{&quot;aperture&quot;:&quot;0&quot;,&quot;credit&quot;:&quot;&quot;,&quot;camera&quot;:&quot;&quot;,&quot;caption&quot;:&quot;&quot;,&quot;created_timestamp&quot;:&quot;0&quot;,&quot;copyright&quot;:&quot;&quot;,&quot;focal_length&quot;:&quot;0&quot;,&quot;iso&quot;:&quot;0&quot;,&quot;shutter_speed&quot;:&quot;0&quot;,&quot;title&quot;:&quot;&quot;,&quot;orientation&quot;:&quot;0&quot;}\" data-image-title=\"6FA28F4A-70DB-4BE7-88B5-5A77A9890013\" data-image-description=\"\" data-image-caption=\"\" data-medium-file=\"https:\/\/www.paudalho.pe.gov.br\/portal\/wp-content\/uploads\/2020\/05\/6FA28F4A-70DB-4BE7-88B5-5A77A9890013-350x230.jpeg\" data-large-file=\"https:\/\/www.paudalho.pe.gov.br\/portal\/wp-content\/uploads\/2020\/05\/6FA28F4A-70DB-4BE7-88B5-5A77A9890013-600x450.jpeg\" src=\"https:\/\/i2.wp.com\/www.paudalho.pe.gov.br\/portal\/wp-content\/uploads\/2020\/05\/6FA28F4A-70DB-4BE7-88B5-5A77A9890013.jpeg?resize=600%2C450&amp;ssl=1\" alt=\"\" class=\"wp-image-11027\"\/><\/figure>\n\n\n\n<p><\/p>\n","protected":false},"excerpt":{"rendered":"<p>O cronograma da segunda parcela do Aux\u00edlio Emergencial come\u00e7ar\u00e1 a ser executado a partir da pr\u00f3xima segunda-feira (18) e seguir\u00e1 at\u00e9 o dia 13 de junho, de acordo com publica\u00e7\u00e3o do Di\u00e1rio Oficial da Uni\u00e3o, desta sexta-feira (15). O calend\u00e1rio da segunda parcela valer\u00e1 apenas para quem recebeu a primeira parcela at\u00e9 30 de abril. [&hellip;]<\/p>\n","protected":false},"author":4,"featured_media":11028,"comment_status":"open","ping_status":"open","sticky":false,"template":"","format":"standard","meta":{"_jetpack_newsletter_access":"","_jetpack_dont_email_post_to_subs":false,"_jetpack_newsletter_tier_id":0,"_jetpack_memberships_contains_paywalled_content":false,"_jetpack_memberships_contains_paid_content":false,"footnotes":""},"categories":[2,1],"tags":[636],"class_list":["post-11024","post","type-post","status-publish","format-standard","has-post-thumbnail","hentry","category-destaque","category-noticias","tag-auxilio-emergencial"],"jetpack_featured_media_url":"https:\/\/www.paudalho.pe.gov.br\/portal\/wp-content\/uploads\/2020\/05\/C408E8F7-F2A3-4B7E-883B-472EAB569615.jpeg","jetpack_sharing_enabled":true,"jetpack_shortlink":"https:\/\/wp.me\/p98mS2-2RO","_links":{"self":[{"href":"https:\/\/www.paudalho.pe.gov.br\/portal\/wp-json\/wp\/v2\/posts\/11024","targetHints":{"allow":["GET"]}}],"collection":[{"href":"https:\/\/www.paudalho.pe.gov.br\/portal\/wp-json\/wp\/v2\/posts"}],"about":[{"href":"https:\/\/www.paudalho.pe.gov.br\/portal\/wp-json\/wp\/v2\/types\/post"}],"author":[{"embeddable":true,"href":"https:\/\/www.paudalho.pe.gov.br\/portal\/wp-json\/wp\/v2\/users\/4"}],"replies":[{"embeddable":true,"href":"https:\/\/www.paudalho.pe.gov.br\/portal\/wp-json\/wp\/v2\/comments?post=11024"}],"version-history":[{"count":1,"href":"https:\/\/www.paudalho.pe.gov.br\/portal\/wp-json\/wp\/v2\/posts\/11024\/revisions"}],"predecessor-version":[{"id":11029,"href":"https:\/\/www.paudalho.pe.gov.br\/portal\/wp-json\/wp\/v2\/posts\/11024\/revisions\/11029"}],"wp:featuredmedia":[{"embeddable":true,"href":"https:\/\/www.paudalho.pe.gov.br\/portal\/wp-json\/wp\/v2\/media\/11028"}],"wp:attachment":[{"href":"https:\/\/www.paudalho.pe.gov.br\/portal\/wp-json\/wp\/v2\/media?parent=11024"}],"wp:term":[{"taxonomy":"category","embeddable":true,"href":"https:\/\/www.paudalho.pe.gov.br\/portal\/wp-json\/wp\/v2\/categories?post=11024"},{"taxonomy":"post_tag","embeddable":true,"href":"https:\/\/www.paudalho.pe.gov.br\/portal\/wp-json\/wp\/v2\/tags?post=11024"}],"curies":[{"name":"wp","href":"https:\/\/api.w.org\/{rel}","templated":true}]}}