{"id":1102,"date":"2017-09-14T12:22:02","date_gmt":"2017-09-14T15:22:02","guid":{"rendered":"http:\/\/www.paudalho.pe.gov.br\/portal\/?p=1102"},"modified":"2017-09-22T01:21:21","modified_gmt":"2017-09-22T04:21:21","slug":"projeto-arena-da-cidadania-contempla-cerca-de-800-jovens-com-servicos-gratuitos-em-paudalho","status":"publish","type":"post","link":"https:\/\/www.paudalho.pe.gov.br\/portal\/projeto-arena-da-cidadania-contempla-cerca-de-800-jovens-com-servicos-gratuitos-em-paudalho\/","title":{"rendered":"Projeto Arena da Cidadania contempla cerca de 800 jovens com servi\u00e7os gratuitos em Paudalho"},"content":{"rendered":"<p>Atividades f\u00edsicas e recreativas, cortes de cabelo, manicure, assessoria jur\u00eddica e social, servi\u00e7os de sa\u00fade, entre outras a\u00e7\u00f5es v\u00e3o ser realizadas no Projeto Arena da Cidadania, que acontece entre a segunda (18) e quinta-feira (21), na \u00e1rea da quadra do Loteamento Primavera, em Paudalho, das 9h \u00e0s 17h.<\/p>\n<p>A a\u00e7\u00e3o \u00e9 realizada atrav\u00e9s de uma parceria entre a Prefeitura do Paudalho, por meio da Secretaria de Desenvolvimento e Assist\u00eancia Social do Munic\u00edpio, contemplada pelo Governo de Pernambuco, atrav\u00e9s da Secretaria de Desenvolvimento Social, Crian\u00e7a e Juventude do Estado e executada pela Ag\u00eancia Brasileira de Desenvolvimento Econ\u00f4mico e Social dos Munic\u00edpios (ABDESM).<\/p>\n<p>A secret\u00e1ria de Desenvolvimento e Assist\u00eancia Social, Valqu\u00edria Marinho, deixou um convite \u00e0 popula\u00e7\u00e3o. <strong>Ou\u00e7a:<\/strong><\/p>\n<!--[if lt IE 9]><script>document.createElement('audio');<\/script><![endif]-->\n<audio class=\"wp-audio-shortcode\" id=\"audio-1102-1\" preload=\"none\" style=\"width: 100%;\" controls=\"controls\"><source type=\"audio\/mpeg\" src=\"http:\/\/www.paudalho.pe.gov.br\/portal\/wp-content\/uploads\/2017\/09\/valqueiria-ok.mp3?_=1\" \/><a href=\"http:\/\/www.paudalho.pe.gov.br\/portal\/wp-content\/uploads\/2017\/09\/valqueiria-ok.mp3\">http:\/\/www.paudalho.pe.gov.br\/portal\/wp-content\/uploads\/2017\/09\/valqueiria-ok.mp3<\/a><\/audio>\n<h2><strong>Objetivo da a\u00e7\u00e3o<\/strong><\/h2>\n<p>A Arena da Cidadania tem o objetivo de contribuir com o fortalecimento do papel social dos jovens. A gest\u00e3o acredita no potencial da juventude e continua avan\u00e7ado no prop\u00f3sito de, atrav\u00e9s de parceria, promover o bem-estar da popula\u00e7\u00e3o. O coordenador de Projetos da Ag\u00eancia Brasileira de Desenvolvimento Econ\u00f4mico e Social dos Munic\u00edpios, Daniel Her\u00e1clio, detalha a programa\u00e7\u00e3o e os servi\u00e7os.<\/p>\n","protected":false},"excerpt":{"rendered":"<p>Atividades f\u00edsicas e recreativas, cortes de cabelo, manicure, assessoria jur\u00eddica e social, servi\u00e7os de sa\u00fade, entre outras a\u00e7\u00f5es v\u00e3o ser realizadas no Projeto Arena da Cidadania, que acontece entre a segunda (18) e quinta-feira (21), na \u00e1rea da quadra do Loteamento Primavera, em Paudalho, das 9h \u00e0s 17h. A a\u00e7\u00e3o \u00e9 realizada atrav\u00e9s de uma [&hellip;]<\/p>\n","protected":false},"author":4,"featured_media":1104,"comment_status":"open","ping_status":"open","sticky":false,"template":"","format":"standard","meta":{"_jetpack_newsletter_access":"","_jetpack_dont_email_post_to_subs":false,"_jetpack_newsletter_tier_id":0,"_jetpack_memberships_contains_paywalled_content":false,"_jetpack_memberships_contains_paid_content":false,"footnotes":""},"categories":[2,1],"tags":[128,14,127],"class_list":["post-1102","post","type-post","status-publish","format-standard","has-post-thumbnail","hentry","category-destaque","category-noticias","tag-arena-da-cidadania","tag-paudalho","tag-servico"],"jetpack_featured_media_url":"https:\/\/www.paudalho.pe.gov.br\/portal\/wp-content\/uploads\/2017\/09\/7e6c71be-4ff0-4930-a002-87e4f2c1b173-1.jpg","jetpack_sharing_enabled":true,"jetpack_shortlink":"https:\/\/wp.me\/p98mS2-hM","_links":{"self":[{"href":"https:\/\/www.paudalho.pe.gov.br\/portal\/wp-json\/wp\/v2\/posts\/1102","targetHints":{"allow":["GET"]}}],"collection":[{"href":"https:\/\/www.paudalho.pe.gov.br\/portal\/wp-json\/wp\/v2\/posts"}],"about":[{"href":"https:\/\/www.paudalho.pe.gov.br\/portal\/wp-json\/wp\/v2\/types\/post"}],"author":[{"embeddable":true,"href":"https:\/\/www.paudalho.pe.gov.br\/portal\/wp-json\/wp\/v2\/users\/4"}],"replies":[{"embeddable":true,"href":"https:\/\/www.paudalho.pe.gov.br\/portal\/wp-json\/wp\/v2\/comments?post=1102"}],"version-history":[{"count":7,"href":"https:\/\/www.paudalho.pe.gov.br\/portal\/wp-json\/wp\/v2\/posts\/1102\/revisions"}],"predecessor-version":[{"id":1244,"href":"https:\/\/www.paudalho.pe.gov.br\/portal\/wp-json\/wp\/v2\/posts\/1102\/revisions\/1244"}],"wp:featuredmedia":[{"embeddable":true,"href":"https:\/\/www.paudalho.pe.gov.br\/portal\/wp-json\/wp\/v2\/media\/1104"}],"wp:attachment":[{"href":"https:\/\/www.paudalho.pe.gov.br\/portal\/wp-json\/wp\/v2\/media?parent=1102"}],"wp:term":[{"taxonomy":"category","embeddable":true,"href":"https:\/\/www.paudalho.pe.gov.br\/portal\/wp-json\/wp\/v2\/categories?post=1102"},{"taxonomy":"post_tag","embeddable":true,"href":"https:\/\/www.paudalho.pe.gov.br\/portal\/wp-json\/wp\/v2\/tags?post=1102"}],"curies":[{"name":"wp","href":"https:\/\/api.w.org\/{rel}","templated":true}]}}