{"id":11002,"date":"2020-05-13T21:09:44","date_gmt":"2020-05-14T00:09:44","guid":{"rendered":"https:\/\/www.paudalho.pe.gov.br\/portal\/?p=11002"},"modified":"2020-05-22T16:55:15","modified_gmt":"2020-05-22T19:55:15","slug":"paudalho-abre-inscricao-para-contratacao-de-profissionais-que-atuarao-em-ala-exclusiva-para-o-tratamento-da-covid-19","status":"publish","type":"post","link":"https:\/\/www.paudalho.pe.gov.br\/portal\/paudalho-abre-inscricao-para-contratacao-de-profissionais-que-atuarao-em-ala-exclusiva-para-o-tratamento-da-covid-19\/","title":{"rendered":"Paudalho abre inscri\u00e7\u00e3o para contrata\u00e7\u00e3o de profissionais que atuar\u00e3o em ala exclusiva para o tratamento da COVID-19"},"content":{"rendered":"\n<p>A Prefeitura do Paudalho divulgou nesta quarta-feira (13) o processo seletivo simplificado&nbsp;que visa a contrata\u00e7\u00e3o de 63 profissionais de n\u00edvel superior, t\u00e9cnico e m\u00e9dio que ir\u00e3o atuar na ala exclusiva&nbsp;de tratamento da COVID-19. <\/p>\n\n\n\n<p>De acordo com a Secretaria de Sa\u00fade, os leitos de retaguarda funcionar\u00e3o no Hospital Municipal de Paudalho, onde ser\u00e3o disponibilizados 30 leitos mais sala vermelha para o atendimento.&nbsp;<\/p>\n\n\n\n<p>As inscri\u00e7\u00f5es podem ser realizadas desta quinta-feira (14) at\u00e9 o s\u00e1bado (16).<\/p>\n\n\n\n<p><a href=\"https:\/\/forms.gle\/Y2jQY8aKBmRerubX7\">\u2022Inscri\u00e7\u00e3o de profissionais de n\u00edvel superior<\/a><\/p>\n\n\n\n<p><a href=\"https:\/\/forms.gle\/fRXW1n2Tfsy3pi5K6\">\u2022Inscri\u00e7\u00e3o de profissionais de n\u00edvel t\u00e9cnico<\/a><\/p>\n\n\n\n<p><a href=\"https:\/\/forms.gle\/XkUSuP94mK8gRYZp6\">\u2022Inscri\u00e7\u00e3o de profissionais de n\u00edvel m\u00e9dio&nbsp;<\/a><\/p>\n\n\n\n<p>As contrata\u00e7\u00f5es s\u00e3o destinadas a atender necessidade tempor\u00e1ria de excepcional interesse relacionado \u00e0 emerg\u00eancia em sa\u00fade p\u00fablica decorrente do novo coronav\u00edrus.<\/p>\n\n\n\n<p>O processo seletivo ser\u00e1 realizado em&nbsp;<strong>\u00fanica etapa<\/strong>&nbsp;eliminat\u00f3ria e classificat\u00f3ria, denominada de Avalia\u00e7\u00e3o Curricular. Confira os detalhes no edital abaixo:&nbsp;<\/p>\n\n\n\n<div class=\"wp-block-file\"><a href=\"https:\/\/www.paudalho.pe.gov.br\/portal\/wp-content\/uploads\/2020\/05\/EDITAL-SELE\u00c3_\u00c3_O-SAUDE-2020-COVID-convertido.pdf\">\u2022Edital<\/a><a href=\"https:\/\/www.paudalho.pe.gov.br\/portal\/wp-content\/uploads\/2020\/05\/EDITAL-SELE\u00c3_\u00c3_O-SAUDE-2020-COVID-convertido.pdf\" class=\"wp-block-file__button\" download>Baixar<\/a><\/div>\n\n\n\n<div class=\"wp-block-file\"><a href=\"https:\/\/www.paudalho.pe.gov.br\/portal\/wp-content\/uploads\/2020\/05\/ANEXO-I-convertido.pdf\">\u2022Confira aqui quais sais as fun\u00e7\u00f5es, remunera\u00e7\u00f5es, requisitos, atribui\u00e7\u00f5es, vagas e cargas hor\u00e1rias de trabalho.<\/a><a href=\"https:\/\/www.paudalho.pe.gov.br\/portal\/wp-content\/uploads\/2020\/05\/ANEXO-I-convertido.pdf\" class=\"wp-block-file__button\" download>Baixar<\/a><\/div>\n\n\n\n<div class=\"wp-block-file\"><a href=\"https:\/\/www.paudalho.pe.gov.br\/portal\/wp-content\/uploads\/2020\/05\/Portaria-da-Sec.-de-Sa\u00c3\u00bade-Portaria-FMS-N\u00c2\u00ba-001-2020-convertido.pdf\">\u2022Portaria do processo&nbsp;<\/a><a href=\"https:\/\/www.paudalho.pe.gov.br\/portal\/wp-content\/uploads\/2020\/05\/Portaria-da-Sec.-de-Sa\u00c3\u00bade-Portaria-FMS-N\u00c2\u00ba-001-2020-convertido.pdf\" class=\"wp-block-file__button\" download>Baixar<\/a><\/div>\n\n\n\n<p>A Secretaria de Sa\u00fade divulgou Errata referente ao processo. Confira:<\/p>\n\n\n\n<figure class=\"wp-block-image size-full\"><img loading=\"lazy\" decoding=\"async\" width=\"724\" height=\"1024\" data-attachment-id=\"11090\" data-permalink=\"https:\/\/www.paudalho.pe.gov.br\/portal\/paudalho-abre-inscricao-para-contratacao-de-profissionais-que-atuarao-em-ala-exclusiva-para-o-tratamento-da-covid-19\/429e5136-6739-4b4b-a45b-d2b7aa6f8528\/\" data-orig-file=\"https:\/\/www.paudalho.pe.gov.br\/portal\/wp-content\/uploads\/2020\/05\/429E5136-6739-4B4B-A45B-D2B7AA6F8528.jpeg\" data-orig-size=\"724,1024\" data-comments-opened=\"1\" data-image-meta=\"{&quot;aperture&quot;:&quot;0&quot;,&quot;credit&quot;:&quot;&quot;,&quot;camera&quot;:&quot;&quot;,&quot;caption&quot;:&quot;&quot;,&quot;created_timestamp&quot;:&quot;0&quot;,&quot;copyright&quot;:&quot;&quot;,&quot;focal_length&quot;:&quot;0&quot;,&quot;iso&quot;:&quot;0&quot;,&quot;shutter_speed&quot;:&quot;0&quot;,&quot;title&quot;:&quot;&quot;,&quot;orientation&quot;:&quot;0&quot;}\" data-image-title=\"429E5136-6739-4B4B-A45B-D2B7AA6F8528\" data-image-description=\"\" data-image-caption=\"\" data-medium-file=\"https:\/\/www.paudalho.pe.gov.br\/portal\/wp-content\/uploads\/2020\/05\/429E5136-6739-4B4B-A45B-D2B7AA6F8528-350x230.jpeg\" data-large-file=\"https:\/\/www.paudalho.pe.gov.br\/portal\/wp-content\/uploads\/2020\/05\/429E5136-6739-4B4B-A45B-D2B7AA6F8528-724x450.jpeg\" src=\"https:\/\/www.paudalho.pe.gov.br\/portal\/wp-content\/uploads\/2020\/05\/429E5136-6739-4B4B-A45B-D2B7AA6F8528.jpeg\" alt=\"\" class=\"wp-image-11090\"\/><\/figure>\n\n\n\n<p><\/p>\n","protected":false},"excerpt":{"rendered":"<p>A Prefeitura do Paudalho divulgou nesta quarta-feira (13) o processo seletivo simplificado&nbsp;que visa a contrata\u00e7\u00e3o de 63 profissionais de n\u00edvel superior, t\u00e9cnico e m\u00e9dio que ir\u00e3o atuar na ala exclusiva&nbsp;de tratamento da COVID-19. De acordo com a Secretaria de Sa\u00fade, os leitos de retaguarda funcionar\u00e3o no Hospital Municipal de Paudalho, onde ser\u00e3o disponibilizados 30 leitos [&hellip;]<\/p>\n","protected":false},"author":4,"featured_media":11006,"comment_status":"open","ping_status":"open","sticky":false,"template":"","format":"standard","meta":{"_jetpack_newsletter_access":"","_jetpack_dont_email_post_to_subs":false,"_jetpack_newsletter_tier_id":0,"_jetpack_memberships_contains_paywalled_content":false,"_jetpack_memberships_contains_paid_content":false,"footnotes":""},"categories":[2,1,3],"tags":[248],"class_list":["post-11002","post","type-post","status-publish","format-standard","has-post-thumbnail","hentry","category-destaque","category-noticias","category-saude","tag-inscricao"],"jetpack_featured_media_url":"https:\/\/www.paudalho.pe.gov.br\/portal\/wp-content\/uploads\/2020\/05\/F99EFAE0-B041-4049-991C-CA8008EF7C7F.jpeg","jetpack_sharing_enabled":true,"jetpack_shortlink":"https:\/\/wp.me\/p98mS2-2Rs","_links":{"self":[{"href":"https:\/\/www.paudalho.pe.gov.br\/portal\/wp-json\/wp\/v2\/posts\/11002","targetHints":{"allow":["GET"]}}],"collection":[{"href":"https:\/\/www.paudalho.pe.gov.br\/portal\/wp-json\/wp\/v2\/posts"}],"about":[{"href":"https:\/\/www.paudalho.pe.gov.br\/portal\/wp-json\/wp\/v2\/types\/post"}],"author":[{"embeddable":true,"href":"https:\/\/www.paudalho.pe.gov.br\/portal\/wp-json\/wp\/v2\/users\/4"}],"replies":[{"embeddable":true,"href":"https:\/\/www.paudalho.pe.gov.br\/portal\/wp-json\/wp\/v2\/comments?post=11002"}],"version-history":[{"count":3,"href":"https:\/\/www.paudalho.pe.gov.br\/portal\/wp-json\/wp\/v2\/posts\/11002\/revisions"}],"predecessor-version":[{"id":11091,"href":"https:\/\/www.paudalho.pe.gov.br\/portal\/wp-json\/wp\/v2\/posts\/11002\/revisions\/11091"}],"wp:featuredmedia":[{"embeddable":true,"href":"https:\/\/www.paudalho.pe.gov.br\/portal\/wp-json\/wp\/v2\/media\/11006"}],"wp:attachment":[{"href":"https:\/\/www.paudalho.pe.gov.br\/portal\/wp-json\/wp\/v2\/media?parent=11002"}],"wp:term":[{"taxonomy":"category","embeddable":true,"href":"https:\/\/www.paudalho.pe.gov.br\/portal\/wp-json\/wp\/v2\/categories?post=11002"},{"taxonomy":"post_tag","embeddable":true,"href":"https:\/\/www.paudalho.pe.gov.br\/portal\/wp-json\/wp\/v2\/tags?post=11002"}],"curies":[{"name":"wp","href":"https:\/\/api.w.org\/{rel}","templated":true}]}}