{"id":10946,"date":"2020-05-12T13:50:58","date_gmt":"2020-05-12T16:50:58","guid":{"rendered":"https:\/\/www.paudalho.pe.gov.br\/portal\/?p=10946"},"modified":"2025-01-08T00:39:52","modified_gmt":"2025-01-08T03:39:52","slug":"paudalho-inicia-campanha-de-vacinacao-contra-a-triplice-viral-para-adultos-de-20-a-49-anos-de-idade","status":"publish","type":"post","link":"https:\/\/www.paudalho.pe.gov.br\/portal\/paudalho-inicia-campanha-de-vacinacao-contra-a-triplice-viral-para-adultos-de-20-a-49-anos-de-idade\/","title":{"rendered":"Paudalho inicia campanha de vacina\u00e7\u00e3o contra a tr\u00edplice viral para adultos de 20 a 49 anos de idade"},"content":{"rendered":"\n<p>Na segunda-feira, dia 11, a Prefeitura do Paudalho deu in\u00edcio a Campanha de Vacina\u00e7\u00e3o contra a Tr\u00edplice Viral. Com exce\u00e7\u00e3o de gestantes, para quem \u00e9 contraindicada, adultos de 20 a 49 anos t\u00eam at\u00e9 o dia 22 de maio para receber a dose da vacina que  protege contra tr\u00eas tipos de enfermidades: o sarampo, a caxumba e a rub\u00e9ola. Causadas por v\u00edrus, tais doen\u00e7as s\u00e3o altamente contagiosas e podem ser letais para crian\u00e7as e pessoas com imunidade comprometida. <\/p>\n\n\n\n<p>Para receber a dosagem os cidad\u00e3os devem buscar atendimento na Unidade B\u00e1sica de Sa\u00fade (UBS) mais pr\u00f3xima portanto o cart\u00e3o do SUS e a caderneta de vacina\u00e7\u00e3o (caso possuam). Em raz\u00e3o da pandemia do coronav\u00edrus, a preocupa\u00e7\u00e3o com aglomera\u00e7\u00f5es \u00e9 imprescind\u00edvel, por isso, cada unidade est\u00e1 adotando estrat\u00e9gias para que n\u00e3o ocorram ajuntamentos. As medidas v\u00e3o desde agendamento ao uso dos edif\u00edcios de clubes e escolas para abrigar mais pessoas. Os mun\u00edcipes tamb\u00e9m devem colaborar durante a consulta mantendo a dist\u00e2ncia entre os presentes no local e utilizando m\u00e1scaras.<\/p>\n\n\n\n<p>\u00c9 somente por meio vacina\u00e7\u00e3o que a sa\u00fade dos paudalhenses \u00e9 garantida. A coordenadora do Programa Nacional de Imuniza\u00e7\u00e3o (PNI), a enfermeira Anielle Louren\u00e7o, informa que cabe aos agentes comunit\u00e1rios de sa\u00fade (ACS) informar a popula\u00e7\u00e3o qual a estrat\u00e9gia espec\u00edfica tomada na UBS em que atuam. Anielle ainda destaca a import\u00e2ncia da vacina: &#8220;A vacina\u00e7\u00e3o \u00e9 uma das medidas mais seguras e importantes de preven\u00e7\u00e3o contra doen\u00e7as. \u00c9 muito mais f\u00e1cil prevenir uma doen\u00e7a do que trat\u00e1-la.&#8221;. <\/p>\n\n\n\n<p>De acordo com a Secretaria de Sa\u00fade, a a\u00e7\u00e3o seguir\u00e1 simult\u00e2nea a Campanha de Vacina\u00e7\u00e3o contra a Influenza, iniciada nacionalmente em mar\u00e7o. Devido ao risco de transmiss\u00e3o da covid-19, a primeira fase da vacina contra a gripe, executada de 23 de mar\u00e7o a 15 de abril, foi realizada em domic\u00edlio para atender o grupo de risco composto por idosos com 60 anos de idade ou mais. Nessa nova etapa, as pessoas de 20 a 49 tamb\u00e9m poder\u00e3o receb\u00ea-la nas UBSs.<\/p>\n","protected":false},"excerpt":{"rendered":"<p>Na segunda-feira, dia 11, a Prefeitura do Paudalho deu in\u00edcio a Campanha de Vacina\u00e7\u00e3o contra a Tr\u00edplice Viral. Com exce\u00e7\u00e3o de gestantes, para quem \u00e9 contraindicada, adultos de 20 a 49 anos t\u00eam at\u00e9 o dia 22 de maio para receber a dose da vacina que protege contra tr\u00eas tipos de enfermidades: o sarampo, a [&hellip;]<\/p>\n","protected":false},"author":6,"featured_media":11070,"comment_status":"open","ping_status":"open","sticky":false,"template":"","format":"standard","meta":{"_jetpack_newsletter_access":"","_jetpack_dont_email_post_to_subs":false,"_jetpack_newsletter_tier_id":0,"_jetpack_memberships_contains_paywalled_content":false,"_jetpack_memberships_contains_paid_content":false,"footnotes":""},"categories":[2,3],"tags":[648,16,168],"class_list":["post-10946","post","type-post","status-publish","format-standard","has-post-thumbnail","hentry","category-destaque","category-saude","tag-campanha-de-vacinacao","tag-saude","tag-secretaria-de-saude"],"jetpack_featured_media_url":"https:\/\/www.paudalho.pe.gov.br\/portal\/wp-content\/uploads\/2020\/05\/IMG_4688-scaled.jpg","jetpack_sharing_enabled":true,"jetpack_shortlink":"https:\/\/wp.me\/p98mS2-2Qy","_links":{"self":[{"href":"https:\/\/www.paudalho.pe.gov.br\/portal\/wp-json\/wp\/v2\/posts\/10946","targetHints":{"allow":["GET"]}}],"collection":[{"href":"https:\/\/www.paudalho.pe.gov.br\/portal\/wp-json\/wp\/v2\/posts"}],"about":[{"href":"https:\/\/www.paudalho.pe.gov.br\/portal\/wp-json\/wp\/v2\/types\/post"}],"author":[{"embeddable":true,"href":"https:\/\/www.paudalho.pe.gov.br\/portal\/wp-json\/wp\/v2\/users\/6"}],"replies":[{"embeddable":true,"href":"https:\/\/www.paudalho.pe.gov.br\/portal\/wp-json\/wp\/v2\/comments?post=10946"}],"version-history":[{"count":46,"href":"https:\/\/www.paudalho.pe.gov.br\/portal\/wp-json\/wp\/v2\/posts\/10946\/revisions"}],"predecessor-version":[{"id":11000,"href":"https:\/\/www.paudalho.pe.gov.br\/portal\/wp-json\/wp\/v2\/posts\/10946\/revisions\/11000"}],"wp:featuredmedia":[{"embeddable":true,"href":"https:\/\/www.paudalho.pe.gov.br\/portal\/wp-json\/wp\/v2\/media\/11070"}],"wp:attachment":[{"href":"https:\/\/www.paudalho.pe.gov.br\/portal\/wp-json\/wp\/v2\/media?parent=10946"}],"wp:term":[{"taxonomy":"category","embeddable":true,"href":"https:\/\/www.paudalho.pe.gov.br\/portal\/wp-json\/wp\/v2\/categories?post=10946"},{"taxonomy":"post_tag","embeddable":true,"href":"https:\/\/www.paudalho.pe.gov.br\/portal\/wp-json\/wp\/v2\/tags?post=10946"}],"curies":[{"name":"wp","href":"https:\/\/api.w.org\/{rel}","templated":true}]}}