{"id":10858,"date":"2020-05-04T09:45:27","date_gmt":"2020-05-04T12:45:27","guid":{"rendered":"https:\/\/www.paudalho.pe.gov.br\/portal\/?p=10858"},"modified":"2025-01-08T00:39:52","modified_gmt":"2025-01-08T03:39:52","slug":"prefeitura-do-paudalho-realiza-plano-de-acao-com-o-objetivo-de-organizar-filas-para-saque-do-auxilio-emergencial","status":"publish","type":"post","link":"https:\/\/www.paudalho.pe.gov.br\/portal\/prefeitura-do-paudalho-realiza-plano-de-acao-com-o-objetivo-de-organizar-filas-para-saque-do-auxilio-emergencial\/","title":{"rendered":"Prefeitura do Paudalho realiza Plano de A\u00e7\u00e3o com o objetivo de organizar filas para saque do aux\u00edlio emergencial"},"content":{"rendered":"\n<p>A aglomera\u00e7\u00e3o de pessoas nas filas das Ag\u00eancias da Caixa Econ\u00f4mica Federal para saque do aux\u00edlio emergencial, benef\u00edcio destinado a cidad\u00e3os em situa\u00e7\u00e3o de vulnerabilidade econ\u00f4mica, \u00e9 um problema que pode resultar no aumento no n\u00famero de casos de cont\u00e1gio pelo coronav\u00edrus. Em vista dessa situa\u00e7\u00e3o, nesta segunda-feira (04), a Prefeitura do Paudalho em parceria com a Guarda Civil Municipal (GCM), a Pol\u00edcia Militar (PM) e a Autarquia de Tr\u00e2nsito e Transportes de Paudalho (ATTP) inicia o <strong>Plano de A\u00e7\u00e3o COVID-19 Corredor Banc\u00e1rio<\/strong>.<\/p>\n\n\n\n<p>O Plano busca organizar o&nbsp;fechamento de vias e logradouros p\u00fablicos em torno da \u00e1rea central da cidade onde est\u00e3o localizadas ag\u00eancias banc\u00e1rias e loterias. O objetivo \u00e9 que essa determina\u00e7\u00e3o evite o ajuntamento de cidad\u00e3os e assim diminua o risco de transmiss\u00e3o do v\u00edrus. Para isso, ser\u00e3o feitas interfer\u00eancias diretas. A Secretaria de Obras e Servi\u00e7os P\u00fablicos&nbsp;marcar\u00e1 com pintura fixa sinais de orienta\u00e7\u00e3o do sentido de andamento das filas sobre o pavimento das vias.<\/p>\n\n\n\n<p>Al\u00e9m desse indicativo, agentes da Guarda Civil Municipal e da Autarquia de Tr\u00e2nsito (ATTP) ir\u00e3o acompanhar e dar orienta\u00e7\u00f5es acerca do distanciamento adequado entre as pessoas. O fluxo de ve\u00edculos e usu\u00e1rios ser\u00e1 controlado de forma pontual para otimizar a acessibilidade e garantir a sensa\u00e7\u00e3o de seguran\u00e7a do p\u00fablico. Confira abaixo a lista dos locais interditados e um mapa com detalhes:<\/p>\n\n\n\n<figure class=\"wp-block-table is-style-stripes\"><table><tbody><tr><td><strong>Bloqueio Vi\u00e1rio (\u00e1reas vulner\u00e1veis)<\/strong><\/td><\/tr><tr><td><strong>Rua Doutor Ant\u00f4nio Montenegro&nbsp;<br><\/strong>1 &#8211; Bloqueio: Mercado P\u00fablico \/ Farm\u00e1cia do Trabalhador<\/td><\/tr><tr><td><strong>Rua Conselheiro Jo\u00e3o Alfredo&nbsp;<br><\/strong>1 &#8211; Pr\u00e9-bloqueio: C\u00e2mara de Vereadores \/ Cart\u00f3rio de Registro&nbsp;<br>2 &#8211; Bloqueio Fixo: F\u00f3rum \/ Padaria Delicatessem<\/td><\/tr><tr><td><strong>Rua Doutor Jos\u00e9 Mariano<br><\/strong>1 &#8211; Autarquia de Tr\u00e2nsito e Transportes de Paudalho (ATTP) \/ Auto Escola<\/td><\/tr><tr><td><strong>Rua Genu\u00edno Silva<br><\/strong>1- Loteria \/ Lenhadores<\/td><\/tr><\/tbody><\/table><\/figure>\n\n\n\n<figure class=\"wp-block-image size-large\"><img loading=\"lazy\" decoding=\"async\" width=\"1280\" height=\"690\" data-attachment-id=\"10859\" data-permalink=\"https:\/\/www.paudalho.pe.gov.br\/portal\/prefeitura-do-paudalho-realiza-plano-de-acao-com-o-objetivo-de-organizar-filas-para-saque-do-auxilio-emergencial\/whatsapp-image-2020-05-02-at-13-07-39\/\" data-orig-file=\"https:\/\/www.paudalho.pe.gov.br\/portal\/wp-content\/uploads\/2020\/05\/WhatsApp-Image-2020-05-02-at-13.07.39.jpeg\" data-orig-size=\"1280,690\" data-comments-opened=\"1\" data-image-meta=\"{&quot;aperture&quot;:&quot;0&quot;,&quot;credit&quot;:&quot;&quot;,&quot;camera&quot;:&quot;&quot;,&quot;caption&quot;:&quot;&quot;,&quot;created_timestamp&quot;:&quot;0&quot;,&quot;copyright&quot;:&quot;&quot;,&quot;focal_length&quot;:&quot;0&quot;,&quot;iso&quot;:&quot;0&quot;,&quot;shutter_speed&quot;:&quot;0&quot;,&quot;title&quot;:&quot;&quot;,&quot;orientation&quot;:&quot;0&quot;}\" data-image-title=\"WhatsApp-Image-2020-05-02-at-13.07.39\" data-image-description=\"\" data-image-caption=\"\" data-medium-file=\"https:\/\/www.paudalho.pe.gov.br\/portal\/wp-content\/uploads\/2020\/05\/WhatsApp-Image-2020-05-02-at-13.07.39-350x230.jpeg\" data-large-file=\"https:\/\/www.paudalho.pe.gov.br\/portal\/wp-content\/uploads\/2020\/05\/WhatsApp-Image-2020-05-02-at-13.07.39-800x450.jpeg\" src=\"https:\/\/i2.wp.com\/www.paudalho.pe.gov.br\/portal\/wp-content\/uploads\/2020\/05\/WhatsApp-Image-2020-05-02-at-13.07.39.jpeg?resize=800%2C450&amp;ssl=1\" alt=\"\" class=\"wp-image-10859\" srcset=\"https:\/\/www.paudalho.pe.gov.br\/portal\/wp-content\/uploads\/2020\/05\/WhatsApp-Image-2020-05-02-at-13.07.39.jpeg 1280w, https:\/\/www.paudalho.pe.gov.br\/portal\/wp-content\/uploads\/2020\/05\/WhatsApp-Image-2020-05-02-at-13.07.39-768x414.jpeg 768w\" sizes=\"auto, (max-width: 1280px) 100vw, 1280px\" \/><figcaption><em>Representa\u00e7\u00e3o gr\u00e1fica do Corredor Banc\u00e1rio, localizado no Centro do munic\u00edpio do Paudalho. Fonte: Guarda Civil Municipal (GCM). <\/em><\/figcaption><\/figure>\n\n\n\n<h3 class=\"wp-block-heading\">Plant\u00e3o de Sa\u00fade<\/h3>\n\n\n\n<p>A a\u00e7\u00e3o tamb\u00e9m conta com a colabora\u00e7\u00e3o da Secretaria de Sa\u00fade, &nbsp;que prestar\u00e1 apoio aos mun\u00edcipes por meio do <strong>Plant\u00e3o da Sa\u00fade<\/strong>. Ser\u00e3o disponibilizadas ambul\u00e2ncias e profissionais habilitados no intuito de atender emerg\u00eancias no local. Tamb\u00e9m haver\u00e3o agentes capacitados para passar orienta\u00e7\u00f5es a respeito do distanciamento seguro e dos cuidados que devem ser tomados durante o momento. <\/p>\n","protected":false},"excerpt":{"rendered":"<p>A partir desta segunda-feira (04), a Prefeitura do Paudalho, munic\u00edpio localizado na Zona da Mata, adota o Plano de A\u00e7\u00e3o COVID-19 Corredor Banc\u00e1rio. A medida tem como objetivo evitar a aglomera\u00e7\u00e3o de pessoas nas filas das Ag\u00eancias da Caixa Econ\u00f4mica Federal para o saque do aux\u00edlio emergencial. <\/p>\n","protected":false},"author":6,"featured_media":10896,"comment_status":"open","ping_status":"open","sticky":false,"template":"","format":"standard","meta":{"_jetpack_newsletter_access":"","_jetpack_dont_email_post_to_subs":false,"_jetpack_newsletter_tier_id":0,"_jetpack_memberships_contains_paywalled_content":false,"_jetpack_memberships_contains_paid_content":false,"footnotes":""},"categories":[2,42,1,3],"tags":[636,646,645],"class_list":["post-10858","post","type-post","status-publish","format-standard","has-post-thumbnail","hentry","category-destaque","category-economia","category-noticias","category-saude","tag-auxilio-emergencial","tag-guarda-civil-municipal","tag-medida"],"jetpack_featured_media_url":"https:\/\/www.paudalho.pe.gov.br\/portal\/wp-content\/uploads\/2020\/05\/WhatsApp-Image-2020-05-04-at-07.05.51.jpeg","jetpack_sharing_enabled":true,"jetpack_shortlink":"https:\/\/wp.me\/p98mS2-2P8","_links":{"self":[{"href":"https:\/\/www.paudalho.pe.gov.br\/portal\/wp-json\/wp\/v2\/posts\/10858","targetHints":{"allow":["GET"]}}],"collection":[{"href":"https:\/\/www.paudalho.pe.gov.br\/portal\/wp-json\/wp\/v2\/posts"}],"about":[{"href":"https:\/\/www.paudalho.pe.gov.br\/portal\/wp-json\/wp\/v2\/types\/post"}],"author":[{"embeddable":true,"href":"https:\/\/www.paudalho.pe.gov.br\/portal\/wp-json\/wp\/v2\/users\/6"}],"replies":[{"embeddable":true,"href":"https:\/\/www.paudalho.pe.gov.br\/portal\/wp-json\/wp\/v2\/comments?post=10858"}],"version-history":[{"count":39,"href":"https:\/\/www.paudalho.pe.gov.br\/portal\/wp-json\/wp\/v2\/posts\/10858\/revisions"}],"predecessor-version":[{"id":10903,"href":"https:\/\/www.paudalho.pe.gov.br\/portal\/wp-json\/wp\/v2\/posts\/10858\/revisions\/10903"}],"wp:featuredmedia":[{"embeddable":true,"href":"https:\/\/www.paudalho.pe.gov.br\/portal\/wp-json\/wp\/v2\/media\/10896"}],"wp:attachment":[{"href":"https:\/\/www.paudalho.pe.gov.br\/portal\/wp-json\/wp\/v2\/media?parent=10858"}],"wp:term":[{"taxonomy":"category","embeddable":true,"href":"https:\/\/www.paudalho.pe.gov.br\/portal\/wp-json\/wp\/v2\/categories?post=10858"},{"taxonomy":"post_tag","embeddable":true,"href":"https:\/\/www.paudalho.pe.gov.br\/portal\/wp-json\/wp\/v2\/tags?post=10858"}],"curies":[{"name":"wp","href":"https:\/\/api.w.org\/{rel}","templated":true}]}}