{"id":10774,"date":"2020-04-20T20:39:24","date_gmt":"2020-04-20T23:39:24","guid":{"rendered":"https:\/\/www.paudalho.pe.gov.br\/portal\/?p=10774"},"modified":"2020-04-20T20:39:24","modified_gmt":"2020-04-20T23:39:24","slug":"hospital-municipal-de-paudalho-tera-ala-exclusiva-para-tratamento-da-covid-19","status":"publish","type":"post","link":"https:\/\/www.paudalho.pe.gov.br\/portal\/hospital-municipal-de-paudalho-tera-ala-exclusiva-para-tratamento-da-covid-19\/","title":{"rendered":"Hospital Municipal de Paudalho ter\u00e1 Ala exclusiva para tratamento da COVID-19"},"content":{"rendered":"\n<p>A Prefeitura do Paudalho divulgou nesta segunda-feira (20) que o munic\u00edpio contar\u00e1 com Ala exclusiva para o tratamento de pessoas com a COVID-19. De acordo com o a Secretaria de Sa\u00fade, os leitos de retaguarda funcionar\u00e3o no Hospital Municipal de Paudalho, onde ser\u00e3o disponibilizados 30 leitos mais sala vermelha para o atendimento.<\/p>\n\n\n\n<p>Ainda segundo a Secretaria, est\u00e3o sendo providenciadas para o funcionamento a aquisi\u00e7\u00e3o de equipamentos, contrata\u00e7\u00e3o dos profissionais da Sa\u00fade, EPIs e a pactua\u00e7\u00e3o junto ao Governo de Pernambuco. \u201cN\u00f3s entendemos a gravidade da situa\u00e7\u00e3o e por isso vamos criar esse atendimento exclusivo ao paciente da COVID-19. Agora o que nos importa verdadeiramente \u00e9 a popula\u00e7\u00e3o paudalhense. Iremos fazer o que for necess\u00e1rio para que o nosso povo fique bem. Paudalho est\u00e1 fazendo a sua parte. Juntos venceremos essa pandemia do coronav\u00edrus\u201d, comentou o prefeito da cidade, Marcelo Gouveia. A expectativa \u00e9 que a Ala comece a funcionar a partir do m\u00eas de maio.<\/p>\n\n\n\n<h3 class=\"wp-block-heading\">Munic\u00edpio empenhado na luta contra o coronav\u00edrus<\/h3>\n\n\n\n<p>Com foco no combate da COVID-19, a Prefeitura ainda criou um calend\u00e1rio de higieniza\u00e7\u00e3o dos bairros da cidade. A a\u00e7\u00e3o \u00e9 realizada em uma parceria da Secretaria de Sa\u00fade, Vigil\u00e2ncia Ambiental e Secretaria de Desenvolvimento Urbano e Agr\u00e1rio. Al\u00e9m disso, a gest\u00e3o municipal em parceria com a Cooperativa de Costura e Confec\u00e7\u00e3o de Paudalho est\u00e1 confeccionando cerca de 120 mil m\u00e1scaras de tecido. O primeiro lote com 30 mil j\u00e1 est\u00e1 sendo distribu\u00eddo pelos agentes de sa\u00fade do munic\u00edpio \u00e0 popula\u00e7\u00e3o.<\/p>\n","protected":false},"excerpt":{"rendered":"<p>A Prefeitura do Paudalho divulgou nesta segunda-feira (20) que o munic\u00edpio contar\u00e1 com Ala exclusiva para o tratamento de pessoas com a COVID-19. De acordo com o a Secretaria de Sa\u00fade, os leitos de retaguarda funcionar\u00e3o no Hospital Municipal de Paudalho, onde ser\u00e3o disponibilizados 30 leitos mais sala vermelha para o atendimento. Ainda segundo a [&hellip;]<\/p>\n","protected":false},"author":4,"featured_media":10777,"comment_status":"open","ping_status":"open","sticky":false,"template":"","format":"standard","meta":{"_jetpack_newsletter_access":"","_jetpack_dont_email_post_to_subs":false,"_jetpack_newsletter_tier_id":0,"_jetpack_memberships_contains_paywalled_content":false,"_jetpack_memberships_contains_paid_content":false,"footnotes":""},"categories":[2,1,3],"tags":[16],"class_list":["post-10774","post","type-post","status-publish","format-standard","has-post-thumbnail","hentry","category-destaque","category-noticias","category-saude","tag-saude"],"jetpack_featured_media_url":"https:\/\/www.paudalho.pe.gov.br\/portal\/wp-content\/uploads\/2020\/04\/WhatsApp-Image-2020-04-20-at-20.09.34-2.jpeg","jetpack_sharing_enabled":true,"jetpack_shortlink":"https:\/\/wp.me\/p98mS2-2NM","_links":{"self":[{"href":"https:\/\/www.paudalho.pe.gov.br\/portal\/wp-json\/wp\/v2\/posts\/10774","targetHints":{"allow":["GET"]}}],"collection":[{"href":"https:\/\/www.paudalho.pe.gov.br\/portal\/wp-json\/wp\/v2\/posts"}],"about":[{"href":"https:\/\/www.paudalho.pe.gov.br\/portal\/wp-json\/wp\/v2\/types\/post"}],"author":[{"embeddable":true,"href":"https:\/\/www.paudalho.pe.gov.br\/portal\/wp-json\/wp\/v2\/users\/4"}],"replies":[{"embeddable":true,"href":"https:\/\/www.paudalho.pe.gov.br\/portal\/wp-json\/wp\/v2\/comments?post=10774"}],"version-history":[{"count":1,"href":"https:\/\/www.paudalho.pe.gov.br\/portal\/wp-json\/wp\/v2\/posts\/10774\/revisions"}],"predecessor-version":[{"id":10776,"href":"https:\/\/www.paudalho.pe.gov.br\/portal\/wp-json\/wp\/v2\/posts\/10774\/revisions\/10776"}],"wp:featuredmedia":[{"embeddable":true,"href":"https:\/\/www.paudalho.pe.gov.br\/portal\/wp-json\/wp\/v2\/media\/10777"}],"wp:attachment":[{"href":"https:\/\/www.paudalho.pe.gov.br\/portal\/wp-json\/wp\/v2\/media?parent=10774"}],"wp:term":[{"taxonomy":"category","embeddable":true,"href":"https:\/\/www.paudalho.pe.gov.br\/portal\/wp-json\/wp\/v2\/categories?post=10774"},{"taxonomy":"post_tag","embeddable":true,"href":"https:\/\/www.paudalho.pe.gov.br\/portal\/wp-json\/wp\/v2\/tags?post=10774"}],"curies":[{"name":"wp","href":"https:\/\/api.w.org\/{rel}","templated":true}]}}