{"id":10721,"date":"2020-04-13T21:54:18","date_gmt":"2020-04-14T00:54:18","guid":{"rendered":"https:\/\/www.paudalho.pe.gov.br\/portal\/?p=10721"},"modified":"2020-04-13T21:54:18","modified_gmt":"2020-04-14T00:54:18","slug":"com-foco-no-combate-do-coronavirus-paudalho-realiza-acoes-de-higienizacao-em-ruas-e-espacos-publicos","status":"publish","type":"post","link":"https:\/\/www.paudalho.pe.gov.br\/portal\/com-foco-no-combate-do-coronavirus-paudalho-realiza-acoes-de-higienizacao-em-ruas-e-espacos-publicos\/","title":{"rendered":"Com foco no combate do coronav\u00edrus, Paudalho realiza a\u00e7\u00f5es de higieniza\u00e7\u00e3o em ruas e espa\u00e7os p\u00fablicos"},"content":{"rendered":"\n<p>A Prefeitura do Paudalho segue realizando a\u00e7\u00f5es com foco no combate do coronav\u00edrus. Na noite da \u00faltima ter\u00e7a-feira (7) ruas e espa\u00e7os p\u00fablicos foram totalmente higienizados.&nbsp;<\/p>\n\n\n\n<p>O objetivo da programa\u00e7\u00e3o foi de preservar o bem-estar de cada fam\u00edlia paudalhense. A a\u00e7\u00e3o \u00e9 realizada em uma parceria da Secretaria de Sa\u00fade, Vigil\u00e2ncia Ambiental e Secretaria de Desenvolvimento Urbano e Agr\u00e1rio. A expectativa \u00e9 que a medida siga ocorrendo durante os pr\u00f3ximos dois meses podendo ser estendida se houver necessidade.&nbsp;<\/p>\n\n\n\n<h4 class=\"wp-block-heading\">Confira o cronograma de higieniza\u00e7\u00e3o do m\u00eas de abril abaixo:<\/h4>\n\n\n\n<p>13\/04 &#8211; Guadalajara&nbsp;<\/p>\n\n\n\n<p>13 a 17\/04 &#8211; v\u00e1rios bairros&nbsp;<\/p>\n\n\n\n<p>14\/05 &#8211; Vila da Pista, Ch\u00e3 de Conselho e Ch\u00e3 de Cruz&nbsp;<\/p>\n\n\n\n<p>15\/04 &#8211; Centro, Rosarinho e Desterro<\/p>\n\n\n\n<p>17\/04 Centro<\/p>\n","protected":false},"excerpt":{"rendered":"<p>A Prefeitura do Paudalho segue realizando a\u00e7\u00f5es com foco no combate do coronav\u00edrus. Na noite da \u00faltima ter\u00e7a-feira (7) ruas e espa\u00e7os p\u00fablicos foram totalmente higienizados.&nbsp; O objetivo da programa\u00e7\u00e3o foi de preservar o bem-estar de cada fam\u00edlia paudalhense. A a\u00e7\u00e3o \u00e9 realizada em uma parceria da Secretaria de Sa\u00fade, Vigil\u00e2ncia Ambiental e Secretaria de [&hellip;]<\/p>\n","protected":false},"author":4,"featured_media":10722,"comment_status":"open","ping_status":"open","sticky":false,"template":"","format":"standard","meta":{"_jetpack_newsletter_access":"","_jetpack_dont_email_post_to_subs":false,"_jetpack_newsletter_tier_id":0,"_jetpack_memberships_contains_paywalled_content":false,"_jetpack_memberships_contains_paid_content":false,"footnotes":""},"categories":[2,1,3],"tags":[621,16],"class_list":["post-10721","post","type-post","status-publish","format-standard","has-post-thumbnail","hentry","category-destaque","category-noticias","category-saude","tag-coronavirus","tag-saude"],"jetpack_featured_media_url":"https:\/\/www.paudalho.pe.gov.br\/portal\/wp-content\/uploads\/2020\/04\/7496FDCA-4B61-422A-9EA3-6F70351D5F76.jpeg","jetpack_sharing_enabled":true,"jetpack_shortlink":"https:\/\/wp.me\/p98mS2-2MV","_links":{"self":[{"href":"https:\/\/www.paudalho.pe.gov.br\/portal\/wp-json\/wp\/v2\/posts\/10721","targetHints":{"allow":["GET"]}}],"collection":[{"href":"https:\/\/www.paudalho.pe.gov.br\/portal\/wp-json\/wp\/v2\/posts"}],"about":[{"href":"https:\/\/www.paudalho.pe.gov.br\/portal\/wp-json\/wp\/v2\/types\/post"}],"author":[{"embeddable":true,"href":"https:\/\/www.paudalho.pe.gov.br\/portal\/wp-json\/wp\/v2\/users\/4"}],"replies":[{"embeddable":true,"href":"https:\/\/www.paudalho.pe.gov.br\/portal\/wp-json\/wp\/v2\/comments?post=10721"}],"version-history":[{"count":1,"href":"https:\/\/www.paudalho.pe.gov.br\/portal\/wp-json\/wp\/v2\/posts\/10721\/revisions"}],"predecessor-version":[{"id":10723,"href":"https:\/\/www.paudalho.pe.gov.br\/portal\/wp-json\/wp\/v2\/posts\/10721\/revisions\/10723"}],"wp:featuredmedia":[{"embeddable":true,"href":"https:\/\/www.paudalho.pe.gov.br\/portal\/wp-json\/wp\/v2\/media\/10722"}],"wp:attachment":[{"href":"https:\/\/www.paudalho.pe.gov.br\/portal\/wp-json\/wp\/v2\/media?parent=10721"}],"wp:term":[{"taxonomy":"category","embeddable":true,"href":"https:\/\/www.paudalho.pe.gov.br\/portal\/wp-json\/wp\/v2\/categories?post=10721"},{"taxonomy":"post_tag","embeddable":true,"href":"https:\/\/www.paudalho.pe.gov.br\/portal\/wp-json\/wp\/v2\/tags?post=10721"}],"curies":[{"name":"wp","href":"https:\/\/api.w.org\/{rel}","templated":true}]}}